{"id":279773,"date":"2025-07-28T14:30:11","date_gmt":"2025-07-28T14:30:11","guid":{"rendered":"https:\/\/www.europesays.com\/fr\/279773\/"},"modified":"2025-07-28T14:30:11","modified_gmt":"2025-07-28T14:30:11","slug":"une-personne-dans-le-coma-apres-une-agression-a-calvi-en-haute-corse-cinq-suspects-en-garde-a-vue","status":"publish","type":"post","link":"https:\/\/www.europesays.com\/fr\/279773\/","title":{"rendered":"Une personne dans le coma apr\u00e8s une agression \u00e0 Calvi en Haute-Corse, cinq suspects en garde \u00e0 vue"},"content":{"rendered":"<p>Une victime dans le coma, cinq personnes en garde \u00e0 vue et une information judiciaire ouverte pour des \u00ab\u00a0violences aggrav\u00e9es\u00a0\u00bb. \u00c0 ce stade de l&rsquo;enqu\u00eate, difficile de savoir quelles sont les circonstances exactes des faits survenus dans la nuit du <strong>vendredi 25 au samedi 26<\/strong> juillet dans le centre-ville de <strong>Calvi.<\/strong><\/p>\n<p>Plac\u00e9s en garde \u00e0 vue durant le week-end, ces hommes vont \u00eatre d\u00e9f\u00e9r\u00e9s devant le parquet de Bastia ce lundi 28 juillet \u00e0 la suite de ce que l&rsquo;accusation d\u00e9crit comme une \u00ab\u00a0violente agression.\u00a0\u00bb<\/p>\n<p>\u00ab\u00a0Trois personnes venues en Corse dans un cadre touristique et familial\u00a0\u00bb<\/p>\n<p>\u00ab\u00a0Cette pr\u00e9sentation fait suite \u00e0 l&rsquo;agression de trois personnes venues en Corse dans un cadre touristique et familial, explique le procureur de la R\u00e9publique de Bastia, Jean-Philippe Navarre. Au terme des investigations, celles-ci apparaissent avoir \u00e9t\u00e9 victimes de violences en r\u00e9union apr\u00e8s un premier \u00e9change verbal.\u00a0\u00bb<\/p>\n<p>Selon les informations de Corse-Matin, les faits se sont d\u00e9roul\u00e9s vers 6 heures du matin sur un parking aux abords de la citadelle de Calvi, en marge d&rsquo;une soir\u00e9e dans un \u00e9tablissement voisin.<\/p>\n<p>Au cours de cette agression, trois personnes ont \u00e9t\u00e9 bless\u00e9es et prises en charge par les services de secours, dont une gri\u00e8vement bless\u00e9e, qui demeure \u00e0 ce jour dans le coma, dans un \u00e9tat jug\u00e9 \u00ab\u00a0critique\u00a0\u00bb.<\/p>\n<p>Les cinq suspects, tous originaires de la r\u00e9gion de Calvi, sont entendus dans le cadre d&rsquo;une information judiciaire ouverte des chefs de \u00ab\u00a0violences volontaires aggrav\u00e9es\u00a0\u00bb et \u00ab\u00a0non-assistance \u00e0 personne en danger\u00a0\u00bb.<\/p>\n<p>Les investigations ont \u00e9t\u00e9 confi\u00e9es \u00e0 la brigade de recherche de la compagnie de gendarmerie de Calvi.<\/p>\n","protected":false},"excerpt":{"rendered":"Une victime dans le coma, cinq personnes en garde \u00e0 vue et une information judiciaire ouverte pour des&hellip;\n","protected":false},"author":2,"featured_media":279774,"comment_status":"","ping_status":"","sticky":false,"template":"","format":"standard","meta":{"footnotes":""},"categories":[4],"tags":[17,11,150,1102,5624,8982,1446,274,1011,27,12,29595,25,96],"class_list":{"0":"post-279773","1":"post","2":"type-post","3":"status-publish","4":"format-standard","5":"has-post-thumbnail","7":"category-france","8":"tag-17","9":"tag-actualites","10":"tag-apres","11":"tag-breakingnews","12":"tag-calvi","13":"tag-coma","14":"tag-dans","15":"tag-faits-divers-justice","16":"tag-fr","17":"tag-france","18":"tag-news","19":"tag-personne","20":"tag-republique-francaise","21":"tag-une"},"share_on_mastodon":{"url":"https:\/\/pubeurope.com\/@fr\/114931343446343998","error":""},"_links":{"self":[{"href":"https:\/\/www.europesays.com\/fr\/wp-json\/wp\/v2\/posts\/279773","targetHints":{"allow":["GET"]}}],"collection":[{"href":"https:\/\/www.europesays.com\/fr\/wp-json\/wp\/v2\/posts"}],"about":[{"href":"https:\/\/www.europesays.com\/fr\/wp-json\/wp\/v2\/types\/post"}],"author":[{"embeddable":true,"href":"https:\/\/www.europesays.com\/fr\/wp-json\/wp\/v2\/users\/2"}],"replies":[{"embeddable":true,"href":"https:\/\/www.europesays.com\/fr\/wp-json\/wp\/v2\/comments?post=279773"}],"version-history":[{"count":0,"href":"https:\/\/www.europesays.com\/fr\/wp-json\/wp\/v2\/posts\/279773\/revisions"}],"wp:featuredmedia":[{"embeddable":true,"href":"https:\/\/www.europesays.com\/fr\/wp-json\/wp\/v2\/media\/279774"}],"wp:attachment":[{"href":"https:\/\/www.europesays.com\/fr\/wp-json\/wp\/v2\/media?parent=279773"}],"wp:term":[{"taxonomy":"category","embeddable":true,"href":"https:\/\/www.europesays.com\/fr\/wp-json\/wp\/v2\/categories?post=279773"},{"taxonomy":"post_tag","embeddable":true,"href":"https:\/\/www.europesays.com\/fr\/wp-json\/wp\/v2\/tags?post=279773"}],"curies":[{"name":"wp","href":"https:\/\/api.w.org\/{rel}","templated":true}]}}