{"id":279783,"date":"2025-07-28T14:35:16","date_gmt":"2025-07-28T14:35:16","guid":{"rendered":"https:\/\/www.europesays.com\/fr\/279783\/"},"modified":"2025-07-28T14:35:16","modified_gmt":"2025-07-28T14:35:16","slug":"nancy-une-plaque-en-hommage-au-leader-israelien-yitzhak-rabin-vandalisee-au-parc-de-la-pepiniere-la-ville-denonce-un-acte-antisemite-et-depose-plainte","status":"publish","type":"post","link":"https:\/\/www.europesays.com\/fr\/279783\/","title":{"rendered":"Nancy Une plaque en hommage au leader isra\u00e9lien Yitzhak Rabin vandalis\u00e9e au parc de la P\u00e9pini\u00e8re, la Ville d\u00e9nonce un acte antis\u00e9mite et d\u00e9pose plainte"},"content":{"rendered":"<p>Il n\u2019en reste rien. Des morceaux de bois dispers\u00e9s au pied de l\u2019arbre\u00a0: la plaque en hommage prix Nobel de la paix 1994 <a href=\"https:\/\/www.estrepublicain.fr\/societe\/2022\/11\/09\/hommage-a-yitzhak-rabin\" target=\"_blank\" rel=\"noopener\">Yitzhak Rabin<\/a> au parc de la P\u00e9pini\u00e8re a \u00e9t\u00e9 vandalis\u00e9e.<\/p>\n<p>Cette plaque avait \u00e9t\u00e9 <a href=\"https:\/\/www.estrepublicain.fr\/societe\/2024\/11\/03\/hommage-rendu-a-yitzhak-rabin-l-homme-qui-voulait-la-paix\" target=\"_blank\" rel=\"noopener\">d\u00e9pos\u00e9e au pied<\/a> d\u2019un robinier plant\u00e9 par <a href=\"https:\/\/www.estrepublicain.fr\/p\/andre-rossinot\" target=\"_blank\" rel=\"noopener\">Andr\u00e9 Rossinot<\/a>. Consid\u00e9r\u00e9 comme un artisan de la paix au proche orient, <a href=\"https:\/\/www.estrepublicain.fr\/politique\/2023\/11\/05\/ils-rendent-hommage-a-yitzhak-rabin-assassine-il-y-a-28-ans\" target=\"_blank\" rel=\"noopener\">Yitzhak Rabin<\/a> a \u00e9t\u00e9 Premier ministre d\u2019Isra\u00ebl.<\/p>\n<p>C\u2019est lui qui a sign\u00e9 les <a href=\"https:\/\/www.republicain-lorrain.fr\/defense-guerre-conflit\/2023\/09\/13\/accords-d-oslo-30-ans-apres-chronique-d-un-espoir-de-paix-decu\" target=\"_blank\" rel=\"noopener\">accords d\u2019Oslo<\/a> en 1994 avec le leader palestinien, Yasser Arafat, pr\u00e9sident de l\u2019Organisation de lib\u00e9ration de la Palestine (OLP).\u00a0La photo de leur poign\u00e9e de main historique \u00e0 la Maison Blanche devant le pr\u00e9sident am\u00e9ricain <a href=\"https:\/\/www.estrepublicain.fr\/p\/bill-clinton\" target=\"_blank\" rel=\"noopener\">Bill Clinton<\/a> avait fait le tour du monde.<\/p>\n<p>Cet accord visait \u00e0 instaurer un processus de paix en cr\u00e9ant une autorit\u00e9 palestinienne et en \u00e9tablissant la reconnaissance mutuelle entre les deux parties.<\/p>\n<p>Yitzhak Rabin a \u00e9t\u00e9 assassin\u00e9 le 4\u00a0novembre 1995 au cours d\u2019un rassemblement pour la paix \u00e0 Tel-Aviv\u00a0: un extr\u00e9miste juif oppos\u00e9 \u00e0 l\u2019initiative de paix et \u00e0 la signature des accords d\u2019Oslo lui avait tir\u00e9 dessus au pistolet automatique. Depuis, la communaut\u00e9 juive de Nancy comm\u00e9more chaque ann\u00e9e la disparition de l\u2019ancien Premier ministre isra\u00e9lien Yitzhak Rabin autour de cette plaque. Ce lundi 28\u00a0juillet 2025, le maire de Nancy a condamn\u00e9 \u00ab\u00a0l\u2019acte imb\u00e9cile\u00a0que repr\u00e9sente la destruction de la plaque\u00a0\u00bb. \u00ab\u00a0Il n\u2019y aura \u00e0 Nancy aucune place ni aucune excuse pour l\u2019antis\u00e9mitisme et le racisme\u00a0\u00bb, a d\u00e9clar\u00e9 <a href=\"https:\/\/www.estrepublicain.fr\/p\/mathieu-klein\" target=\"_blank\" rel=\"noopener\">Mathieu Klein<\/a> sur son compte Facebook.\u00a0Le maire a \u00e9galement annonc\u00e9 le d\u00e9p\u00f4t d\u2019une plainte par la Ville. Et assure que \u00ab\u00a0la plaque sera rapidement restaur\u00e9e\u00a0\u00bb.<\/p>\n<p>Ce contenu est bloqu\u00e9 car vous n&rsquo;avez pas accept\u00e9 les cookies et autres traceurs.<\/p>\n<p>En cliquant sur \u00ab J\u2019accepte \u00bb, les cookies et autres traceurs seront d\u00e9pos\u00e9s et vous pourrez visualiser les contenus  (<a href=\"\" class=\"consentModule_policy\" target=\"_blank\" title=\"Consulter la politique de protection des donn\u00e9es du fournisseur\">plus d&rsquo;informations<\/a>).<\/p>\n<p>En cliquant sur \u00ab J\u2019accepte tous les cookies \u00bb, vous autorisez des d\u00e9p\u00f4ts de cookies et autres traceurs pour le stockage de vos donn\u00e9es sur nos sites et applications \u00e0 des fins de personnalisation et de ciblage publicitaire.<\/p>\n<p class=\"consentModule_secondaryText\">Vous gardez la possibilit\u00e9 de retirer votre consentement \u00e0 tout moment en consultant notre <a href=\"https:\/\/www.estrepublicain.fr\/protection-des-donnees\" target=\"_blank\" title=\"Consulter notre politique de protection des donn\u00e9es\" rel=\"noopener\">politique de protection des donn\u00e9es<\/a>. <br \/>&#13;<br \/>\n            <a href=\"https:\/\/www.estrepublicain.fr\/faits-divers-justice\/2025\/07\/28\/javascript:Didomi.notice.show()\" class=\"consentModule_cmp\" target=\"_blank\" rel=\"noopener\">G\u00e9rer mes choix<\/a>&#13;\n        <\/p>\n<p>&#13;<br \/>\n                        J&rsquo;accepte&#13;<br \/>\n            J&rsquo;accepte tous les cookies&#13;\n        <\/p>\n","protected":false},"excerpt":{"rendered":"Il n\u2019en reste rien. Des morceaux de bois dispers\u00e9s au pied de l\u2019arbre\u00a0: la plaque en hommage prix&hellip;\n","protected":false},"author":2,"featured_media":279784,"comment_status":"","ping_status":"","sticky":false,"template":"","format":"standard","meta":{"footnotes":""},"categories":[9635],"tags":[1111,11,1704,1777,674,274,1011,27,775,937,1702,1703,12,25,104],"class_list":{"0":"post-279783","1":"post","2":"type-post","3":"status-publish","4":"format-standard","5":"has-post-thumbnail","7":"category-nancy","8":"tag-actu","9":"tag-actualites","10":"tag-edition-nancy-et-agglomeration","11":"tag-eu","12":"tag-europe","13":"tag-faits-divers-justice","14":"tag-fr","15":"tag-france","16":"tag-grand-est","17":"tag-histoire","18":"tag-nancy","19":"tag-nancy-ville-54b","20":"tag-news","21":"tag-republique-francaise","22":"tag-societe"},"share_on_mastodon":{"url":"https:\/\/pubeurope.com\/@fr\/114931363095956664","error":""},"_links":{"self":[{"href":"https:\/\/www.europesays.com\/fr\/wp-json\/wp\/v2\/posts\/279783","targetHints":{"allow":["GET"]}}],"collection":[{"href":"https:\/\/www.europesays.com\/fr\/wp-json\/wp\/v2\/posts"}],"about":[{"href":"https:\/\/www.europesays.com\/fr\/wp-json\/wp\/v2\/types\/post"}],"author":[{"embeddable":true,"href":"https:\/\/www.europesays.com\/fr\/wp-json\/wp\/v2\/users\/2"}],"replies":[{"embeddable":true,"href":"https:\/\/www.europesays.com\/fr\/wp-json\/wp\/v2\/comments?post=279783"}],"version-history":[{"count":0,"href":"https:\/\/www.europesays.com\/fr\/wp-json\/wp\/v2\/posts\/279783\/revisions"}],"wp:featuredmedia":[{"embeddable":true,"href":"https:\/\/www.europesays.com\/fr\/wp-json\/wp\/v2\/media\/279784"}],"wp:attachment":[{"href":"https:\/\/www.europesays.com\/fr\/wp-json\/wp\/v2\/media?parent=279783"}],"wp:term":[{"taxonomy":"category","embeddable":true,"href":"https:\/\/www.europesays.com\/fr\/wp-json\/wp\/v2\/categories?post=279783"},{"taxonomy":"post_tag","embeddable":true,"href":"https:\/\/www.europesays.com\/fr\/wp-json\/wp\/v2\/tags?post=279783"}],"curies":[{"name":"wp","href":"https:\/\/api.w.org\/{rel}","templated":true}]}}