{"id":279793,"date":"2025-07-28T14:40:09","date_gmt":"2025-07-28T14:40:09","guid":{"rendered":"https:\/\/www.europesays.com\/fr\/279793\/"},"modified":"2025-07-28T14:40:09","modified_gmt":"2025-07-28T14:40:09","slug":"un-accident-et-des-ralentissements-dans-le-secteur-de-rouen","status":"publish","type":"post","link":"https:\/\/www.europesays.com\/fr\/279793\/","title":{"rendered":"un accident et des ralentissements dans le secteur de Rouen"},"content":{"rendered":"<p>            Par<br \/>\n        <strong><br \/>\n            <a href=\"https:\/\/actu.fr\/auteur\/aurelien-delavaud\" title=\"Consulter tous les articles de Aur\u00e9lien Delavaud\" target=\"_blank\" rel=\"noopener\">Aur\u00e9lien Delavaud<\/a><br \/>\n        <\/strong><\/p>\n<p>        Publi\u00e9 le<\/p>\n<p>            28 juil. 2025 \u00e0 15h36        <\/p>\n<p>Un <b>accident de la circulation<\/b> s\u2019est produit en d\u00e9but d\u2019apr\u00e8s-midi, le lundi 28\u00a0juillet 2025, sur l\u2019<b>autoroute A13<\/b>, aux abords de Rouen (Seine-Maritime).<\/p>\n<p class=\" wall-content\">Plus pr\u00e9cis\u00e9ment, il s\u2019est pass\u00e9 \u00e0 hauteur de la commune de <a href=\"https:\/\/actu.fr\/normandie\/sotteville-sous-le-val_76682\" target=\"_blank\" rel=\"noopener\">Sotteville-sous-le-Val<\/a>, en direction de Caen.<\/p>\n<p>Des ralentissements dans le secteur<\/p>\n<p class=\" wall-content\">Selon les informations diffus\u00e9es par la <b>Sanef<\/b>, deux v\u00e9hicules seraient impliqu\u00e9s dans cet accident.<\/p>\n<p class=\" wall-content\">\u00c0 cause de la neutralisation de la voie de droite, des <b>ralentissements<\/b> sont \u00e0 noter dans le secteur.<\/p>\n<p class=\" wall-content\">En effet, vers 15\u2009h, Bison fut\u00e9 annon\u00e7ait environ un kilom\u00e8tre de bouchons avant l\u2019accident, depuis la sortie de Criquebeuf-sur-Seine.<\/p>\n<p class=\" wall-content\">De son c\u00f4t\u00e9, le <b>Service d\u00e9partemental d\u2019incendie et de secours de la Seine-Maritime (Sdis 76)<\/b> indique qu\u2019il n\u2019y a pas d\u2019intervention des pompiers en cours sur l\u2019A13. Une information qui laisse \u00e0 penser que cet accident n\u2019a fait que des d\u00e9g\u00e2ts mat\u00e9riels.<\/p>\n<p>Vid\u00e9os : en ce moment sur Actu<\/p>\n<p class=\" wall-content\">Suivez toute l\u2019actualit\u00e9 de vos villes et m\u00e9dias favoris en vous inscrivant \u00e0 <a href=\"https:\/\/moncompte.actu.fr\" title=\"D\u00e9couvez Mon Actu\" rel=\"nofollow noopener\" data-trk=\"{&quot;cta&quot;:{&quot;action&quot;:&quot;https:\\\/\\\/moncompte.actu.fr&quot;,&quot;category&quot;:&quot;mon compte&quot;,&quot;from&quot;:&quot;article footer&quot;,&quot;name&quot;:&quot;Mon actu&quot;,&quot;type&quot;:&quot;cta&quot;}}\" target=\"_blank\">Mon Actu<\/a>.<\/p>\n<ul class=\"ac-article-tag wall-content\">\n<li><a href=\"https:\/\/actu.fr\/tag\/accident\" data-trk=\"{&quot;cta&quot;:{&quot;action&quot;:&quot;Accident&quot;,&quot;category&quot;:&quot;tag&quot;,&quot;from&quot;:&quot;article footer&quot;,&quot;name&quot;:&quot;Accident&quot;,&quot;type&quot;:&quot;cta&quot;}}\" target=\"_blank\" rel=\"noopener\">#Accident<\/a><\/li>\n<li><a href=\"https:\/\/actu.fr\/tag\/autoroute-13-a13\" data-trk=\"{&quot;cta&quot;:{&quot;action&quot;:&quot;Autoroute 13 (A13)&quot;,&quot;category&quot;:&quot;tag&quot;,&quot;from&quot;:&quot;article footer&quot;,&quot;name&quot;:&quot;Autoroute 13 (A13)&quot;,&quot;type&quot;:&quot;cta&quot;}}\" target=\"_blank\" rel=\"noopener\">#Autoroute 13 (A13)<\/a><\/li>\n<\/ul>\n","protected":false},"excerpt":{"rendered":"Par Aur\u00e9lien Delavaud Publi\u00e9 le 28 juil. 2025 \u00e0 15h36 Un accident de la circulation s\u2019est produit en&hellip;\n","protected":false},"author":2,"featured_media":279794,"comment_status":"","ping_status":"","sticky":false,"template":"","format":"standard","meta":{"footnotes":""},"categories":[9587],"tags":[119,1111,11,12725,1777,674,118,1011,27,12,5161,25,9590],"class_list":{"0":"post-279793","1":"post","2":"type-post","3":"status-publish","4":"format-standard","5":"has-post-thumbnail","7":"category-rouen","8":"tag-accident","9":"tag-actu","10":"tag-actualites","11":"tag-autoroute-13-a13","12":"tag-eu","13":"tag-europe","14":"tag-faits-divers","15":"tag-fr","16":"tag-france","17":"tag-news","18":"tag-normandie","19":"tag-republique-francaise","20":"tag-rouen"},"share_on_mastodon":{"url":"https:\/\/pubeurope.com\/@fr\/114931382509487770","error":""},"_links":{"self":[{"href":"https:\/\/www.europesays.com\/fr\/wp-json\/wp\/v2\/posts\/279793","targetHints":{"allow":["GET"]}}],"collection":[{"href":"https:\/\/www.europesays.com\/fr\/wp-json\/wp\/v2\/posts"}],"about":[{"href":"https:\/\/www.europesays.com\/fr\/wp-json\/wp\/v2\/types\/post"}],"author":[{"embeddable":true,"href":"https:\/\/www.europesays.com\/fr\/wp-json\/wp\/v2\/users\/2"}],"replies":[{"embeddable":true,"href":"https:\/\/www.europesays.com\/fr\/wp-json\/wp\/v2\/comments?post=279793"}],"version-history":[{"count":0,"href":"https:\/\/www.europesays.com\/fr\/wp-json\/wp\/v2\/posts\/279793\/revisions"}],"wp:featuredmedia":[{"embeddable":true,"href":"https:\/\/www.europesays.com\/fr\/wp-json\/wp\/v2\/media\/279794"}],"wp:attachment":[{"href":"https:\/\/www.europesays.com\/fr\/wp-json\/wp\/v2\/media?parent=279793"}],"wp:term":[{"taxonomy":"category","embeddable":true,"href":"https:\/\/www.europesays.com\/fr\/wp-json\/wp\/v2\/categories?post=279793"},{"taxonomy":"post_tag","embeddable":true,"href":"https:\/\/www.europesays.com\/fr\/wp-json\/wp\/v2\/tags?post=279793"}],"curies":[{"name":"wp","href":"https:\/\/api.w.org\/{rel}","templated":true}]}}