{"id":279797,"date":"2025-07-28T14:44:18","date_gmt":"2025-07-28T14:44:18","guid":{"rendered":"https:\/\/www.europesays.com\/fr\/279797\/"},"modified":"2025-07-28T14:44:18","modified_gmt":"2025-07-28T14:44:18","slug":"patinage-artistique-liserois-kevin-aymoz-va-t-il-poursuivre-sa-carriere-apres-les-jeux-olympiques","status":"publish","type":"post","link":"https:\/\/www.europesays.com\/fr\/279797\/","title":{"rendered":"Patinage artistique. L&rsquo;Is\u00e9rois K\u00e9vin Aymoz va-t-il poursuivre sa carri\u00e8re apr\u00e8s les Jeux olympiques\u00a0?"},"content":{"rendered":"<p>\u00ab\u00a0Tant que je prends du plaisir \u00e0 patiner, je continue\u00a0\u00bb. Le d\u00e9cor est plant\u00e9, <a href=\"https:\/\/www.ledauphine.com\/p\/kevin-aymoz\" target=\"_blank\" rel=\"noopener\">Kevin Aymoz<\/a> n\u2019est pas encore pr\u00eat \u00e0 arr\u00eater de se pr\u00e9senter dans les ar\u00e9nas du monde entier. Patineur depuis l\u2019\u00e2ge de quatre ans, le Grenoblois entend poursuivre sa passion pendant encore plusieurs mois. Peu importe ce qu\u2019il se passe. \u00ab\u00a0Je me pose moins de questions, je bosse dur, je m\u2019amuse et je kiffe. Je donne le meilleur de moi-m\u00eame et c\u2019est \u00e7a qui est bien.\u00a0\u00bb<\/p>\n<p>\u00c0 Vaujany, Kevin Aymoz a lev\u00e9 le voile sur la question que certains pourraient se poser sur sa future retraite sportive. Les derni\u00e8res saisons ont \u00e9t\u00e9 \u00e9prouvantes \u00e9motionnellement avec des moments <a href=\"https:\/\/www.ledauphine.com\/sport\/2024\/10\/07\/apres-son-burn-out-comment-kevin-aymoz-tente-de-se-reconstruire\" target=\"_blank\" rel=\"noopener\">tr\u00e8s difficiles \u00e0 g\u00e9rer (apr\u00e8s les championnats d\u2019Europe en 2024)<\/a> et des moments <a href=\"https:\/\/www.ledauphine.com\/sport\/2025\/03\/30\/ilia-malinin-sur-une-autre-planete-l-iserois-kevin-aymoz-se-sublime-et-finit-dans-le-top-5\" target=\"_blank\" rel=\"noopener\">de joie intenses (apr\u00e8s les Mondiaux en 2025).<\/a><\/p>\n<p>  \u00ab\u00a0Je suis un peu \u201cpeace and love\u201d\u00a0\u00bb<\/p>\n<p>\u00ab\u00a0C\u2019\u00e9tait dur avec certains m\u00e9dias, des f\u00e9d\u00e9rations, des personnes du patinage. Je me suis demand\u00e9 si le jeu en valait la chandelle. Quand tu auras fini ta carri\u00e8re, tu veux te souvenir de quoi\u00a0? Moi, c\u2019est de vivre au quotidien avec mes coaches, mes camarades d\u2019entra\u00eenement, ma famille, mes amis. Je suis un peu \u201cpeace and love\u201d, mais c\u2019est ce que je veux retenir de ma vie de patineur\u00a0\u00bb, formule le sextuple champion de France de sa discipline.<\/p>\n<p>En 2027, les championnats d\u2019Europe ont \u00e9t\u00e9 attribu\u00e9s \u00e0 Lausanne (Suisse) o\u00f9 Kevin Aymoz a pris ses quartiers depuis plusieurs mois. \u00ab\u00a0Je m\u2019entra\u00eene l\u00e0-bas de temps en temps et Lausanne, c\u2019est quasi la maison et je ne me vois pas louper les championnats d\u2019Europe presque \u00e0 domicile\u00a0\u00bb, sourit le Grenoblois.<\/p>\n","protected":false},"excerpt":{"rendered":"\u00ab\u00a0Tant que je prends du plaisir \u00e0 patiner, je continue\u00a0\u00bb. Le d\u00e9cor est plant\u00e9, Kevin Aymoz n\u2019est pas&hellip;\n","protected":false},"author":2,"featured_media":279798,"comment_status":"","ping_status":"","sticky":false,"template":"","format":"standard","meta":{"footnotes":""},"categories":[9566],"tags":[1111,11,2430,112,1777,674,1701,1011,27,2731,2732,108,21243,3996,12,41926,25,517],"class_list":{"0":"post-279797","1":"post","2":"type-post","3":"status-publish","4":"format-standard","5":"has-post-thumbnail","7":"category-grenoble","8":"tag-actu","9":"tag-actualites","10":"tag-auvergne-rhone-alpes","11":"tag-edition-grenoble-agglomeration","12":"tag-eu","13":"tag-europe","14":"tag-fil-info-sport","15":"tag-fr","16":"tag-france","17":"tag-grenoble","18":"tag-grenoble-bassin","19":"tag-isere","20":"tag-jeux-olympiques-dhiver","21":"tag-jeux-olympiques","22":"tag-news","23":"tag-patinage-artistique","24":"tag-republique-francaise","25":"tag-sport"},"share_on_mastodon":{"url":"https:\/\/pubeurope.com\/@fr\/114931398290739050","error":""},"_links":{"self":[{"href":"https:\/\/www.europesays.com\/fr\/wp-json\/wp\/v2\/posts\/279797","targetHints":{"allow":["GET"]}}],"collection":[{"href":"https:\/\/www.europesays.com\/fr\/wp-json\/wp\/v2\/posts"}],"about":[{"href":"https:\/\/www.europesays.com\/fr\/wp-json\/wp\/v2\/types\/post"}],"author":[{"embeddable":true,"href":"https:\/\/www.europesays.com\/fr\/wp-json\/wp\/v2\/users\/2"}],"replies":[{"embeddable":true,"href":"https:\/\/www.europesays.com\/fr\/wp-json\/wp\/v2\/comments?post=279797"}],"version-history":[{"count":0,"href":"https:\/\/www.europesays.com\/fr\/wp-json\/wp\/v2\/posts\/279797\/revisions"}],"wp:featuredmedia":[{"embeddable":true,"href":"https:\/\/www.europesays.com\/fr\/wp-json\/wp\/v2\/media\/279798"}],"wp:attachment":[{"href":"https:\/\/www.europesays.com\/fr\/wp-json\/wp\/v2\/media?parent=279797"}],"wp:term":[{"taxonomy":"category","embeddable":true,"href":"https:\/\/www.europesays.com\/fr\/wp-json\/wp\/v2\/categories?post=279797"},{"taxonomy":"post_tag","embeddable":true,"href":"https:\/\/www.europesays.com\/fr\/wp-json\/wp\/v2\/tags?post=279797"}],"curies":[{"name":"wp","href":"https:\/\/api.w.org\/{rel}","templated":true}]}}