{"id":279813,"date":"2025-07-28T14:53:15","date_gmt":"2025-07-28T14:53:15","guid":{"rendered":"https:\/\/www.europesays.com\/fr\/279813\/"},"modified":"2025-07-28T14:53:15","modified_gmt":"2025-07-28T14:53:15","slug":"encore-en-travaux-le-madd-devoile-sa-programmation-culturelle-a-bordeaux","status":"publish","type":"post","link":"https:\/\/www.europesays.com\/fr\/279813\/","title":{"rendered":"Encore en travaux, le Madd d\u00e9voile sa programmation culturelle \u00e0 Bordeaux"},"content":{"rendered":"<p>            Par<br \/>\n        <strong><br \/>\n            <a href=\"https:\/\/actu.fr\/auteur\/charlotte-lesprit\" title=\"Consulter tous les articles de Charlotte Lesprit\" rel=\"nofollow noopener\" target=\"_blank\">Charlotte Lesprit<\/a><br \/>\n        <\/strong><\/p>\n<p>        Publi\u00e9 le<\/p>\n<p>            28 juil. 2025 \u00e0 16h02        <\/p>\n<p>Il est la fusion unique entre un h\u00f4tel particulier XVIIIe et une prison XIXe. Au num\u00e9ro\u00a039 de la rue Bouffard, le <strong>Mus\u00e9e des arts d\u00e9coratifs et du design<\/strong> poursuit son embellissement et <a href=\"https:\/\/actu.fr\/nouvelle-aquitaine\/bordeaux_33063\/le-madd-bordeaux-ferme-temporairement-pour-se-refaire-une-beaute_55933177.html\" rel=\"nofollow noopener\" target=\"_blank\">sa refonte totale<\/a>. \u00ab\u2009Les travaux avancent bien\u2009\u00bb, commente \u00c9tienne Tornier, directeur par int\u00e9rim du Madd, tout en confirmant une <strong>r\u00e9ouverture au public en deux temps<\/strong>\u2009: une inauguration partielle aura lieu au premier semestre 2026 apr\u00e8s trois ann\u00e9es de transformation et une autre apr\u00e8s quatre ans.\u00a0<\/p>\n<p class=\" wall-content\">Outre sa collection unique de 33\u2009000 \u0153uvres, le Madd Bordeaux pr\u00e9pare \u00e9galement des <strong>expositions \u00e9ph\u00e9m\u00e8res<\/strong> dont la premi\u00e8re a \u00e9t\u00e9 d\u00e9voil\u00e9e lors d\u2019une visite de chantier \u00e0 la mi-juillet.<\/p>\n<p>Une exposition de la designer Pauline Deltour<\/p>\n<p class=\" wall-content\">Le mus\u00e9e fait de la place des femmes dans l\u2019art l\u2019une de ses priorit\u00e9s. Il lui \u00e9tait donc naturel d\u2019inaugurer cet espace de 600\u00a0m\u00e8tres carr\u00e9s de l\u2019ancienne prison \u2014 un lieu atypique car les cellules sont encore visibles \u2014 par l\u2019exposition d\u2019<strong>une \u00e9toile montante du design fran\u00e7ais<\/strong>. Intitul\u00e9e \u00ab\u2009I will survive\u2009\u00bb et programm\u00e9e pour septembre\u00a02026, celle-ci met en avant le travail <strong>la designer Pauline Deltour<\/strong>. \u00ab\u2009D\u00e9c\u00e9d\u00e9e brutalement en 2021, elle est une source d\u2019inspiration et un mod\u00e8le pour le design industriel, explique \u00c9tienne Tornier. Elle a laiss\u00e9 180 projets en dix ans.\u2009\u00bb<\/p>\n<p class=\" wall-content\">Autre projet d\u00e9voil\u00e9\u2009: celui de l\u2019exposition<strong> \u00ab\u2009C\u00e9ramiques corps sensibles\u2009\u00bb<\/strong> accueillie dans la Galerie des savoir-faire et dont les collections seront renouvel\u00e9es tous les dix-huit mois. \u00ab\u2009Cette exposition r\u00e9unira 80 pi\u00e8ces du IVe mill\u00e9naires avant J\u00e9sus-Christ jusqu\u2019\u00e0 nos jours\u2009\u00bb, r\u00e9v\u00e8le \u00c9tienne Tornier.<\/p>\n<p class=\" wall-content\">Concernant les tarifs des billets d\u2019entr\u00e9e, ces derniers resteront align\u00e9s sur les prix des mus\u00e9es municipaux.<\/p>\n<p class=\" wall-content\">Suivez toute l\u2019actualit\u00e9 de vos villes et m\u00e9dias favoris en vous inscrivant \u00e0 <a href=\"https:\/\/moncompte.actu.fr\" title=\"D\u00e9couvez Mon Actu\" rel=\"nofollow noopener\" data-trk=\"{&quot;cta&quot;:{&quot;action&quot;:&quot;https:\\\/\\\/moncompte.actu.fr&quot;,&quot;category&quot;:&quot;mon compte&quot;,&quot;from&quot;:&quot;article footer&quot;,&quot;name&quot;:&quot;Mon actu&quot;,&quot;type&quot;:&quot;cta&quot;}}\" target=\"_blank\">Mon Actu<\/a>.<\/p>\n","protected":false},"excerpt":{"rendered":"Par Charlotte Lesprit Publi\u00e9 le 28 juil. 2025 \u00e0 16h02 Il est la fusion unique entre un h\u00f4tel&hellip;\n","protected":false},"author":2,"featured_media":261091,"comment_status":"","ping_status":"","sticky":false,"template":"","format":"standard","meta":{"footnotes":""},"categories":[2817],"tags":[1111,11,1997,1777,674,1349,1011,27,1652,12,2219,25],"class_list":{"0":"post-279813","1":"post","2":"type-post","3":"status-publish","4":"format-standard","5":"has-post-thumbnail","7":"category-bordeaux","8":"tag-actu","9":"tag-actualites","10":"tag-bordeaux","11":"tag-eu","12":"tag-europe","13":"tag-expositions","14":"tag-fr","15":"tag-france","16":"tag-loisirs-culture","17":"tag-news","18":"tag-nouvelle-aquitaine","19":"tag-republique-francaise"},"share_on_mastodon":{"url":"https:\/\/pubeurope.com\/@fr\/114931433724420987","error":""},"_links":{"self":[{"href":"https:\/\/www.europesays.com\/fr\/wp-json\/wp\/v2\/posts\/279813","targetHints":{"allow":["GET"]}}],"collection":[{"href":"https:\/\/www.europesays.com\/fr\/wp-json\/wp\/v2\/posts"}],"about":[{"href":"https:\/\/www.europesays.com\/fr\/wp-json\/wp\/v2\/types\/post"}],"author":[{"embeddable":true,"href":"https:\/\/www.europesays.com\/fr\/wp-json\/wp\/v2\/users\/2"}],"replies":[{"embeddable":true,"href":"https:\/\/www.europesays.com\/fr\/wp-json\/wp\/v2\/comments?post=279813"}],"version-history":[{"count":0,"href":"https:\/\/www.europesays.com\/fr\/wp-json\/wp\/v2\/posts\/279813\/revisions"}],"wp:featuredmedia":[{"embeddable":true,"href":"https:\/\/www.europesays.com\/fr\/wp-json\/wp\/v2\/media\/261091"}],"wp:attachment":[{"href":"https:\/\/www.europesays.com\/fr\/wp-json\/wp\/v2\/media?parent=279813"}],"wp:term":[{"taxonomy":"category","embeddable":true,"href":"https:\/\/www.europesays.com\/fr\/wp-json\/wp\/v2\/categories?post=279813"},{"taxonomy":"post_tag","embeddable":true,"href":"https:\/\/www.europesays.com\/fr\/wp-json\/wp\/v2\/tags?post=279813"}],"curies":[{"name":"wp","href":"https:\/\/api.w.org\/{rel}","templated":true}]}}