{"id":279820,"date":"2025-07-28T14:57:09","date_gmt":"2025-07-28T14:57:09","guid":{"rendered":"https:\/\/www.europesays.com\/fr\/279820\/"},"modified":"2025-07-28T14:57:09","modified_gmt":"2025-07-28T14:57:09","slug":"lille-sud-un-homme-surpris-en-train-de-demonter-une-moto-tout-juste-volee-a-larriere-dune-camionnette","status":"publish","type":"post","link":"https:\/\/www.europesays.com\/fr\/279820\/","title":{"rendered":"Lille-Sud. Un homme surpris en train de d\u00e9monter une moto tout juste vol\u00e9e \u00e0 l\u2019arri\u00e8re d\u2019une camionnette"},"content":{"rendered":"<p>            Par<br \/>\n        <strong><br \/>\n            <a href=\"https:\/\/actu.fr\/auteur\/margot-nicodeme\" title=\"Consulter tous les articles de Margot Nicod\u00e8me\" rel=\"nofollow noopener\" target=\"_blank\">Margot Nicod\u00e8me<\/a><br \/>\n        <\/strong><\/p>\n<p>        Publi\u00e9 le<\/p>\n<p>            28 juil. 2025 \u00e0 16h09        <\/p>\n<p>\u00c0 peine vol\u00e9e,<b> la moto commen\u00e7ait \u00e0 \u00eatre mise en pi\u00e8ces<\/b>. La police est intervenue \u00e0 temps, \u00e0 <a href=\"https:\/\/actu.fr\/hauts-de-france\/lille_59350\" rel=\"nofollow noopener\" target=\"_blank\">Lille<\/a>-Sud, le vendredi 25\u00a0juillet 2025. Un homme prend contact avec les autorit\u00e9s pour rapporter<b> le vol de sa moto<\/b>, dont il peut suivre le trajet gr\u00e2ce \u00e0 un syst\u00e8me de g\u00e9olocalisation. Son deux-roues est indiqu\u00e9 comme \u00e9tant au sud de Lille.<\/p>\n<p>La moto vol\u00e9e a \u00e9t\u00e9 retrouv\u00e9e en cours de d\u00e9montage dans une camionnette \u00e0 Lille-Sud<\/p>\n<p class=\" wall-content\">Les policiers re\u00e7oivent l\u2019endroit exact par message radio, et s\u2019y rendent. Ils arrivent <b>rue du Faubourg des Postes<\/b>, o\u00f9 le signal \u00e9mis correspond \u00e0 l\u2019emplacement d\u2019un utilitaire. Peu apr\u00e8s leur arriv\u00e9e, ils voient un individu sortir par les portes arri\u00e8re de la camionnette, un tournevis \u00e0 la main. Quand il comprend que la police est \u00e0 ses trousses, il prend la fuite en courant.<\/p>\n<p class=\" wall-content\">Il est rapidement rattrap\u00e9. \u00c2g\u00e9 de 37\u00a0ans, il est interpell\u00e9 et plac\u00e9 en garde \u00e0 vue. La moto vol\u00e9e se trouvait bien dans <b>le coffre du camion stationn\u00e9<\/b>, et \u00e9tait <b>en cours de d\u00e9montage<\/b>.<\/p>\n<p class=\" wall-content\">Suivez toute l\u2019actualit\u00e9 de vos villes et m\u00e9dias favoris en vous inscrivant \u00e0 <a href=\"https:\/\/moncompte.actu.fr\" title=\"D\u00e9couvez Mon Actu\" rel=\"nofollow noopener\" data-trk=\"{&quot;cta&quot;:{&quot;action&quot;:&quot;https:\\\/\\\/moncompte.actu.fr&quot;,&quot;category&quot;:&quot;mon compte&quot;,&quot;from&quot;:&quot;article footer&quot;,&quot;name&quot;:&quot;Mon actu&quot;,&quot;type&quot;:&quot;cta&quot;}}\" target=\"_blank\">Mon Actu<\/a>.<\/p>\n","protected":false},"excerpt":{"rendered":"Par Margot Nicod\u00e8me Publi\u00e9 le 28 juil. 2025 \u00e0 16h09 \u00c0 peine vol\u00e9e, la moto commen\u00e7ait \u00e0 \u00eatre&hellip;\n","protected":false},"author":2,"featured_media":279821,"comment_status":"","ping_status":"","sticky":false,"template":"","format":"standard","meta":{"footnotes":""},"categories":[2815],"tags":[1111,11,1777,674,118,1011,27,811,1307,1457,12,1072,25],"class_list":{"0":"post-279820","1":"post","2":"type-post","3":"status-publish","4":"format-standard","5":"has-post-thumbnail","7":"category-lille","8":"tag-actu","9":"tag-actualites","10":"tag-eu","11":"tag-europe","12":"tag-faits-divers","13":"tag-fr","14":"tag-france","15":"tag-hauts-de-france","16":"tag-lille","17":"tag-moto","18":"tag-news","19":"tag-police","20":"tag-republique-francaise"},"share_on_mastodon":{"url":"https:\/\/pubeurope.com\/@fr\/114931449492822240","error":""},"_links":{"self":[{"href":"https:\/\/www.europesays.com\/fr\/wp-json\/wp\/v2\/posts\/279820","targetHints":{"allow":["GET"]}}],"collection":[{"href":"https:\/\/www.europesays.com\/fr\/wp-json\/wp\/v2\/posts"}],"about":[{"href":"https:\/\/www.europesays.com\/fr\/wp-json\/wp\/v2\/types\/post"}],"author":[{"embeddable":true,"href":"https:\/\/www.europesays.com\/fr\/wp-json\/wp\/v2\/users\/2"}],"replies":[{"embeddable":true,"href":"https:\/\/www.europesays.com\/fr\/wp-json\/wp\/v2\/comments?post=279820"}],"version-history":[{"count":0,"href":"https:\/\/www.europesays.com\/fr\/wp-json\/wp\/v2\/posts\/279820\/revisions"}],"wp:featuredmedia":[{"embeddable":true,"href":"https:\/\/www.europesays.com\/fr\/wp-json\/wp\/v2\/media\/279821"}],"wp:attachment":[{"href":"https:\/\/www.europesays.com\/fr\/wp-json\/wp\/v2\/media?parent=279820"}],"wp:term":[{"taxonomy":"category","embeddable":true,"href":"https:\/\/www.europesays.com\/fr\/wp-json\/wp\/v2\/categories?post=279820"},{"taxonomy":"post_tag","embeddable":true,"href":"https:\/\/www.europesays.com\/fr\/wp-json\/wp\/v2\/tags?post=279820"}],"curies":[{"name":"wp","href":"https:\/\/api.w.org\/{rel}","templated":true}]}}