{"id":279822,"date":"2025-07-28T14:58:10","date_gmt":"2025-07-28T14:58:10","guid":{"rendered":"https:\/\/www.europesays.com\/fr\/279822\/"},"modified":"2025-07-28T14:58:10","modified_gmt":"2025-07-28T14:58:10","slug":"voici-les-dates-de-la-5eme-edition","status":"publish","type":"post","link":"https:\/\/www.europesays.com\/fr\/279822\/","title":{"rendered":"voici les dates de la 5\u00e8me \u00e9dition"},"content":{"rendered":"<p>            Par<br \/>\n        <strong><br \/>\n            <a href=\"https:\/\/actu.fr\/auteur\/hervine-mahaud\" title=\"Consulter tous les articles de Hervine Mahaud\" rel=\"nofollow noopener\" target=\"_blank\">Hervine Mahaud<\/a><br \/>\n        <\/strong><\/p>\n<p>        Publi\u00e9 le<\/p>\n<p>            28 juil. 2025 \u00e0 16h50        <\/p>\n<p>C\u2019est devenu un incontournable de la rentr\u00e9e \u00e0 <a href=\"https:\/\/actu.fr\/lille\/\" rel=\"nofollow noopener\" target=\"_blank\">Lille<\/a>. Du <b>jeudi 2 au dimanche 5 octobre 2025<\/b>, le <b>Lille Street Food Festival<\/b> fera son grand retour pour une cinqui\u00e8me \u00e9dition \u00e0 <b>EuraTechnologies<\/b> (Place de Saintignon, 165 avenue de Bretagne). <a href=\"https:\/\/actu.fr\/hauts-de-france\/lille_59350\/lille-street-food-festival-debute-ce-jeudi-voici-tout-ce-quil-faut-savoir-pour-en-profiter_61681670.html\" rel=\"nofollow noopener\" target=\"_blank\">Apr\u00e8s avoir r\u00e9uni plus de 49 000 gourmands en 2024<\/a>, <b>le plus grand festival de street food de la r\u00e9gion<\/b> s\u2019appr\u00eate \u00e0 remettre le couvert avec <b>quatre jours<\/b> de d\u00e9couvertes culinaires, de musique, d\u2019animations festives et de convivialit\u00e9.<\/p>\n<p>Le meilleur de la street food lilloise\u2026 et une destination surprise<\/p>\n<p class=\" wall-content\">Port\u00e9 par un succ\u00e8s grandissant depuis sa cr\u00e9ation, le <b>Lille Street Food Festival<\/b> s\u2019est impos\u00e9 comme un <b>\u00e9v\u00e9nement phare de la sc\u00e8ne gastronomique<\/b> lilloise, rassemblant restaurateurs, artisans et foodies autour d\u2019un m\u00eame objectif : c\u00e9l\u00e9brer la cuisine de rue, inventive, populaire et accessible.<\/p>\n<p class=\" wall-content\">L\u2019\u00e9dition de 2025 ne d\u00e9rogera pas \u00e0 la r\u00e8gle : le festival fera la part belle \u00e0 la cr\u00e9ativit\u00e9 des restaurateurs locaux et des chefs m\u00e9tropolitains. Ils mettront \u00e0 l\u2019honneur les saveurs urbaines sous toutes leurs formes : tacos, <a href=\"https:\/\/actu.fr\/hauts-de-france\/lille_59350\/a-lille-chti-bao-a-ouvert-son-restaurant-ou-la-cuisine-asiatique-est-revisitee_62599358.html\" rel=\"nofollow noopener\" target=\"_blank\">bao<\/a>, smash burgers, empanadas, gyozas ou encore glaces artisanales et cocktails maison.\u00a0<\/p>\n<p class=\" wall-content\"><a href=\"https:\/\/www.instagram.com\/p\/DMhxDUHMnJS\/embed\" title=\"Ouvrir le lien sur Instagram\" rel=\"nofollow noopener\" target=\"_blank\">Visualiser le contenu sur Instagram<\/a><\/p>\n<p class=\" wall-content\">Et comme chaque ann\u00e9e, une <b>destination invit\u00e9e surprise<\/b> viendra compl\u00e9ter la programmation pour faire voyager les papilles des festivaliers. Une annonce tr\u00e8s attendue, qui sera faite <b>le mardi 9 septembre<\/b>, en m\u00eame temps que la <b>line-up des restaurateurs<\/b> et le <b>programme des animations<\/b>.<\/p>\n<p>Quatre jours de f\u00eate, entr\u00e9e gratuite<\/p>\n<p class=\" wall-content\">Le Lille Street Food Festival, c\u2019est aussi un esprit festif affirm\u00e9 : <b>DJ sets, animations culinaires, bars \u00e0 bi\u00e8res et cocktails, espaces chill<\/b> et surprises au fil de la journ\u00e9e. Le tout dans un cadre spacieux et anim\u00e9, \u00e0 quelques minutes du centre-ville.<\/p>\n<p class=\" wall-content\">Voici les <b>horaires \u00e0 retenir<\/b> :<\/p>\n<ul class=\" wall-content\">\n<li><b>Jeudi 2 octobre<\/b> : 18h \u2013 00h<\/li>\n<li><b>Vendredi 3 octobre<\/b> : 18h \u2013 00h<\/li>\n<li><b>Samedi 4 octobre<\/b> : 11h30 \u2013 00h<\/li>\n<li><b>Dimanche 5 octobre<\/b> : 11h30 \u2013 23h<\/li>\n<\/ul>\n<p class=\" wall-content\">L\u2019entr\u00e9e est <b>gratuite<\/b> pour tous. C\u00f4t\u00e9 paiement, tout se fera en <b>cashless<\/b> (via carte bancaire ou bracelet connect\u00e9 sur place), pour fluidifier les transactions.<\/p>\n<p class=\" wall-content\">Rendez-vous d\u00e8s le 2 octobre \u00e0 EuraTechnologies pour croquer dans l\u2019\u00e9v\u00e9nement le plus gourmand de l\u2019automne !<\/p>\n<p class=\" wall-content\">Suivez toute l\u2019actualit\u00e9 de vos villes et m\u00e9dias favoris en vous inscrivant \u00e0 <a href=\"https:\/\/moncompte.actu.fr\" title=\"D\u00e9couvez Mon Actu\" rel=\"nofollow noopener\" data-trk=\"{&quot;cta&quot;:{&quot;action&quot;:&quot;https:\\\/\\\/moncompte.actu.fr&quot;,&quot;category&quot;:&quot;mon compte&quot;,&quot;from&quot;:&quot;article footer&quot;,&quot;name&quot;:&quot;Mon actu&quot;,&quot;type&quot;:&quot;cta&quot;}}\" target=\"_blank\">Mon Actu<\/a>.<\/p>\n<p>                    <script async src=\"\/\/www.instagram.com\/embed.js\"><\/script><\/p>\n","protected":false},"excerpt":{"rendered":"Par Hervine Mahaud Publi\u00e9 le 28 juil. 2025 \u00e0 16h50 C\u2019est devenu un incontournable de la rentr\u00e9e \u00e0&hellip;\n","protected":false},"author":2,"featured_media":279823,"comment_status":"","ping_status":"","sticky":false,"template":"","format":"standard","meta":{"footnotes":""},"categories":[2815],"tags":[1111,11,1777,674,1011,27,811,1307,1652,12,25,10479],"class_list":{"0":"post-279822","1":"post","2":"type-post","3":"status-publish","4":"format-standard","5":"has-post-thumbnail","7":"category-lille","8":"tag-actu","9":"tag-actualites","10":"tag-eu","11":"tag-europe","12":"tag-fr","13":"tag-france","14":"tag-hauts-de-france","15":"tag-lille","16":"tag-loisirs-culture","17":"tag-news","18":"tag-republique-francaise","19":"tag-street-food"},"share_on_mastodon":{"url":"https:\/\/pubeurope.com\/@fr\/114931453382293816","error":""},"_links":{"self":[{"href":"https:\/\/www.europesays.com\/fr\/wp-json\/wp\/v2\/posts\/279822","targetHints":{"allow":["GET"]}}],"collection":[{"href":"https:\/\/www.europesays.com\/fr\/wp-json\/wp\/v2\/posts"}],"about":[{"href":"https:\/\/www.europesays.com\/fr\/wp-json\/wp\/v2\/types\/post"}],"author":[{"embeddable":true,"href":"https:\/\/www.europesays.com\/fr\/wp-json\/wp\/v2\/users\/2"}],"replies":[{"embeddable":true,"href":"https:\/\/www.europesays.com\/fr\/wp-json\/wp\/v2\/comments?post=279822"}],"version-history":[{"count":0,"href":"https:\/\/www.europesays.com\/fr\/wp-json\/wp\/v2\/posts\/279822\/revisions"}],"wp:featuredmedia":[{"embeddable":true,"href":"https:\/\/www.europesays.com\/fr\/wp-json\/wp\/v2\/media\/279823"}],"wp:attachment":[{"href":"https:\/\/www.europesays.com\/fr\/wp-json\/wp\/v2\/media?parent=279822"}],"wp:term":[{"taxonomy":"category","embeddable":true,"href":"https:\/\/www.europesays.com\/fr\/wp-json\/wp\/v2\/categories?post=279822"},{"taxonomy":"post_tag","embeddable":true,"href":"https:\/\/www.europesays.com\/fr\/wp-json\/wp\/v2\/tags?post=279822"}],"curies":[{"name":"wp","href":"https:\/\/api.w.org\/{rel}","templated":true}]}}