{"id":279824,"date":"2025-07-28T14:59:10","date_gmt":"2025-07-28T14:59:10","guid":{"rendered":"https:\/\/www.europesays.com\/fr\/279824\/"},"modified":"2025-07-28T14:59:10","modified_gmt":"2025-07-28T14:59:10","slug":"a-marseille-lessor-des-locations-indignes-de-caves-et-sous-sols","status":"publish","type":"post","link":"https:\/\/www.europesays.com\/fr\/279824\/","title":{"rendered":"\u00c0 Marseille, l\u2019essor des locations indignes de caves et sous-sols"},"content":{"rendered":"\n<p>\u00e0 deux pas de la place Jean-Jaur\u00e8s, une porte, des escaliers et en bas, la traite d\u2019\u00eatres humains. Sur signalement du nouveau syndic du 100\u00a0rue Saint-Savournin (6e), les services de police ont d\u00e9couvert que trois \u00e0 quatre hommes vivaient dans trois caves inf\u00e9rieures \u00e0 7\u00a0m2. Un espace avec douche et WC, sans lumi\u00e8re naturelle ni a\u00e9ration, lou\u00e9 200\u00a0euros par mois et par personne.<\/p>\n<p>Son propri\u00e9taire, d\u2019une grande aisance financi\u00e8re, a \u00e9t\u00e9 entendu la semaine derni\u00e8re par la police pour ce nouveau cas de soumission de personnes vuln\u00e9rables \u00e0 des conditions d\u2019habitat indigne. L\u2019homme poss\u00e8de trois caves de l\u2019immeuble et s\u2019est d\u00e9fauss\u00e9 sur Riyadh B., 53 ans, associ\u00e9 avec lui sur la 3e\u00a0cave achet\u00e9e 20\u00a0000 euros, en 2012, et qui r\u00e9cup\u00e8re les loyers. Christian C., 61\u00a0ans, n\u2019est pas un inconnu. Il est d\u00e9j\u00e0 mis en cause, en septembre, au 48\u00a0rue Curiol, o\u00f9 il loue une cave moisie. Cela lui avait valu un premier arr\u00eat\u00e9 d\u2019insalubrit\u00e9 avec interdiction d\u00e9finitive d\u2019habiter, cessation imm\u00e9diate de location de ce local par nature impropre \u00e0 l\u2019habitation et obligation de relogement de son locataire. N\u2019ayant fait aucune offre d\u2019h\u00e9bergement \u00e0 son locataire, il est sous le coup d\u2019une astreinte de 200\u00a0euros par jour de retard \u00e0 le reloger.<\/p>\n<p>Tout est bon \u00e0 louer et pas qu\u2019\u00e0 Marseille pour rassasier les cupidit\u00e9s. Des arr\u00eat\u00e9s montrent des situations quadridimensionnelles comme la location d\u2019un abri de piscine semi-enterr\u00e9 et am\u00e9nag\u00e9 en logement \u00e0 Aix, un cabanon de jardin accol\u00e9 \u00e0 un vieil autobus \u00e0 Martigues, une caravane \u00e0 Arles, une micropi\u00e8ce dans une cage d\u2019escalier \u00e0 Aix, etc.<\/p>\n","protected":false},"excerpt":{"rendered":"\u00e0 deux pas de la place Jean-Jaur\u00e8s, une porte, des escaliers et en bas, la traite d\u2019\u00eatres humains.&hellip;\n","protected":false},"author":2,"featured_media":279825,"comment_status":"","ping_status":"","sticky":false,"template":"","format":"standard","meta":{"footnotes":""},"categories":[2814],"tags":[1111,11,1777,674,1011,27,884,12,882,25,25950],"class_list":{"0":"post-279824","1":"post","2":"type-post","3":"status-publish","4":"format-standard","5":"has-post-thumbnail","7":"category-marseille","8":"tag-actu","9":"tag-actualites","10":"tag-eu","11":"tag-europe","12":"tag-fr","13":"tag-france","14":"tag-marseille","15":"tag-news","16":"tag-provence-alpes-cote-dazur","17":"tag-republique-francaise","18":"tag-sans-papiers"},"share_on_mastodon":{"url":"https:\/\/pubeurope.com\/@fr\/114931457300514153","error":""},"_links":{"self":[{"href":"https:\/\/www.europesays.com\/fr\/wp-json\/wp\/v2\/posts\/279824","targetHints":{"allow":["GET"]}}],"collection":[{"href":"https:\/\/www.europesays.com\/fr\/wp-json\/wp\/v2\/posts"}],"about":[{"href":"https:\/\/www.europesays.com\/fr\/wp-json\/wp\/v2\/types\/post"}],"author":[{"embeddable":true,"href":"https:\/\/www.europesays.com\/fr\/wp-json\/wp\/v2\/users\/2"}],"replies":[{"embeddable":true,"href":"https:\/\/www.europesays.com\/fr\/wp-json\/wp\/v2\/comments?post=279824"}],"version-history":[{"count":0,"href":"https:\/\/www.europesays.com\/fr\/wp-json\/wp\/v2\/posts\/279824\/revisions"}],"wp:featuredmedia":[{"embeddable":true,"href":"https:\/\/www.europesays.com\/fr\/wp-json\/wp\/v2\/media\/279825"}],"wp:attachment":[{"href":"https:\/\/www.europesays.com\/fr\/wp-json\/wp\/v2\/media?parent=279824"}],"wp:term":[{"taxonomy":"category","embeddable":true,"href":"https:\/\/www.europesays.com\/fr\/wp-json\/wp\/v2\/categories?post=279824"},{"taxonomy":"post_tag","embeddable":true,"href":"https:\/\/www.europesays.com\/fr\/wp-json\/wp\/v2\/tags?post=279824"}],"curies":[{"name":"wp","href":"https:\/\/api.w.org\/{rel}","templated":true}]}}