{"id":279831,"date":"2025-07-28T15:04:20","date_gmt":"2025-07-28T15:04:20","guid":{"rendered":"https:\/\/www.europesays.com\/fr\/279831\/"},"modified":"2025-07-28T15:04:20","modified_gmt":"2025-07-28T15:04:20","slug":"pourquoi-la-tnt-va-seteindre-cette-nuit-en-ile-de-france","status":"publish","type":"post","link":"https:\/\/www.europesays.com\/fr\/279831\/","title":{"rendered":"Pourquoi la TNT va s&rsquo;\u00e9teindre cette nuit en \u00cele-de-France"},"content":{"rendered":"<p>Des travaux vont \u00eatre engag\u00e9s cette nuit au niveau des \u00e9metteurs de la TNT en haut de la tour Eiffel. Une intervention estivale, qui a lieu en g\u00e9n\u00e9ral une fois par an, pour s\u2019assurer que la t\u00e9l\u00e9vision num\u00e9rique terrestre reste pleinement op\u00e9rationnelle en \u00cele-de-France. Mais cela va n\u00e9cessiter de couper le signal pendant plusieurs heures.<\/p>\n<p>Attention si vous \u00eates un oiseau de nuit adorant regarder la t\u00e9l\u00e9vision tard le soir. Du 28 au 29 juillet 2025, la <a href=\"https:\/\/www.numerama.com\/tech\/1881602-nouvelle-numerotation-tv-en-france.html\" rel=\"nofollow noopener\" target=\"_blank\">diffusion des cha\u00eenes la t\u00e9l\u00e9vision num\u00e9rique terrestre (TNT)<\/a> va provisoirement \u00eatre interrompue pour laisser \u00e0 l\u2019op\u00e9rateur T\u00e9l\u00e9diffusion De France (TDF) le champ libre pour des travaux de maintenance. Tout sera r\u00e9tabli au petit matin.<\/p>\n<p>L\u2019intervention des techniciens de TDF aura lieu entre 0h45 et 6h du matin, \u00e0 une tranche horaire la moins dommageable pour les cha\u00eenes comme pour le public \u2014 ce sont \u00e0 ces cr\u00e9neaux que les niveaux d\u2019audience sont les plus bas. Dans l\u2019intervalle, il restera possible d\u2019<a href=\"https:\/\/www.numerama.com\/pop-culture\/1839434-les-meilleures-applications-iptv.html\" rel=\"nofollow noopener\" target=\"_blank\">acc\u00e9der aux programmes TV par d\u2019autres canaux<\/a>, comme la <a href=\"https:\/\/www.numerama.com\/tech\/1832408-cest-quoi-liptv.html\" data-popover-target=\"definition\" data-tag=\"C\u2019est quoi l\u2019IPTV et est-ce que c\u2019est l\u00e9gal en France\u00a0?\" data-chapo=\"L&#039;IPTV rencontre un succ\u00e8s de plus en plus grand. Derri\u00e8re ces quatre lettres, tr\u00e8s souvent du piratage de comp\u00e9titions sportives, qu&#039;on ne comprend pas toujours. Mais alors, c&#039;est quoi l&#039;IPTV ?\" data-image=\"https:\/\/c0.lestechnophiles.com\/www.numerama.com\/wp-content\/uploads\/2021\/09\/piratage-sport-1024x576.jpg?key=c630fcc9\" rel=\"nofollow noopener\" target=\"_blank\">t\u00e9l\u00e9vision sur IP<\/a>.<\/p>\n<p>    Pour aller plus loin<\/p>\n<p>                <img decoding=\"async\" width=\"87\" height=\"87\" loading=\"lazy\" alt=\"Source : Montage Numerama\" title=\"Source : Montage Numerama\" class=\"placeholder-default wp-image\" src=\"https:\/\/www.europesays.com\/fr\/wp-content\/uploads\/2025\/07\/france-tv-renommage-200x200.jpg\" \/>            <\/p>\n<p><a href=\"https:\/\/www.numerama.com\/wp-content\/uploads\/2020\/02\/55oled804_5d31957d5fd93_1200.jpg\" rel=\"nofollow noopener\" target=\"_blank\"><img decoding=\"async\" width=\"1024\" height=\"616\" loading=\"lazy\" alt=\"Pied de la t\u00e9l\u00e9vision Philips OLED 804 \/\/ Source : Philips \" title=\"Pied de la t\u00e9l\u00e9vision Philips OLED 804 \/\/ Source : Philips \" class=\"wp-image-608273 placeholder-default wp-image\" src=\"https:\/\/www.europesays.com\/fr\/wp-content\/uploads\/2025\/07\/55oled804_5d31957d5fd93_1200-1024x616.jpg\" \/><\/a>Un \u00e9cran noir va tomber sur la TNT en \u00cele-de-France. \/\/ Source : Philips <\/p>\n<p>Une interruption de signal au cr\u00e9neau le moins dommageable<\/p>\n<p>Tout le pays ne sera pas concern\u00e9 par la coupure du signal. Dans les faits, seules les personnes situ\u00e9es en \u00cele-de-France (soit environ 12 millions d\u2019individus) seront potentiellement affect\u00e9es. En effet, les travaux pr\u00e9vus par TDF vont se d\u00e9rouler sur les \u00e9metteurs dispos\u00e9s au sommet de la tour Eiffel, qui permettent d\u2019arroser la r\u00e9gion.<\/p>\n<p>Dans les faits, ce ne sont pas 12 millions de personnes qui verront un \u00e9cran noir, mais un nombre bien moindre \u2014 la plupart des gens seront couch\u00e9s ou ne seront pas devant la TV. Signe d\u2019ailleurs que l\u2019audience est tr\u00e8s faible \u00e0 ces heures-l\u00e0 : les cr\u00e9neaux concern\u00e9s ne sont quasiment jamais mentionn\u00e9s dans les relev\u00e9s d\u2019audience ou les communiqu\u00e9s de cha\u00eene.<\/p>\n<p>En tout, ce sont plus de trente cha\u00eenes qui vont momentan\u00e9ment \u00eatre indisponibles sur la TNT en \u00cele-de-France. Cette coupure est r\u00e9p\u00e9t\u00e9e une fois par an, afin de \u00ab garantir une qualit\u00e9 optimale \u00bb de la t\u00e9l\u00e9vision num\u00e9rique terrestre, en proc\u00e9dant au renforcement de \u00ab la s\u00e9curit\u00e9, la fiabilit\u00e9 et les performances des \u00e9quipements. \u00bb<\/p>\n<p>    Pour aller plus loin<\/p>\n<p>                <img decoding=\"async\" width=\"87\" height=\"87\" loading=\"lazy\" alt=\"Source : Andrey Popov\" title=\"Source : Andrey Popov\" class=\"placeholder-default wp-image\" src=\"https:\/\/www.europesays.com\/fr\/wp-content\/uploads\/2025\/07\/tv-no-signal-200x200.jpg\" \/>            <\/p>\n<p>            <img decoding=\"async\" src=\"https:\/\/www.europesays.com\/fr\/wp-content\/uploads\/2025\/04\/iPhone-16-pro.png\" alt=\"Toute l'actu tech en un clien d'oeil\"\/><\/p>\n<p class=\"card-install-pwa__title\">Toute l&rsquo;actu tech en un clin d&rsquo;\u0153il<\/p>\n<p class=\"card-install-pwa__description\">Ajoutez Numerama \u00e0 votre \u00e9cran d&rsquo;accueil et restez connect\u00e9s au futur !<\/p>\n<p>            <img decoding=\"async\" src=\"https:\/\/www.numerama.com\/wp-content\/themes\/numerama-next\/assets\/images\/premium\/logo-card-pwa-coupe.svg\" alt=\"Logo PWA\"\/><\/p>\n<p>       Installer Numerama<\/p>\n","protected":false},"excerpt":{"rendered":"Des travaux vont \u00eatre engag\u00e9s cette nuit au niveau des \u00e9metteurs de la TNT en haut de la&hellip;\n","protected":false},"author":2,"featured_media":279832,"comment_status":"","ping_status":"","sticky":false,"template":"","format":"standard","meta":{"footnotes":""},"categories":[1592],"tags":[1111,11,1777,674,1011,27,662,12,626,25,252,3171],"class_list":{"0":"post-279831","1":"post","2":"type-post","3":"status-publish","4":"format-standard","5":"has-post-thumbnail","7":"category-ile-de-france","8":"tag-actu","9":"tag-actualites","10":"tag-eu","11":"tag-europe","12":"tag-fr","13":"tag-france","14":"tag-ile-de-france","15":"tag-news","16":"tag-paris","17":"tag-republique-francaise","18":"tag-television","19":"tag-tnt"},"share_on_mastodon":{"url":"https:\/\/pubeurope.com\/@fr\/114931477198097394","error":""},"_links":{"self":[{"href":"https:\/\/www.europesays.com\/fr\/wp-json\/wp\/v2\/posts\/279831","targetHints":{"allow":["GET"]}}],"collection":[{"href":"https:\/\/www.europesays.com\/fr\/wp-json\/wp\/v2\/posts"}],"about":[{"href":"https:\/\/www.europesays.com\/fr\/wp-json\/wp\/v2\/types\/post"}],"author":[{"embeddable":true,"href":"https:\/\/www.europesays.com\/fr\/wp-json\/wp\/v2\/users\/2"}],"replies":[{"embeddable":true,"href":"https:\/\/www.europesays.com\/fr\/wp-json\/wp\/v2\/comments?post=279831"}],"version-history":[{"count":0,"href":"https:\/\/www.europesays.com\/fr\/wp-json\/wp\/v2\/posts\/279831\/revisions"}],"wp:featuredmedia":[{"embeddable":true,"href":"https:\/\/www.europesays.com\/fr\/wp-json\/wp\/v2\/media\/279832"}],"wp:attachment":[{"href":"https:\/\/www.europesays.com\/fr\/wp-json\/wp\/v2\/media?parent=279831"}],"wp:term":[{"taxonomy":"category","embeddable":true,"href":"https:\/\/www.europesays.com\/fr\/wp-json\/wp\/v2\/categories?post=279831"},{"taxonomy":"post_tag","embeddable":true,"href":"https:\/\/www.europesays.com\/fr\/wp-json\/wp\/v2\/tags?post=279831"}],"curies":[{"name":"wp","href":"https:\/\/api.w.org\/{rel}","templated":true}]}}