{"id":279833,"date":"2025-07-28T15:05:10","date_gmt":"2025-07-28T15:05:10","guid":{"rendered":"https:\/\/www.europesays.com\/fr\/279833\/"},"modified":"2025-07-28T15:05:10","modified_gmt":"2025-07-28T15:05:10","slug":"pourquoi-la-moitie-des-fontaines-sont-elles-sans-eau-malgre-dimportantes-renovations","status":"publish","type":"post","link":"https:\/\/www.europesays.com\/fr\/279833\/","title":{"rendered":"pourquoi la moiti\u00e9 des fontaines sont-elles sans eau malgr\u00e9 d&rsquo;importantes r\u00e9novations\u00a0?"},"content":{"rendered":"<p>            Par<br \/>\n        <strong><br \/>\n            <a href=\"https:\/\/actu.fr\/auteur\/ines-cussac-actu-fr\" title=\"Consulter tous les articles de In\u00e8s Cussac\" rel=\"nofollow noopener\" target=\"_blank\">In\u00e8s Cussac<\/a><br \/>\n        <\/strong><\/p>\n<p>        Publi\u00e9 le<\/p>\n<p>            28 juil. 2025 \u00e0 17h00        <\/p>\n<p>\u00ab\u2009Plus de 50\u2009% des fontaines parisiennes ne marchent pas. Elles sont hors d\u2019eau, et je suis hors de moi.\u2009\u00bb Sur <a href=\"https:\/\/x.com\/ltdla\/status\/1947014524999004252\" rel=\"nofollow\">les r\u00e9seaux sociaux<\/a>, les messages d\u2019agacement coulent \u00e0 flots. Contrairement aux fontaines de la capitale, dont bon nombre d\u2019entre elles sont \u00e0 l\u2019arr\u00eat. \u00c0 l\u2019image de <strong>la fontaine Stravinsky<\/strong> situ\u00e9e au pied du centre Pompidou. En ce mois de juillet\u00a02025, l\u2019\u0153uvre de Niki de Saint-Phalle et de Jean Tinguely est encore paralys\u00e9e <strong>pour de la maintenance<\/strong> malgr\u00e9 <a href=\"https:\/\/actu.fr\/ile-de-france\/paris_75056\/paris-la-fontaine-stravinsky-jaillit-de-nouveau-au-pied-du-centre-pompidou_60304816.html\" rel=\"nofollow noopener\" target=\"_blank\">une importante restauration<\/a> achev\u00e9e fin 2023.<br \/>Et cela n\u2019a pas \u00e9chapp\u00e9 \u00e0 la vigilance de plusieurs Parisiens d\u00e9fenseurs du patrimoine qui d\u00e9noncent des manquements. \u00ab\u2009Comment une telle absence d\u2019entretien est-elle possible apr\u00e8s une r\u00e9novation qui a d\u00fb co\u00fbter des millions\u2009?\u2009\u00bb s\u2019interroge l\u2019un d\u2019eux sur <a href=\"https:\/\/x.com\/DeparisJulien\/status\/1937578744220119535\" rel=\"nofollow\">X<\/a> au sujet de cette \u0153uvre de 1983 dont <strong>la r\u00e9novation a pes\u00e9 <a href=\"https:\/\/www.paris.fr\/pages\/restauration-d-ampleur-pour-la-fontaine-stravinsky-20903\" rel=\"nofollow noopener\" target=\"_blank\">2\u00a0millions d\u2019euros<\/a>.<\/strong><\/p>\n<p>Des travaux il y a trois ans \u00e0 peine<\/p>\n<p class=\" wall-content\">En 2022, <a href=\"https:\/\/actu.fr\/ile-de-france\/paris_75056\/expo-restauration-les-projets-de-paris-pour-ses-fontaines-centenaires_48182782.html\" rel=\"nofollow noopener\" target=\"_blank\">la Ville de Paris avait lanc\u00e9 de grands travaux de r\u00e9novation<\/a> de son patrimoine. 32,5 millions d\u2019euros avaient \u00e9t\u00e9 d\u00e9bours\u00e9s pour sauver les fontaines notamment. Cette d\u00e9marche avait \u00e9t\u00e9 mise en place face au <a href=\"https:\/\/actu.fr\/ile-de-france\/paris_75056\/comment-saccageparis-a-permis-a-des-citoyens-ordinaires-de-peser-comme-rarement-sur-les-decisions-des-elus_62640901.html\" rel=\"nofollow noopener\" target=\"_blank\">mouvement #SaccageParis<\/a>, pointant du doigt la v\u00e9tust\u00e9 des monuments de la capitale.<\/p>\n<p class=\" wall-content\">Trois ans plus tard \u00e0 peine, certaines \u0153uvres montrent d\u00e9j\u00e0 des d\u00e9fauts. La fontaine Moli\u00e8re par exemple (1er), dont six mois de travaux avaient \u00e9t\u00e9 n\u00e9cessaires pour remplacer des pierres de tailles, remailler des fissures ou encore remplacer les joints, <strong>est aujourd\u2019hui accessoiris\u00e9e de ruban adh\u00e9sif<\/strong> en attendant des travaux.<\/p>\n<p class=\" wall-content\">\n<p class=\" wall-content\">Au total, pr\u00e8s de la moiti\u00e9 des fontaines sont hors d\u2019eau \u00e0 Paris. Contact\u00e9e par actu Paris, la Ville pr\u00e9cise\u2009: \u00ab\u200985 fontaines ornementales sont pr\u00e9sentes dans l\u2019espace public dont 47 fontaines en eau fin juin, 26 en attentes de travaux ou en travaux n\u00e9cessaires \u00e0 une remise en eau et 12 fontaines en arr\u00eat temporaire. Ce qui porte le taux de fontaines en eau \u00e0 55\u2009% du total des fontaines pr\u00e9sentes dans l\u2019espace public.\u2009\u00bb<\/p>\n<p class=\" wall-content\">Elle indique que, certaines fontaines en \u00e9tat de fonctionner sont \u00e0 l\u2019arr\u00eat<strong> \u00ab\u2009pour des raisons sp\u00e9cifiques\u2009\u00bb<\/strong> comme celles de la Concorde (8e) [\u00e9galement r\u00e9nov\u00e9es en 2022 pour plus de 700\u2009000\u00a0euros, ndlr]. Elles \u00ab\u2009\u00e9taient arr\u00eat\u00e9es en raison du 14\u00a0juillet mais avec l\u2019ach\u00e8vement du d\u00e9montage elles seront tr\u00e8s prochainement \u00e0 nouveau en eau\u2009\u00bb. La fontaine Saint-Sulpice (6e) avait aussi \u00e9t\u00e9 stopp\u00e9e \u00ab\u2009\u00e0 la demande de la mairie d\u2019arrondissement\u2009\u00bb mais \u00ab\u2009la remise en eau vient d\u2019avoir lieu\u2009\u00bb, assure la Ville.<\/p>\n<p class=\" wall-content\">Pour la fontaine de Varsovie (16e), situ\u00e9e dans les jardins du Trocad\u00e9ro, des travaux de maintenance sont en cours, malgr\u00e9 <strong>une r\u00e9novation en 2021.<\/strong><\/p>\n<p>Interpeller pour avancer\u2009?<\/p>\n<p class=\" wall-content\">En 2017, une enqu\u00eate publi\u00e9e dans <a href=\"https:\/\/www.latribunedelart.com\/la-grande-misere-des-fontaines-parisiennes\" rel=\"nofollow noopener\" target=\"_blank\">La Tribune de l\u2019Art<\/a> avait list\u00e9 toutes les fontaines mises hors d\u2019eau \u00e0 Paris. Son auteur, toujours sur le qui-vive, poursuit son investigation et <strong>interpelle les \u00e9lus sur les r\u00e9seaux sociaux<\/strong> pour les pousser \u00e0 r\u00e9agir.<\/p>\n<p class=\" wall-content\">\n<p class=\" wall-content\">Le dernier succ\u00e8s en date remonte au 20\u00a0juillet 2025 avec la fontaine Boucherat. Photo \u00e0 l\u2019appui, il a publi\u00e9 sur X le monument ass\u00e9ch\u00e9. 24\u00a0heures plus tard, et quelques centaines de milliers de vues, l\u2019adjointe \u00e0 la Ville de Paris, Karen Ta\u00efeb, a r\u00e9pondu \u00e0 la publication avec une photo de la fontaine nettoy\u00e9e. Une avanc\u00e9e telle un pansement sur une jambe de bois selon l\u2019internaute qui regrette, encore, <strong>\u00ab\u2009un travail \u00e0 la va-vite\u2009\u00bb<\/strong>.<\/p>\n<p class=\" wall-content\">Suivez toute l\u2019actualit\u00e9 de vos villes et m\u00e9dias favoris en vous inscrivant \u00e0 <a href=\"https:\/\/moncompte.actu.fr\" title=\"D\u00e9couvez Mon Actu\" rel=\"nofollow noopener\" data-trk=\"{&quot;cta&quot;:{&quot;action&quot;:&quot;https:\\\/\\\/moncompte.actu.fr&quot;,&quot;category&quot;:&quot;mon compte&quot;,&quot;from&quot;:&quot;article footer&quot;,&quot;name&quot;:&quot;Mon actu&quot;,&quot;type&quot;:&quot;cta&quot;}}\" target=\"_blank\">Mon Actu<\/a>.<\/p>\n","protected":false},"excerpt":{"rendered":"Par In\u00e8s Cussac Publi\u00e9 le 28 juil. 2025 \u00e0 17h00 \u00ab\u2009Plus de 50\u2009% des fontaines parisiennes ne marchent&hellip;\n","protected":false},"author":2,"featured_media":279834,"comment_status":"","ping_status":"","sticky":false,"template":"","format":"standard","meta":{"footnotes":""},"categories":[1888],"tags":[1111,1928,11,1927,1777,674,1011,27,12,1926,626,1925,2551,25,104,2086],"class_list":{"0":"post-279833","1":"post","2":"type-post","3":"status-publish","4":"format-standard","5":"has-post-thumbnail","7":"category-paris","8":"tag-actu","9":"tag-actu-paris","10":"tag-actualites","11":"tag-actualites-paris","12":"tag-eu","13":"tag-europe","14":"tag-fr","15":"tag-france","16":"tag-news","17":"tag-news-paris","18":"tag-paris","19":"tag-paris-news","20":"tag-patrimoine","21":"tag-republique-francaise","22":"tag-societe","23":"tag-travaux"},"share_on_mastodon":{"url":"https:\/\/pubeurope.com\/@fr\/114931480870128438","error":""},"_links":{"self":[{"href":"https:\/\/www.europesays.com\/fr\/wp-json\/wp\/v2\/posts\/279833","targetHints":{"allow":["GET"]}}],"collection":[{"href":"https:\/\/www.europesays.com\/fr\/wp-json\/wp\/v2\/posts"}],"about":[{"href":"https:\/\/www.europesays.com\/fr\/wp-json\/wp\/v2\/types\/post"}],"author":[{"embeddable":true,"href":"https:\/\/www.europesays.com\/fr\/wp-json\/wp\/v2\/users\/2"}],"replies":[{"embeddable":true,"href":"https:\/\/www.europesays.com\/fr\/wp-json\/wp\/v2\/comments?post=279833"}],"version-history":[{"count":0,"href":"https:\/\/www.europesays.com\/fr\/wp-json\/wp\/v2\/posts\/279833\/revisions"}],"wp:featuredmedia":[{"embeddable":true,"href":"https:\/\/www.europesays.com\/fr\/wp-json\/wp\/v2\/media\/279834"}],"wp:attachment":[{"href":"https:\/\/www.europesays.com\/fr\/wp-json\/wp\/v2\/media?parent=279833"}],"wp:term":[{"taxonomy":"category","embeddable":true,"href":"https:\/\/www.europesays.com\/fr\/wp-json\/wp\/v2\/categories?post=279833"},{"taxonomy":"post_tag","embeddable":true,"href":"https:\/\/www.europesays.com\/fr\/wp-json\/wp\/v2\/tags?post=279833"}],"curies":[{"name":"wp","href":"https:\/\/api.w.org\/{rel}","templated":true}]}}