{"id":279845,"date":"2025-07-28T15:11:10","date_gmt":"2025-07-28T15:11:10","guid":{"rendered":"https:\/\/www.europesays.com\/fr\/279845\/"},"modified":"2025-07-28T15:11:10","modified_gmt":"2025-07-28T15:11:10","slug":"environnement-dependance-pourquoi-le-deal-energetique-xxl-entre-lue-et-les-etats-unis-interroge","status":"publish","type":"post","link":"https:\/\/www.europesays.com\/fr\/279845\/","title":{"rendered":"Environnement, d\u00e9pendance\u2026 Pourquoi le deal \u00e9nerg\u00e9tique XXL entre l\u2019UE et les \u00c9tats-Unis interroge"},"content":{"rendered":"<p class=\"paragraph text_align_left lp-f-body-02\">Une vague d\u2019hydrocarbures am\u00e9ricains en passe de d\u00e9ferler sur l\u2019Europe ? N\u00e9goci\u00e9 \u00e2prement depuis des mois, l\u2019accord commercial <a href=\"https:\/\/www.leparisien.fr\/international\/droits-de-douane-achat-dhydrocarbures-que-contient-laccord-entre-lue-et-les-etats-unis-27-07-2025-PJUAPQTWGJEWXHPBWQP3QYBVYA.php\" target=\"_self\" rel=\"nofollow noopener\">conclu dimanche soir<\/a> entre l\u2019Union Europ\u00e9enne et les \u00c9tats-Unis pr\u00e9voit l\u2019achat d\u2019hydrocarbures am\u00e9ricains (gaz naturel, combustibles nucl\u00e9aires et p\u00e9trole) d\u2019une valeur de 750 milliards de dollars sur trois ans, soit 250 milliards par an.<\/p>\n<p class=\"paragraph text_align_left lp-f-body-02\">Depuis <a href=\"https:\/\/www.leparisien.fr\/international\/ukraine\/\" target=\"_self\" rel=\"nofollow noopener\">l\u2019invasion de l\u2019Ukraine<\/a>, l\u2019Europe cherche \u00e0 couper les ponts \u00e9nerg\u00e9tiques avec Moscou, <a href=\"https:\/\/www.leparisien.fr\/economie\/guerre-en-ukraine-pourquoi-importons-nous-encore-autant-de-gaz-russe-04-03-2025-ZUQAIYP2LZC7LGQ5BXUBXCQVLY.php\" target=\"_self\" rel=\"nofollow noopener\">un processus long et compliqu\u00e9<\/a>. \u00ab Nous voulons absolument nous d\u00e9barrasser des combustibles fossiles russes, et il est donc tout \u00e0 fait opportun d\u2019acheter du gaz naturel liqu\u00e9fie (GNL) plus abordable et de meilleure qualit\u00e9 aux \u00c9tats-Unis \u00bb, a justifi\u00e9 la pr\u00e9sidente de la Commission europ\u00e9enne <a href=\"https:\/\/www.leparisien.fr\/international\/ursula-von-der-leyen\/\" target=\"_self\" rel=\"nofollow noopener\">Ursula von der Leyen<\/a>.<\/p>\n","protected":false},"excerpt":{"rendered":"Une vague d\u2019hydrocarbures am\u00e9ricains en passe de d\u00e9ferler sur l\u2019Europe ? N\u00e9goci\u00e9 \u00e2prement depuis des mois, l\u2019accord commercial&hellip;\n","protected":false},"author":2,"featured_media":279846,"comment_status":"","ping_status":"","sticky":false,"template":"","format":"standard","meta":{"footnotes":""},"categories":[1589],"tags":[11,33,73,1866,14,12,1864,1865,1863,308],"class_list":{"0":"post-279845","1":"post","2":"type-post","3":"status-publish","4":"format-standard","5":"has-post-thumbnail","7":"category-etats-unis","8":"tag-actualites","9":"tag-economie","10":"tag-etats-unis","11":"tag-etats-unis-damerique","12":"tag-international","13":"tag-news","14":"tag-united-states","15":"tag-united-states-of-america","16":"tag-us","17":"tag-usa"},"share_on_mastodon":{"url":"","error":""},"_links":{"self":[{"href":"https:\/\/www.europesays.com\/fr\/wp-json\/wp\/v2\/posts\/279845","targetHints":{"allow":["GET"]}}],"collection":[{"href":"https:\/\/www.europesays.com\/fr\/wp-json\/wp\/v2\/posts"}],"about":[{"href":"https:\/\/www.europesays.com\/fr\/wp-json\/wp\/v2\/types\/post"}],"author":[{"embeddable":true,"href":"https:\/\/www.europesays.com\/fr\/wp-json\/wp\/v2\/users\/2"}],"replies":[{"embeddable":true,"href":"https:\/\/www.europesays.com\/fr\/wp-json\/wp\/v2\/comments?post=279845"}],"version-history":[{"count":0,"href":"https:\/\/www.europesays.com\/fr\/wp-json\/wp\/v2\/posts\/279845\/revisions"}],"wp:featuredmedia":[{"embeddable":true,"href":"https:\/\/www.europesays.com\/fr\/wp-json\/wp\/v2\/media\/279846"}],"wp:attachment":[{"href":"https:\/\/www.europesays.com\/fr\/wp-json\/wp\/v2\/media?parent=279845"}],"wp:term":[{"taxonomy":"category","embeddable":true,"href":"https:\/\/www.europesays.com\/fr\/wp-json\/wp\/v2\/categories?post=279845"},{"taxonomy":"post_tag","embeddable":true,"href":"https:\/\/www.europesays.com\/fr\/wp-json\/wp\/v2\/tags?post=279845"}],"curies":[{"name":"wp","href":"https:\/\/api.w.org\/{rel}","templated":true}]}}