{"id":279847,"date":"2025-07-28T15:12:16","date_gmt":"2025-07-28T15:12:16","guid":{"rendered":"https:\/\/www.europesays.com\/fr\/279847\/"},"modified":"2025-07-28T15:12:16","modified_gmt":"2025-07-28T15:12:16","slug":"la-productivite-du-secteur-public-britannique-repart-a-la-hausse-mais-reste-inferieure-a-son-niveau-davant-pandemie","status":"publish","type":"post","link":"https:\/\/www.europesays.com\/fr\/279847\/","title":{"rendered":"La productivit\u00e9 du secteur public britannique repart \u00e0 la hausse, mais reste inf\u00e9rieure \u00e0 son niveau d&rsquo;avant-pand\u00e9mie"},"content":{"rendered":"<p>La productivit\u00e9 du secteur public au Royaume-Uni a enregistr\u00e9 sa plus forte progression annuelle en deux ans au premier trimestre 2025, tout en demeurant, en valeur absolue, inf\u00e9rieure \u00e0 son niveau d&rsquo;avant la pand\u00e9mie, selon les chiffres officiels publi\u00e9s lundi.<\/p>\n<p>La croissance de la productivit\u00e9 &#8212; principal moteur de l&rsquo;am\u00e9lioration du niveau de vie \u00e0 long terme &#8212; demeure faible dans l&rsquo;ensemble de l&rsquo;\u00e9conomie britannique depuis la crise financi\u00e8re de 2008, et son ralentissement est plus marqu\u00e9 que dans des \u00e9conomies comparables.<\/p>\n<p>La productivit\u00e9 du secteur public britannique a chut\u00e9 de mani\u00e8re particuli\u00e8rement brutale pendant la pand\u00e9mie de COVID-19, lorsque les h\u00f4pitaux n&rsquo;ont pas pu assurer de nombreux traitements de routine. Sa reprise s&rsquo;est ensuite av\u00e9r\u00e9e difficile, en partie \u00e0 cause des mouvements de gr\u00e8ve dans le secteur de la sant\u00e9.<\/p>\n<p>Selon les donn\u00e9es publi\u00e9es lundi par l&rsquo;Office national des statistiques (ONS), la productivit\u00e9 totale des services publics a progress\u00e9 de 1,0\u00a0% au premier trimestre 2025 par rapport \u00e0 l&rsquo;ann\u00e9e pr\u00e9c\u00e9dente. Ce chiffre s&rsquo;inscrit en hausse par rapport \u00e0 la croissance annuelle de 0,8\u00a0% observ\u00e9e au dernier trimestre 2024, et constitue la progression la plus rapide depuis le premier trimestre 2023.<\/p>\n<p>La croissance de la productivit\u00e9 du secteur public pour 2024 a \u00e9t\u00e9 r\u00e9vis\u00e9e \u00e0 la hausse, passant d&rsquo;une baisse de 0,3\u00a0% \u00e0 une l\u00e9g\u00e8re augmentation de 0,1\u00a0%, en raison d&rsquo;une production de soins de sant\u00e9 sup\u00e9rieure aux estimations initiales.<\/p>\n<p>Cependant, cette r\u00e9vision laisse la productivit\u00e9 globale encore 4,2\u00a0% en dessous de son niveau d&rsquo;avant la pand\u00e9mie. Dans le secteur de la sant\u00e9, elle demeure l&rsquo;an dernier pr\u00e8s de 9\u00a0% inf\u00e9rieure \u00e0 celle de 2019, un niveau \u00e9quivalent \u00e0 celui de 2012.<\/p>\n<p>Des niveaux de productivit\u00e9 plus faibles impliquent de fait que le public doit payer davantage d&rsquo;imp\u00f4ts pour b\u00e9n\u00e9ficier des m\u00eames services qu&rsquo;auparavant &#8212; une difficult\u00e9 budg\u00e9taire suppl\u00e9mentaire pour le gouvernement britannique, qui alimente \u00e9galement un sentiment g\u00e9n\u00e9ral de m\u00e9contentement envers les principaux partis politiques.<\/p>\n<p>La mesure de la productivit\u00e9 dans le secteur public est plus complexe que dans le secteur priv\u00e9, car de nombreux services sont difficiles \u00e0 \u00e9valuer et il est compliqu\u00e9 de suivre l&rsquo;\u00e9volution de leur qualit\u00e9.<\/p>\n<p>Les propres estimations du service de sant\u00e9 affichent un d\u00e9ficit moindre que celles de l&rsquo;ONS &#8212; notamment pour les donn\u00e9es trimestrielles &#8212; en raison de divergences sur les m\u00e9dicaments co\u00fbteux, les vaccins contre la COVID-19 et la mani\u00e8re dont les donn\u00e9es anglaises sont appliqu\u00e9es au reste du Royaume-Uni.<\/p>\n<p>Les donn\u00e9es publi\u00e9es lundi par l&rsquo;ONS sont consid\u00e9r\u00e9es comme \u00e9tant en cours de d\u00e9veloppement, ce qui signifie qu&rsquo;elles sont plus susceptibles d&rsquo;\u00eatre r\u00e9vis\u00e9es que les donn\u00e9es principales de l&rsquo;organisme.<\/p>\n","protected":false},"excerpt":{"rendered":"La productivit\u00e9 du secteur public au Royaume-Uni a enregistr\u00e9 sa plus forte progression annuelle en deux ans au&hellip;\n","protected":false},"author":2,"featured_media":279848,"comment_status":"","ping_status":"","sticky":false,"template":"","format":"standard","meta":{"footnotes":""},"categories":[1588],"tags":[11,340,1777,674,12,473,1853,1851,1850,1852],"class_list":{"0":"post-279847","1":"post","2":"type-post","3":"status-publish","4":"format-standard","5":"has-post-thumbnail","7":"category-royaume-uni","8":"tag-actualites","9":"tag-bourse","10":"tag-eu","11":"tag-europe","12":"tag-news","13":"tag-royaume-uni","14":"tag-royaume-uni-de-grande-bretagne-et-dirlande-du-nord","15":"tag-uk","16":"tag-united-kingdom","17":"tag-united-kingdom-of-great-britain-and-northern-ireland"},"share_on_mastodon":{"url":"https:\/\/pubeurope.com\/@fr\/114931508419572370","error":""},"_links":{"self":[{"href":"https:\/\/www.europesays.com\/fr\/wp-json\/wp\/v2\/posts\/279847","targetHints":{"allow":["GET"]}}],"collection":[{"href":"https:\/\/www.europesays.com\/fr\/wp-json\/wp\/v2\/posts"}],"about":[{"href":"https:\/\/www.europesays.com\/fr\/wp-json\/wp\/v2\/types\/post"}],"author":[{"embeddable":true,"href":"https:\/\/www.europesays.com\/fr\/wp-json\/wp\/v2\/users\/2"}],"replies":[{"embeddable":true,"href":"https:\/\/www.europesays.com\/fr\/wp-json\/wp\/v2\/comments?post=279847"}],"version-history":[{"count":0,"href":"https:\/\/www.europesays.com\/fr\/wp-json\/wp\/v2\/posts\/279847\/revisions"}],"wp:featuredmedia":[{"embeddable":true,"href":"https:\/\/www.europesays.com\/fr\/wp-json\/wp\/v2\/media\/279848"}],"wp:attachment":[{"href":"https:\/\/www.europesays.com\/fr\/wp-json\/wp\/v2\/media?parent=279847"}],"wp:term":[{"taxonomy":"category","embeddable":true,"href":"https:\/\/www.europesays.com\/fr\/wp-json\/wp\/v2\/categories?post=279847"},{"taxonomy":"post_tag","embeddable":true,"href":"https:\/\/www.europesays.com\/fr\/wp-json\/wp\/v2\/tags?post=279847"}],"curies":[{"name":"wp","href":"https:\/\/api.w.org\/{rel}","templated":true}]}}