{"id":279849,"date":"2025-07-28T15:13:10","date_gmt":"2025-07-28T15:13:10","guid":{"rendered":"https:\/\/www.europesays.com\/fr\/279849\/"},"modified":"2025-07-28T15:13:10","modified_gmt":"2025-07-28T15:13:10","slug":"sarrebruck-passeur-presume-intercepte-a-la-frontiere-francaise","status":"publish","type":"post","link":"https:\/\/www.europesays.com\/fr\/279849\/","title":{"rendered":"Sarrebruck: passeur pr\u00e9sum\u00e9 intercept\u00e9 \u00e0 la fronti\u00e8re fran\u00e7aise"},"content":{"rendered":"<p>Dimanche apr\u00e8s-midi, \u00e0 Sarrebruck-Gersweiler, la police f\u00e9d\u00e9rale allemande a intercept\u00e9 un passeur pr\u00e9sum\u00e9 \u00e0 bord d&rsquo;une camionnette, alors qu&rsquo;il entrait sur le territoire allemand depuis la France. Deux ressortissants moldaves se trouvant dans le v\u00e9hicule, qui n&rsquo;avaient pas de documents valides, ont \u00e9t\u00e9 renvoy\u00e9s en France, a indiqu\u00e9 la police f\u00e9d\u00e9rale \u00e0 Sarrebruck. Une proc\u00e9dure p\u00e9nale pour tentative d&rsquo;entr\u00e9e ill\u00e9gale a \u00e9t\u00e9 engag\u00e9e contre les deux hommes.<\/p>\n<p>Le conducteur du fourgon fait d\u00e9sormais l&rsquo;objet d&rsquo;une enqu\u00eate pour trafic d&rsquo;\u00e9trangers. Il avait d\u00e9j\u00e0 eu affaire \u00e0 la police pour des faits similaires par le pass\u00e9, a indiqu\u00e9 la police. Apr\u00e8s son interrogatoire au commissariat f\u00e9d\u00e9ral de Sarrebruck-Goldene Bremm, il a \u00e9t\u00e9 autoris\u00e9 \u00e0 quitter les lieux apr\u00e8s avoir vers\u00e9 une caution \u2013 il avait sur lui une importante somme d&rsquo;argent liquide.<\/p>\n<p>Au total, cinq personnes \u00e2g\u00e9es de 17 \u00e0 41 ans se trouvaient dans la camionnette, dont trois ressortissants roumains et deux ressortissants moldaves.<\/p>\n","protected":false},"excerpt":{"rendered":"Dimanche apr\u00e8s-midi, \u00e0 Sarrebruck-Gersweiler, la police f\u00e9d\u00e9rale allemande a intercept\u00e9 un passeur pr\u00e9sum\u00e9 \u00e0 bord d&rsquo;une camionnette, alors&hellip;\n","protected":false},"author":2,"featured_media":279850,"comment_status":"","ping_status":"","sticky":false,"template":"","format":"standard","meta":{"footnotes":""},"categories":[1587],"tags":[11,672,1804,1805,1803,1777,674,1801,12,1802],"class_list":{"0":"post-279849","1":"post","2":"type-post","3":"status-publish","4":"format-standard","5":"has-post-thumbnail","7":"category-allemagne","8":"tag-actualites","9":"tag-allemagne","10":"tag-bundesrepublik-deutschland","11":"tag-de","12":"tag-deutschland","13":"tag-eu","14":"tag-europe","15":"tag-germany","16":"tag-news","17":"tag-republique-federale-dallemagne"},"share_on_mastodon":{"url":"https:\/\/pubeurope.com\/@fr\/114931512823960817","error":""},"_links":{"self":[{"href":"https:\/\/www.europesays.com\/fr\/wp-json\/wp\/v2\/posts\/279849","targetHints":{"allow":["GET"]}}],"collection":[{"href":"https:\/\/www.europesays.com\/fr\/wp-json\/wp\/v2\/posts"}],"about":[{"href":"https:\/\/www.europesays.com\/fr\/wp-json\/wp\/v2\/types\/post"}],"author":[{"embeddable":true,"href":"https:\/\/www.europesays.com\/fr\/wp-json\/wp\/v2\/users\/2"}],"replies":[{"embeddable":true,"href":"https:\/\/www.europesays.com\/fr\/wp-json\/wp\/v2\/comments?post=279849"}],"version-history":[{"count":0,"href":"https:\/\/www.europesays.com\/fr\/wp-json\/wp\/v2\/posts\/279849\/revisions"}],"wp:featuredmedia":[{"embeddable":true,"href":"https:\/\/www.europesays.com\/fr\/wp-json\/wp\/v2\/media\/279850"}],"wp:attachment":[{"href":"https:\/\/www.europesays.com\/fr\/wp-json\/wp\/v2\/media?parent=279849"}],"wp:term":[{"taxonomy":"category","embeddable":true,"href":"https:\/\/www.europesays.com\/fr\/wp-json\/wp\/v2\/categories?post=279849"},{"taxonomy":"post_tag","embeddable":true,"href":"https:\/\/www.europesays.com\/fr\/wp-json\/wp\/v2\/tags?post=279849"}],"curies":[{"name":"wp","href":"https:\/\/api.w.org\/{rel}","templated":true}]}}