{"id":279851,"date":"2025-07-28T15:14:10","date_gmt":"2025-07-28T15:14:10","guid":{"rendered":"https:\/\/www.europesays.com\/fr\/279851\/"},"modified":"2025-07-28T15:14:10","modified_gmt":"2025-07-28T15:14:10","slug":"le-triomphe-de-la-peur-pourquoi-leurope-laisse-t-elle-les-etats-unis-lui-marcher-dessus","status":"publish","type":"post","link":"https:\/\/www.europesays.com\/fr\/279851\/","title":{"rendered":"\u00ab\u00a0Le triomphe de la peur\u00a0\u00bb\u2026 Pourquoi l\u2019Europe laisse-t-elle les Etats-Unis lui marcher dessus\u00a0?"},"content":{"rendered":"<blockquote class=\"mx-m@xs mx-xxl@md color-ultramarine c-citation\">\n<p class=\"font-weight-regular@xs text-italic font-source-serif-pro text-l@xs c-citation__content\">\u00ab\u00a0 \u00abSi quelqu\u2019un te frappe sur la joue droite, pr\u00e9sente-lui aussi l\u2019autre.\u00a0\u00bb (Matthieu 5\u00a0: 40)\u00a0\u00bb<\/p>\n<\/blockquote>\n<p>L\u2019<a href=\"https:\/\/www.20minutes.fr\/dossier\/ue\" class=\"color-ultramarine c-link\" target=\"_blank\" rel=\"noopener\">Union europ\u00e9enne<\/a> a choisi le pire moment pour faire honneur \u00e0 ses origines chr\u00e9tiennes\u00a0: l\u2019accord sur les <a href=\"https:\/\/www.20minutes.fr\/economie\/droits-douane-americains\/\" class=\"color-ultramarine c-link\" target=\"_blank\" rel=\"noopener\">droits de douane<\/a> avec les <a href=\"https:\/\/www.20minutes.fr\/monde\/etats-unis\/\" class=\"color-ultramarine c-link\" target=\"_blank\" rel=\"noopener\">Etats-Unis<\/a> ce dimanche. En apparence, <a href=\"https:\/\/www.20minutes.fr\/dossier\/donald_trump\" class=\"color-ultramarine c-link\" target=\"_blank\" rel=\"noopener\">Donald Trump<\/a> sort grand vainqueur du deal\u00a0: 15\u00a0% de droits de <a href=\"https:\/\/www.20minutes.fr\/dossier\/douane\" class=\"color-ultramarine c-link\" target=\"_blank\" rel=\"noopener\">douane<\/a> sur les produits <a href=\"https:\/\/www.20minutes.fr\/dossier\/europe\" class=\"color-ultramarine c-link\" target=\"_blank\" rel=\"noopener\">europ\u00e9ens<\/a>, 0\u00a0% sur les produits am\u00e9ricains, la garantie que les Vingt-Sept ach\u00e8teront pour 750\u00a0milliards d\u2019euros d\u2019<a href=\"https:\/\/www.20minutes.fr\/dossier\/energie\" class=\"color-ultramarine c-link\" target=\"_blank\" rel=\"noopener\">\u00e9nergie<\/a> made in USA, 600\u00a0milliards d\u2019investissement europ\u00e9en aux Etats-Unis, et des promesses d\u2019achats militaires. De son c\u00f4t\u00e9, <a href=\"https:\/\/www.20minutes.fr\/politique\/ursula-von-der-leyen\/\" class=\"color-ultramarine c-link\" target=\"_blank\" rel=\"noopener\">Ursula von\u00a0der\u00a0Leyen<\/a> repart avec pratiquement aucune contrepartie, mais a parl\u00e9 d\u2019un \u00ab\u00a0bon accord\u00a0\u00bb, selon le verset de Saint Matthieu.<\/p>\n<p>Une croyance biblique qui n\u2019a pas convaincu d\u2019autres observateurs europ\u00e9ens, bien plus conscients du d\u00e9gommage que le continent venait de subir. <a href=\"https:\/\/www.20minutes.fr\/politique\/francois_bayrou\/\" class=\"color-ultramarine c-link\" target=\"_blank\" rel=\"noopener\">Fran\u00e7ois Bayrou<\/a> a parl\u00e9 d\u2019un \u00ab\u00a0jour sombre\u00a0\u00bb et d\u2019une \u00ab\u00a0soumission\u00a0\u00bb, tandis que son homologue hongrois a estim\u00e9 que Trump \u00ab\u00a0avait mang\u00e9\u00a0\u00bb Von der Leyen \u00ab\u00a0au petit-d\u00e9jeuner\u00a0\u00bb.<\/p>\n<p>\u00ab\u00a0L\u2019Europe n\u2019a pas les moyens d\u2019une guerre commerciale\u00a0\u00bb<\/p>\n<p>Mais pourquoi l\u2019Europe n\u2019a-t-elle pas ripost\u00e9\u00a0? Pour l\u2019\u00e9conomiste Marc Touati, c\u2019est tout simplement qu\u2019elle n\u2019en a plus les moyens\u00a0: \u00ab\u00a0L\u2019Europe est en exc\u00e9dent commercial et avait donc tout \u00e0 perdre sur les droits de douane. Quant \u00e0 <a href=\"https:\/\/www.20minutes.fr\/economie\/taxe\/\" class=\"color-ultramarine c-link\" target=\"_blank\" rel=\"noopener\">taxer<\/a> les produits am\u00e9ricains, l\u2019Union europ\u00e9enne n\u2019est pas capable de produire leur alternative\u00a0\u00bb, notamment en terme technologique et \u00e9lectronique. \u00ab\u00a0C\u2019est un \u00e9norme aveu de faiblesse mais l\u2019Europe ne peut plus encaisser &#8211; ni donc s\u2019engager &#8211; dans une guerre commerciale avec les Etats-Unis.\u00a0\u00bb<\/p>\n<\/p>\n<p>C\u2019est particuli\u00e8rement le cas pour certains pays comme l\u2019<a href=\"https:\/\/www.20minutes.fr\/dossier\/allemagne\" class=\"color-ultramarine c-link\" target=\"_blank\" rel=\"noopener\">Allemagne<\/a>. Elle \u00e9tait \u00ab\u00a0tellement t\u00e9tanis\u00e9e\u00a0\u00bb par des droits de douane \u00e0 30\u00a0% (la menace brandie par Donald Trump) \u00ab\u00a0qu\u2019elle \u00e9tait pr\u00eate \u00e0 tout c\u00e9der pour \u00e9viter le sc\u00e9nario du pire\u00a0\u00bb, poursuit V\u00e9ronique Riches-Flores, sp\u00e9cialiste en prospective <a href=\"https:\/\/www.20minutes.fr\/economie\/\" class=\"color-ultramarine c-link\" target=\"_blank\" rel=\"noopener\">\u00e9conomique<\/a> et financi\u00e8re internationale.<\/p>\n<p>\u00ab\u00a0Un triomphe de la peur\u00a0\u00bb<\/p>\n<p>M\u00eame effroi chez les Nations d\u2019Europe de l\u2019Est, ajoute S\u00e9bastien Platon, directeur du Master de droit europ\u00e9en \u00e0 l\u2019universit\u00e9 de Bordeaux. Certes, les ex-membres du bloc sovi\u00e9tique sont moins d\u00e9pendants \u00e9conomiquement des Etats-Unis, \u00ab\u00a0mais ils ne souhaitent pas donner \u00e0 Trump une nouvelle excuse pour se d\u00e9sengager militairement \u2013 m\u00eame si rien ne dit qu\u2019il ne le fera pas quand m\u00eame. C\u2019est un triomphe de la peur et de la fragmentation.\u00a0\u00bb<\/p>\n<p>Ces craintes individuelles montrent un deuxi\u00e8me \u00e9cueil qui a d\u00e9j\u00e0 tant plomb\u00e9 l\u2019Union europ\u00e9enne par le pass\u00e9\u00a0: ses divisions en interne. Un march\u00e9 unique de 450\u00a0millions de consommateurs, certes, mais surtout 27 pays avec chacun des objectifs propres. V\u00e9ronique Riches-Flores r\u00e9cite une m\u00e9lodie bien connue\u00a0: \u00ab\u00a0Il y a tellement de distensions europ\u00e9ennes qu\u2019il est tr\u00e8s difficile de se mettre d\u2019accord et d\u2019avoir des r\u00e9ponses \u00e0 la hauteur. Chaque pays tire la couverture \u00e0 lui en mettant l\u2019Europe et l\u2019action commune derri\u00e8re. Il y a une perte compl\u00e8te de force de frappe\u00a0\u00bb<\/p>\n<p>Et si l\u2019Europe avait jou\u00e9 finement\u00a0?<\/p>\n<p>Alors voil\u00e0, tout est fini, on est des branques\u00a0? Un peu d\u2019espoir tout de m\u00eame\u00a0: la passivit\u00e9 de l\u2019Europe n\u2019est peut-\u00eatre qu\u2019un pi\u00e8ge finement tiss\u00e9. Factuellement, une bonne partie de l\u2019accord ne repose effectivement sur pas grand-chose de tangible. \u00ab\u00a0L\u2019Union europ\u00e9enne ach\u00e8tera 750\u00a0milliards d\u2019\u00e9nergies\u00a0\u00bb, \u00ab\u00a0Elle ach\u00e8tera des \u00e9quipements militaires am\u00e9ricains\u00a0\u00bb, \u00ab\u00a0Elle investira davantage aux \u00c9tats-Unis\u00a0\u00bb \u2026 C\u2019est bien gentil, mais comme le rappelle S\u00e9bastien Platon, la <a href=\"https:\/\/www.20minutes.fr\/dossier\/commission\" class=\"color-ultramarine c-link\" target=\"_blank\" rel=\"noopener\">Commission<\/a> europ\u00e9enne n\u2019a pas le pouvoir de s\u2019engager sur tout cela\u00a0: \u00ab\u00a0Ce sont les \u00c9tats membres qui d\u00e9cident de leur mix \u00e9nerg\u00e9tique et o\u00f9 ils ach\u00e8tent leurs \u00e9quipements militaires. Et ce sont les investisseurs qui d\u00e9cident o\u00f9 ils investissent.\u00a0\u00bb En conclusion, pour le professeur\u00a0: \u00ab\u00a0L\u2019Union europ\u00e9enne pourrait avoir obtenu un apaisement sur la base de promesses vides.\u00a0\u00bb<\/p>\n<p>Eloge de la patience chez Sylvie Mattely, directrice de l\u2019Institut Jacques Delors et experte en questions internationales\u00a0: \u00ab\u00a0Cet accord, ce n\u2019est qu\u2019une premi\u00e8re \u00e9tape o\u00f9 l\u2019on a l\u2019impression que l\u2019Europe a c\u00e9d\u00e9 sur tout, mais attendons un peu\u2026 Tout est encore n\u00e9gociable\u00a0; on peut \u00e9tendre la liste des exceptions douani\u00e8res, comme cela a \u00e9t\u00e9 fait pour l\u2019a\u00e9ronautique et les spiritueux.\u00a0On laisse Donald Trump \u00eatre content sur la forme et on n\u00e9gocie les d\u00e9tails dont il n\u2019a cure\u00a0\u00bb.<\/p>\n<p>La sp\u00e9cialiste rappelle le cas des vaccins contre le Covid, \u00e9pisode au cours duquel l\u2019UE avait d\u00e9j\u00e0 \u00e9t\u00e9 d\u00e9cri\u00e9e avant de montrer sa puissance. \u00ab\u00a0Lorsque les Britanniques ont eu les vaccins en premier et que les Vingt-Sept attendaient leurs premi\u00e8res doses, les m\u00eames poncifs ont \u00e9t\u00e9 entendus sur une Union trop lente, trop faible et trop divis\u00e9e\u2026 Mais tr\u00e8s vite, la <a href=\"https:\/\/www.20minutes.fr\/monde\/grande-bretagne\/\" class=\"color-ultramarine c-link\" target=\"_blank\" rel=\"noopener\">Grande-Bretagne<\/a> demandait \u00e0 l\u2019Europe, bien mieux \u00e9quip\u00e9e, de lui fournir des vaccins\u00a0\u00bb. Proverbe non biblique, mais Ursula von der Leyen ne sera pas contre l\u2019id\u00e9e\u00a0: c\u2019est \u00e0 la fin du bal qu\u2019on paie les musiciens.<\/p>\n","protected":false},"excerpt":{"rendered":"\u00ab\u00a0 \u00abSi quelqu\u2019un te frappe sur la joue droite, pr\u00e9sente-lui aussi l\u2019autre.\u00a0\u00bb (Matthieu 5\u00a0: 40)\u00a0\u00bb L\u2019Union europ\u00e9enne a&hellip;\n","protected":false},"author":2,"featured_media":279852,"comment_status":"","ping_status":"","sticky":false,"template":"","format":"standard","meta":{"footnotes":""},"categories":[1586],"tags":[11,254,75,981,33,73,1777,674,1011,27,1146,14,74,12,25,555],"class_list":{"0":"post-279851","1":"post","2":"type-post","3":"status-publish","4":"format-standard","5":"has-post-thumbnail","7":"category-europe","8":"tag-actualites","9":"tag-conso","10":"tag-donald-trump","11":"tag-douane","12":"tag-economie","13":"tag-etats-unis","14":"tag-eu","15":"tag-europe","16":"tag-fr","17":"tag-france","18":"tag-guerre","19":"tag-international","20":"tag-monde","21":"tag-news","22":"tag-republique-francaise","23":"tag-union-europeenne-ue"},"share_on_mastodon":{"url":"https:\/\/pubeurope.com\/@fr\/114931516392096077","error":""},"_links":{"self":[{"href":"https:\/\/www.europesays.com\/fr\/wp-json\/wp\/v2\/posts\/279851","targetHints":{"allow":["GET"]}}],"collection":[{"href":"https:\/\/www.europesays.com\/fr\/wp-json\/wp\/v2\/posts"}],"about":[{"href":"https:\/\/www.europesays.com\/fr\/wp-json\/wp\/v2\/types\/post"}],"author":[{"embeddable":true,"href":"https:\/\/www.europesays.com\/fr\/wp-json\/wp\/v2\/users\/2"}],"replies":[{"embeddable":true,"href":"https:\/\/www.europesays.com\/fr\/wp-json\/wp\/v2\/comments?post=279851"}],"version-history":[{"count":0,"href":"https:\/\/www.europesays.com\/fr\/wp-json\/wp\/v2\/posts\/279851\/revisions"}],"wp:featuredmedia":[{"embeddable":true,"href":"https:\/\/www.europesays.com\/fr\/wp-json\/wp\/v2\/media\/279852"}],"wp:attachment":[{"href":"https:\/\/www.europesays.com\/fr\/wp-json\/wp\/v2\/media?parent=279851"}],"wp:term":[{"taxonomy":"category","embeddable":true,"href":"https:\/\/www.europesays.com\/fr\/wp-json\/wp\/v2\/categories?post=279851"},{"taxonomy":"post_tag","embeddable":true,"href":"https:\/\/www.europesays.com\/fr\/wp-json\/wp\/v2\/tags?post=279851"}],"curies":[{"name":"wp","href":"https:\/\/api.w.org\/{rel}","templated":true}]}}