{"id":279853,"date":"2025-07-28T15:15:12","date_gmt":"2025-07-28T15:15:12","guid":{"rendered":"https:\/\/www.europesays.com\/fr\/279853\/"},"modified":"2025-07-28T15:15:12","modified_gmt":"2025-07-28T15:15:12","slug":"soumission-racket-laccord-entre-lue-et-les-etats-unis-fait-lunanimite-contre-lui-lcp","status":"publish","type":"post","link":"https:\/\/www.europesays.com\/fr\/279853\/","title":{"rendered":"&lsquo;Soumission&rsquo;, &lsquo;racket&rsquo; : l&rsquo;accord entre l&rsquo;UE et les Etats-Unis fait l&rsquo;unanimit\u00e9 contre lui | LCP"},"content":{"rendered":"<p>L&rsquo;accord conclu entre la pr\u00e9sidente de la commission europ\u00e9enne Ursula von\u00a0der Leyen\u00a0et le pr\u00e9sident am\u00e9ricain Donald Trump a \u00e9t\u00e9 vivement critiqu\u00e9 ce lundi par le Premier ministre, Fran\u00e7ois Bayrou et l&rsquo;ensemble de la classe politique fran\u00e7aise.<\/p>\n<p>Il s&rsquo;agit, selon le Premier ministre <strong>Fran\u00e7ois Bayrou<\/strong>, d&rsquo;un \u00ab\u00a0jour sombre\u00a0\u00bb lors duquel \u00ab\u00a0une alliance de peuples libres, rassembl\u00e9s pour affirmer leurs valeurs et d\u00e9fendre leurs int\u00e9r\u00eats, se r\u00e9sout \u00e0 la soumission\u00a0\u00bb. L&rsquo;accord trouv\u00e9 ce dimanche\u00a0entre la pr\u00e9sidente de la commission europ\u00e9enne, <strong>Ursula von\u00a0der <\/strong><strong>Leyen<\/strong>,\u00a0et le pr\u00e9sident am\u00e9ricain <strong>Donald Trump<\/strong>, suscite un rejet unanime de la classe politique fran\u00e7aise.\u00a0<\/p>\n<p>Cet accord pr\u00e9voit <strong>15% de taxes sur les produits europ\u00e9ens import\u00e9s<\/strong> aux Etats-Unis. Par ailleurs, l&rsquo;Union europ\u00e9enne s&rsquo;est engag\u00e9e \u00e0 investir massivement sur le sol am\u00e9ricain \u00e0 hauteur de 515 milliards d&rsquo;euros et \u00e0 acheter pour 638 milliards d&rsquo;euros d&rsquo;\u00e9nergie en trois ans.<\/p>\n<p>Un accord \u00ab\u00a0in\u00e9quitable\u00a0\u00bb<\/p>\n<p>\u00ab\u00a0Cet accord ne va pas et c&rsquo;est une forme de <strong>d\u00e9faite de la commission europ\u00e9enne<\/strong>\u00ab\u00a0, a d\u00e9clar\u00e9 lundi matin <a href=\"https:\/\/x.com\/franceinfo\/status\/1949713003898609992\" target=\"_blank\">sur FranceInfo<\/a> le pr\u00e9sident de la commission des affaires europ\u00e9ennes, Pieyre-Alexandre Anglade.\u00a0\u00ab\u00a0Les Europ\u00e9ens auraient pu se d\u00e9fendre et mettre en place des mesures de r\u00e9torsion\u00a0\u00bb, a affirm\u00e9 l&rsquo;\u00e9lu, qui juge l&rsquo;accord \u00ab\u00a0in\u00e9quitable\u00a0\u00bb.\u00a0Pieyre-Alexandre Anglade a toutefois affirm\u00e9 que \u00ab\u00a0cet accord permet[ait] d&rsquo;avoir un peu de stabilit\u00e9 et de visibilit\u00e9\u00a0\u00bb.<\/p>\n<blockquote>\n<p>C&rsquo;est une forme de d\u00e9route de la commission europ\u00e9enne. Pieyre-Alexandre Anglade<\/p>\n<\/blockquote>\n<p>Dans un long message publi\u00e9 sur le r\u00e9seau social X, le pr\u00e9sident des d\u00e9put\u00e9s Les D\u00e9mocrates <strong>Marc Fesneau<\/strong>\u00a0a lui aussi fait part de son m\u00e9contentement\u00a0: \u00ab\u00a0Nous n&rsquo;avons pas construit l&rsquo;Europe et nous ne sommes pas d&rsquo;ardents d\u00e9fenseurs de l&rsquo;Europe pour voir ainsi brad\u00e9s nos int\u00e9r\u00eats.\u00a0\u00bb L&rsquo;\u00e9lu du Loir-et-Cher juge un \u00ab\u00a0r\u00e9\u00e9quilibrage\u00a0\u00bb de l&rsquo;accord \u00ab\u00a0imp\u00e9ratif\u00a0\u00bb. Le pr\u00e9sident du groupe Droite r\u00e9publicaine, <a href=\"https:\/\/x.com\/laurentwauquiez\/status\/1949814265646563511\" target=\"_blank\">Laurent Wauquiez<\/a>, estime que la France ne peut \u00ab\u00a0tol\u00e9rer\u00a0\u00bb un accord qui s&rsquo;apparente \u00e0 du \u00ab\u00a0racket\u00a0\u00bb.<\/p>\n<p>\u00ab\u00a0Gouverner, ce n&rsquo;est pas commenter\u00a0\u00bb<\/p>\n<p>L&rsquo;opposition, elle aussi, est tr\u00e8s critique. <strong>Fran\u00e7ois Ruffin<\/strong> (Les Ecologistes) a interpell\u00e9 Fran\u00e7ois Bayrou <a href=\"https:\/\/x.com\/Francois_Ruffin\/status\/1949778171127296218\" target=\"_blank\">sur le r\u00e9seau social X<\/a>\u00a0: \u00ab\u00a0Vous \u00eates chef du gouvernement fran\u00e7ais, ne twittez pas\u00a0: intervenez\u00a0!\u00a0\u00bb Le coordinateur national de La France insoumise, <a href=\"https:\/\/x.com\/mbompard\/status\/1949799757381071157\" target=\"_blank\">Manuel Bompard<\/a>, a lui aussi mis en cause la r\u00e9action du Premier ministre\u00a0: \u00ab\u00a0La France doit refuser cette capitulation plut\u00f4t que de se comporter comme une bande de commentateurs sans influence.\u00a0\u00bb \u00ab\u00a0Gouverner, ce n&rsquo;est pas commenter\u00a0\u00bb, a \u00e9galement r\u00e9agi le pr\u00e9sident des d\u00e9put\u00e9s socialistes, <a href=\"https:\/\/x.com\/BorisVallaud\/status\/1949826823707038057\" target=\"_blank\">Boris Vallaud<\/a>.<\/p>\n<p>Le pr\u00e9sident des d\u00e9put\u00e9s communistes, St\u00e9phane Peu, demande pour sa part <strong>une saisine du Parlement fran\u00e7ais\u00a0<\/strong>:\u00a0\u00ab\u00a0La France ne doit pas ratifier cette accord de soumission de l\u2019UE aux USA.\u00a0\u00bb<\/p>\n<p><a href=\"https:\/\/x.com\/MLP_officiel\/status\/1949543453060186459\" target=\"_blank\">Marine Le Pen<\/a> a de son c\u00f4t\u00e9 d\u00e9nonc\u00e9 un \u00ab\u00a0fiasco politique, \u00e9conomique et moral\u00a0\u00bb\u00a0: \u00ab\u00a0Les souverainet\u00e9s, en mati\u00e8re commerciale, ne s&rsquo;additionnent pas : elles se diluent, voire en l&rsquo;esp\u00e8ce, s&rsquo;annulent, sous le poids de la bureaucratie bruxelloise\u00a0\u00bb, \u00e9crit la pr\u00e9sidente des d\u00e9put\u00e9s Rassemblement national.<\/p>\n<p>\u00ab\u00a015%, ce n&rsquo;est pas n\u00e9gligeable, mais c&rsquo;est le mieux qu&rsquo;on pouvait obtenir\u00a0\u00bb, a plaid\u00e9 Ursula von der Leyen pour d\u00e9fendre son accord. La\u00a0pr\u00e9sidente de la commission europ\u00e9enne a par ailleurs expliqu\u00e9 que les d\u00e9tails de l&rsquo;accord seraient r\u00e9gl\u00e9s \u00ab\u00a0dans les prochaines semaines\u00a0\u00bb. Une fois l&rsquo;accord conclu, celui-ci devra encore \u00eatre valid\u00e9 par les 27 \u00c9tats membres de l&rsquo;Union.<\/p>\n<p>\u00a0<\/p>\n<p>(M.K. avec AFP)<\/p>\n","protected":false},"excerpt":{"rendered":"L&rsquo;accord conclu entre la pr\u00e9sidente de la commission europ\u00e9enne Ursula von\u00a0der Leyen\u00a0et le pr\u00e9sident am\u00e9ricain Donald Trump a&hellip;\n","protected":false},"author":2,"featured_media":279854,"comment_status":"","ping_status":"","sticky":false,"template":"","format":"standard","meta":{"footnotes":""},"categories":[1586],"tags":[743,11,11847,73,1777,674,1779,1011,27,12,25,34766,467,1778,364,19665],"class_list":{"0":"post-279853","1":"post","2":"type-post","3":"status-publish","4":"format-standard","5":"has-post-thumbnail","7":"category-europe","8":"tag-accord","9":"tag-actualites","10":"tag-bayrou","11":"tag-etats-unis","12":"tag-eu","13":"tag-europe","14":"tag-european-union","15":"tag-fr","16":"tag-france","17":"tag-news","18":"tag-republique-francaise","19":"tag-soumission","20":"tag-trump","21":"tag-ue","22":"tag-union-europeenne","23":"tag-von-der-leyen"},"share_on_mastodon":{"url":"https:\/\/pubeurope.com\/@fr\/114931520199045372","error":""},"_links":{"self":[{"href":"https:\/\/www.europesays.com\/fr\/wp-json\/wp\/v2\/posts\/279853","targetHints":{"allow":["GET"]}}],"collection":[{"href":"https:\/\/www.europesays.com\/fr\/wp-json\/wp\/v2\/posts"}],"about":[{"href":"https:\/\/www.europesays.com\/fr\/wp-json\/wp\/v2\/types\/post"}],"author":[{"embeddable":true,"href":"https:\/\/www.europesays.com\/fr\/wp-json\/wp\/v2\/users\/2"}],"replies":[{"embeddable":true,"href":"https:\/\/www.europesays.com\/fr\/wp-json\/wp\/v2\/comments?post=279853"}],"version-history":[{"count":0,"href":"https:\/\/www.europesays.com\/fr\/wp-json\/wp\/v2\/posts\/279853\/revisions"}],"wp:featuredmedia":[{"embeddable":true,"href":"https:\/\/www.europesays.com\/fr\/wp-json\/wp\/v2\/media\/279854"}],"wp:attachment":[{"href":"https:\/\/www.europesays.com\/fr\/wp-json\/wp\/v2\/media?parent=279853"}],"wp:term":[{"taxonomy":"category","embeddable":true,"href":"https:\/\/www.europesays.com\/fr\/wp-json\/wp\/v2\/categories?post=279853"},{"taxonomy":"post_tag","embeddable":true,"href":"https:\/\/www.europesays.com\/fr\/wp-json\/wp\/v2\/tags?post=279853"}],"curies":[{"name":"wp","href":"https:\/\/api.w.org\/{rel}","templated":true}]}}