{"id":279860,"date":"2025-07-28T15:19:13","date_gmt":"2025-07-28T15:19:13","guid":{"rendered":"https:\/\/www.europesays.com\/fr\/279860\/"},"modified":"2025-07-28T15:19:13","modified_gmt":"2025-07-28T15:19:13","slug":"3m-open-une-28e-place-pour-victor-perez","status":"publish","type":"post","link":"https:\/\/www.europesays.com\/fr\/279860\/","title":{"rendered":"3M Open\u00a0: Une 28e place pour Victor Perez"},"content":{"rendered":"<p>Il restera une occasion de saison r\u00e9guli\u00e8re, la semaine prochaine lors du <strong>Wyndham Championship<\/strong>, pour accrocher une place dans le top 70, et ainsi disputer le <strong>FedEx St. Jude Championship<\/strong>, premi\u00e8re \u00e9tape de ces play-offs. Occasion que tenteront de saisir les trois Fran\u00e7ais du <strong>PGA Tour<\/strong>, qui tous s&rsquo;\u00e9lanceront au-del\u00e0 de la 100e place.<\/p>\n<p><strong>Victor Perez <\/strong>a conclu son <strong>3M Open <\/strong>ce dimanche en signant une carte de 68 (-3), pour \u00e9tablir son total final \u00e0 -13. Malgr\u00e9 une nouvelle bonne semaine de golf conclue \u00e0 une 28e position, le Tarbais doit faire face au paradoxe de reculer d&rsquo;un rang au classement g\u00e9n\u00e9ral de la saison, passant de la 106e \u00e0 la 107e place.\u00a0<\/p>\n<p>Une victoire la semaine prochaine sera la seule issue pour <strong>Matthieu Pavon <\/strong>et <strong>Antoine Rozner<\/strong>, s&rsquo;ils veulent participer \u00e0 la premi\u00e8re \u00e9tape du triptyque final. Pavon, avec un 70 (-1) ce dimanche, a pris la 44e place du <strong>3M Open<\/strong>, avec un total de -11. Quant \u00e0 <strong>Antoine Rozner<\/strong>, il a boucl\u00e9 sa semaine par un 71 (par) pour une 72e place, \u00e0 -5.<\/p>\n","protected":false},"excerpt":{"rendered":"Il restera une occasion de saison r\u00e9guli\u00e8re, la semaine prochaine lors du Wyndham Championship, pour accrocher une place&hellip;\n","protected":false},"author":2,"featured_media":279861,"comment_status":"","ping_status":"","sticky":false,"template":"","format":"standard","meta":{"footnotes":""},"categories":[1418],"tags":[1011,27,1472,60],"class_list":{"0":"post-279860","1":"post","2":"type-post","3":"status-publish","4":"format-standard","5":"has-post-thumbnail","7":"category-golf","8":"tag-fr","9":"tag-france","10":"tag-golf","11":"tag-sports"},"share_on_mastodon":{"url":"https:\/\/pubeurope.com\/@fr\/114931535989559823","error":""},"_links":{"self":[{"href":"https:\/\/www.europesays.com\/fr\/wp-json\/wp\/v2\/posts\/279860","targetHints":{"allow":["GET"]}}],"collection":[{"href":"https:\/\/www.europesays.com\/fr\/wp-json\/wp\/v2\/posts"}],"about":[{"href":"https:\/\/www.europesays.com\/fr\/wp-json\/wp\/v2\/types\/post"}],"author":[{"embeddable":true,"href":"https:\/\/www.europesays.com\/fr\/wp-json\/wp\/v2\/users\/2"}],"replies":[{"embeddable":true,"href":"https:\/\/www.europesays.com\/fr\/wp-json\/wp\/v2\/comments?post=279860"}],"version-history":[{"count":0,"href":"https:\/\/www.europesays.com\/fr\/wp-json\/wp\/v2\/posts\/279860\/revisions"}],"wp:featuredmedia":[{"embeddable":true,"href":"https:\/\/www.europesays.com\/fr\/wp-json\/wp\/v2\/media\/279861"}],"wp:attachment":[{"href":"https:\/\/www.europesays.com\/fr\/wp-json\/wp\/v2\/media?parent=279860"}],"wp:term":[{"taxonomy":"category","embeddable":true,"href":"https:\/\/www.europesays.com\/fr\/wp-json\/wp\/v2\/categories?post=279860"},{"taxonomy":"post_tag","embeddable":true,"href":"https:\/\/www.europesays.com\/fr\/wp-json\/wp\/v2\/tags?post=279860"}],"curies":[{"name":"wp","href":"https:\/\/api.w.org\/{rel}","templated":true}]}}