{"id":279862,"date":"2025-07-28T15:20:16","date_gmt":"2025-07-28T15:20:16","guid":{"rendered":"https:\/\/www.europesays.com\/fr\/279862\/"},"modified":"2025-07-28T15:20:16","modified_gmt":"2025-07-28T15:20:16","slug":"litalie-dompte-le-bresil-en-finale-et-conserve-son-titre-en-ligue-des-nations-lequipe","status":"publish","type":"post","link":"https:\/\/www.europesays.com\/fr\/279862\/","title":{"rendered":"L&#039;Italie dompte le Br\u00e9sil en finale et conserve son titre en Ligue des nations &#8211; L&#039;\u00c9quipe"},"content":{"rendered":"<ol>\n<li><a href=\"https:\/\/news.google.com\/rss\/articles\/CBMizAFBVV95cUxOR1J2SVZEYm1mTGxlaTQ3R0c2b1pFR3VTTTJBcURmVmI5eTFPYjVqZnhvZjRSem1CSkYxQWM2M2FhcElIZTFGaGZ5REFyYkQyYUk0Z3ZrYjVuVXJvMER3aUJUWWg2Nl92Q1pWN0IxNnZWWW5EMHowdFV3LXNSMnVkRU1JMG5JM2dBVk1VbGZfX1RFX21CRDFkOW1fdWFZT1NNNHNCeGV5WXlVM3d6TWRxSnhWeFRxaVFEV2M2VXJtQXlhQm1IZHVBVXVVakQ?oc=5\" target=\"_blank\" rel=\"nofollow noopener\">L&rsquo;Italie dompte le Br\u00e9sil en finale et conserve son titre en Ligue des nations<\/a>&nbsp;&nbsp;L&rsquo;\u00c9quipe<\/li>\n<li><a href=\"https:\/\/news.google.com\/rss\/articles\/CBMizAFBVV95cUxNS2s1Wm42Qm5uNkJBaHNfclBjTGgzcG9abUp2MDFVcTR2S1pURy1BcDlyWkR4eFpLSU5QQ2IyZF9kRE01NVU5ZDV4YklpQi04NjFyVWRzTEVRSVp0SUFqVXVaLVVHakJ0b2pkWlVrVWZKX0NvVXVobUt6dG0tdEhHSWRrUjc0aTUwZDlHd0twTDExemNLVXVkejNzLUpGX3hfUlZlRlNudWZYZmFLa1poNHpRVmRpc3dDcW5JMDJCLUwydEtaSHA4Z1R6THU?oc=5\" target=\"_blank\" rel=\"nofollow noopener\">Le replay de Italie &#8211; Br\u00e9sil (Set 2) &#8211; Volley (F) &#8211; Ligue des Nations<\/a>&nbsp;&nbsp;Orange Actualit\u00e9s | Sports<\/li>\n<li><a href=\"https:\/\/news.google.com\/rss\/articles\/CBMi7gFBVV95cUxObkFoNVdTdVJmbmRtOWJvU1VYa0pKZ0dnaE1fbW50X3FxdE1mZmhuMVdVNFFkN2ZNdkFYb2tZdFJyM2huMW8yNjJlU2hhVXMxYlVoZFd2bWd2djdCekRkRVF1cGdtbGkxdUp5R1lxeE9sak43bWpGRnpFdnoxTXhEVEg1djE2NVhDb2RQSm0wTG9QbHNtMk5PT0FSeDFLSTNJRV96Q1V4MzFxbFpkZmhtZGI5TFg5WEtYSmRGV1dpWHUyMjN0dERYd2wzTmRYS295NFJyYUVEc1BXUjd5QlFJWkVEbGFKcGtYeXEyTDR3?oc=5\" target=\"_blank\" rel=\"nofollow noopener\">Volley-ball. L\u2019Italie domine le Br\u00e9sil et conserve son titre en Ligue des nations<\/a>&nbsp;&nbsp;Ouest-France<\/li>\n<li><a href=\"https:\/\/news.google.com\/rss\/articles\/CBMi9gFBVV95cUxOMUtnZUlYQi1zVXl0TUpqZXBCWTRINjdVaUtoUXBwSldvc3FwblJsSXgxTE5mTDlKVVBpZ19Bb2VrRzdiVDZIdG9qbWMxckU4a1JvZm1KYmZ6NWc2b2o3N0w2c2ZMYnpFTjZ3d2VnMU1weU1Pa3UtcWRaYnplQ0NDLVBCZEtfcDI0ZGxDc3A0YU5vQkNWc0V4T0xobjR6WVJ1bmRLMjlUNGRMcUExRTduYWhEU2dqYXJfaDR6b1NMWGJ5RDd3ZTc4TmhZVFZyS082cW9mUmtRZGRwdWgxc3JILXFlYmVlcEVuZ2p0TGJEVnVzQjcyN2c?oc=5\" target=\"_blank\" rel=\"nofollow noopener\">Ligue des Nations dames &#8211; L&rsquo;Italie, tenante du titre, et le Br\u00e9sil se hissent en finale<\/a>&nbsp;&nbsp;La Libre.be<\/li>\n<li><a href=\"https:\/\/news.google.com\/rss\/articles\/CBMikwJBVV95cUxQcUswNzBTQ0l2YlZyRWRKcnpESTlHZlo1VFlFWU1PSTJEZ0c3d3RqNjhFYVM2UFlaMl8zWk92bVFpTFFPaGlKZ21pNU5YN093elFyUk8yM0FYWEtXODhXWVFESW1IVW55VlNZVl8yT0RhSUY4Nms0UW44OTg1YW00Vm8wa3E0ZjNQbER3akVSdUx2MFFHNFpOWVhINWpVYWphQWYxUE1pSmZCQVR2ekd3RkpxeWNzMzNaZU9ra0FicEdRMXkzT185Ni1JT202aWlpNmNNVnlTN1liNk5PbV9zRVA1XzFmNXhzOGd2S3Vab3hYdzNNR0NmZzQ0c3V0dTZ1ZkxhSkh6NVcxbHFYVVFISG55TQ?oc=5\" target=\"_blank\" rel=\"nofollow noopener\">Ligue des Nations dames &#8211; L&rsquo;Italie remporte sa 3e finale cons\u00e9cutive apr\u00e8s sa victoire au d\u00e9triment du Br\u00e9sil<\/a>&nbsp;&nbsp;DHnet<\/li>\n<\/ol>\n","protected":false},"excerpt":{"rendered":"L&rsquo;Italie dompte le Br\u00e9sil en finale et conserve son titre en Ligue des nations&nbsp;&nbsp;L&rsquo;\u00c9quipe Le replay de Italie&hellip;\n","protected":false},"author":2,"featured_media":279863,"comment_status":"","ping_status":"","sticky":false,"template":"","format":"standard","meta":{"footnotes":""},"categories":[1417],"tags":[1011,27,60,1470,1469],"class_list":{"0":"post-279862","1":"post","2":"type-post","3":"status-publish","4":"format-standard","5":"has-post-thumbnail","7":"category-volley","8":"tag-fr","9":"tag-france","10":"tag-sports","11":"tag-volley","12":"tag-volleyball"},"share_on_mastodon":{"url":"https:\/\/pubeurope.com\/@fr\/114931539883116449","error":""},"_links":{"self":[{"href":"https:\/\/www.europesays.com\/fr\/wp-json\/wp\/v2\/posts\/279862","targetHints":{"allow":["GET"]}}],"collection":[{"href":"https:\/\/www.europesays.com\/fr\/wp-json\/wp\/v2\/posts"}],"about":[{"href":"https:\/\/www.europesays.com\/fr\/wp-json\/wp\/v2\/types\/post"}],"author":[{"embeddable":true,"href":"https:\/\/www.europesays.com\/fr\/wp-json\/wp\/v2\/users\/2"}],"replies":[{"embeddable":true,"href":"https:\/\/www.europesays.com\/fr\/wp-json\/wp\/v2\/comments?post=279862"}],"version-history":[{"count":0,"href":"https:\/\/www.europesays.com\/fr\/wp-json\/wp\/v2\/posts\/279862\/revisions"}],"wp:featuredmedia":[{"embeddable":true,"href":"https:\/\/www.europesays.com\/fr\/wp-json\/wp\/v2\/media\/279863"}],"wp:attachment":[{"href":"https:\/\/www.europesays.com\/fr\/wp-json\/wp\/v2\/media?parent=279862"}],"wp:term":[{"taxonomy":"category","embeddable":true,"href":"https:\/\/www.europesays.com\/fr\/wp-json\/wp\/v2\/categories?post=279862"},{"taxonomy":"post_tag","embeddable":true,"href":"https:\/\/www.europesays.com\/fr\/wp-json\/wp\/v2\/tags?post=279862"}],"curies":[{"name":"wp","href":"https:\/\/api.w.org\/{rel}","templated":true}]}}