{"id":279864,"date":"2025-07-28T15:21:10","date_gmt":"2025-07-28T15:21:10","guid":{"rendered":"https:\/\/www.europesays.com\/fr\/279864\/"},"modified":"2025-07-28T15:21:10","modified_gmt":"2025-07-28T15:21:10","slug":"rugby-scapulaire-patrice-collazo-ces-derniers-mois-ca-a-matche-entre-nous-je-ne-voulais-pas-quon-se-fache-et-on-sest-quitte-en-bons-termes","status":"publish","type":"post","link":"https:\/\/www.europesays.com\/fr\/279864\/","title":{"rendered":"Rugby Scapulaire &#8211; Patrice Collazo : \u00ab\u00a0Ces derniers mois, \u00e7a a match\u00e9 entre nous, je ne voulais pas qu&rsquo;on se f\u00e2che et on s&rsquo;est quitt\u00e9 en bons termes\u00a0\u00bb"},"content":{"rendered":"<p>\u00a0<\/p>\n<p>Interrog\u00e9 dans les colonnes de Midi Olympique, le manager du<br \/>\nRacing 92, <strong>Patrice Collazo<\/strong>, s\u2019est confi\u00e9 sur le<br \/>\nd\u00e9part du troisi\u00e8me ligne international, <strong>Cameron<br \/>\nWoki<\/strong>, qui a rejoint l\u2019Union Bordeaux-B\u00e8gles \u00e0<br \/>\nl\u2019intersaison :<\/p>\n<blockquote>\n<p>\u201cLes recrues ? Si on les a prises, c\u2019est qu\u2019on leur trouvait des<br \/>\nqualit\u00e9s. On avait besoin de puissance devant et d\u2019un peu de<br \/>\nleadership. Il a fallu aussi s\u2019adapter aux sorties tardives de<br \/>\n<strong>Thomas Laclayat<\/strong> (il a rejoint la Section Paloise)<br \/>\net de <strong>Cameron Woki<\/strong> [\u2026] Cameron, c\u2019est quelqu\u2019un<br \/>\nque j\u2019ai d\u00e9couvert \u00e0 mon arriv\u00e9e ici. Il avait besoin de se<br \/>\nrecentrer sur des choses qu\u2019il aime faire et qu\u2019il ma\u00eetrise. C\u2019est<br \/>\nce qu\u2019on a fait. Ce d\u00e9part \u00e0 Bordeaux, c\u2019est un souhait de sa part<br \/>\nmais on n\u2019est pas sur un probl\u00e8me de personnes ou de comportement.<br \/>\nCes derniers mois, \u00e7a a match\u00e9 entre nous, je ne voulais pas qu\u2019on<br \/>\nse f\u00e2che et on s\u2019est quitt\u00e9 en bons termes : pour tout vous dire,<br \/>\nil est m\u00eame venu nous voir au club lundi dernier\u201d.<\/p>\n<\/blockquote>\n","protected":false},"excerpt":{"rendered":"\u00a0 Interrog\u00e9 dans les colonnes de Midi Olympique, le manager du Racing 92, Patrice Collazo, s\u2019est confi\u00e9 sur&hellip;\n","protected":false},"author":2,"featured_media":279865,"comment_status":"","ping_status":"","sticky":false,"template":"","format":"standard","meta":{"footnotes":""},"categories":[1416],"tags":[1011,27,479,1468,60],"class_list":{"0":"post-279864","1":"post","2":"type-post","3":"status-publish","4":"format-standard","5":"has-post-thumbnail","7":"category-rugby","8":"tag-fr","9":"tag-france","10":"tag-rugby","11":"tag-rugby-football","12":"tag-sports"},"share_on_mastodon":{"url":"https:\/\/pubeurope.com\/@fr\/114931543826321855","error":""},"_links":{"self":[{"href":"https:\/\/www.europesays.com\/fr\/wp-json\/wp\/v2\/posts\/279864","targetHints":{"allow":["GET"]}}],"collection":[{"href":"https:\/\/www.europesays.com\/fr\/wp-json\/wp\/v2\/posts"}],"about":[{"href":"https:\/\/www.europesays.com\/fr\/wp-json\/wp\/v2\/types\/post"}],"author":[{"embeddable":true,"href":"https:\/\/www.europesays.com\/fr\/wp-json\/wp\/v2\/users\/2"}],"replies":[{"embeddable":true,"href":"https:\/\/www.europesays.com\/fr\/wp-json\/wp\/v2\/comments?post=279864"}],"version-history":[{"count":0,"href":"https:\/\/www.europesays.com\/fr\/wp-json\/wp\/v2\/posts\/279864\/revisions"}],"wp:featuredmedia":[{"embeddable":true,"href":"https:\/\/www.europesays.com\/fr\/wp-json\/wp\/v2\/media\/279865"}],"wp:attachment":[{"href":"https:\/\/www.europesays.com\/fr\/wp-json\/wp\/v2\/media?parent=279864"}],"wp:term":[{"taxonomy":"category","embeddable":true,"href":"https:\/\/www.europesays.com\/fr\/wp-json\/wp\/v2\/categories?post=279864"},{"taxonomy":"post_tag","embeddable":true,"href":"https:\/\/www.europesays.com\/fr\/wp-json\/wp\/v2\/tags?post=279864"}],"curies":[{"name":"wp","href":"https:\/\/api.w.org\/{rel}","templated":true}]}}