{"id":279866,"date":"2025-07-28T15:22:11","date_gmt":"2025-07-28T15:22:11","guid":{"rendered":"https:\/\/www.europesays.com\/fr\/279866\/"},"modified":"2025-07-28T15:22:11","modified_gmt":"2025-07-28T15:22:11","slug":"atp-toronto-tiafoe-ne-loupe-pas-latp-ce-que-je-trouve-vraiment-absurde-cest-que-la-finale-se-joue-un-jeudi","status":"publish","type":"post","link":"https:\/\/www.europesays.com\/fr\/279866\/","title":{"rendered":"ATP &#8211; Toronto > Tiafoe ne loupe pas l&rsquo;ATP : \u00ab\u00a0Ce que je trouve vraiment absurde, c&rsquo;est que la finale se joue un jeudi\u00a0\u00bb"},"content":{"rendered":"<p>L\u2019Am\u00e9ricain, quart de fina\u00adliste du r\u00e9cent tournoi ATP 500 de Washington, s\u2019est confi\u00e9 \u00e0 nos confr\u00e8res de <a href=\"https:\/\/www.puntodebreak.com\/2025\/07\/28\/tiafoe-calendario-torneo-toronto-basura\" data-wpel-link=\"external\" target=\"_blank\" rel=\"nofollow external noopener\">Punto de Break<\/a>, et le moins que l\u2019on puisse dire, c\u2019est qu\u2019il ne s\u2019est pas retenu pour criti\u00adquer l\u2019organisation du tournoi de Toronto et le calen\u00addrier des Masters 1000.<\/p>\n<p><strong>\u202f\u00bb C\u2019est comme \u00e7a. Cet \u00e9v\u00e9ne\u00adment est un peu plus court que Madrid et Rome, et l\u2019avan\u00adtage, c\u2019est qu\u2019il est pr\u00e8s de chez moi. Si je perds, je peux simple\u00adment prendre l\u2019avion et partir. Ce que je trouve vrai\u00adment absurde, c\u2019est que la finale se joue un\u00a0jeudi\u202f\u00bb<\/strong><\/p>\n<p>En effet, la r\u00e8gle actuel\u00adle\u00adment en vigueur, qui vise \u00e0 prolonger la dur\u00e9e des Masters 1000 \u00e0 12 jours avec une finale programm\u00e9e en pleine semaine, ne pla\u00eet pas \u00e0 Frances Tiafoe. Ce qui se comprend ais\u00e9ment.<\/p>\n<p class=\"post-published-date\" style=\"color: silver; font-size: 75%; text-align: left;\">Publi\u00e9 le lundi 28 juillet 2025 \u00e0 14:45<\/p>\n","protected":false},"excerpt":{"rendered":"L\u2019Am\u00e9ricain, quart de fina\u00adliste du r\u00e9cent tournoi ATP 500 de Washington, s\u2019est confi\u00e9 \u00e0 nos confr\u00e8res de Punto&hellip;\n","protected":false},"author":2,"featured_media":279867,"comment_status":"","ping_status":"","sticky":false,"template":"","format":"standard","meta":{"footnotes":""},"categories":[1415],"tags":[1011,27,60,1467],"class_list":{"0":"post-279866","1":"post","2":"type-post","3":"status-publish","4":"format-standard","5":"has-post-thumbnail","7":"category-tennis","8":"tag-fr","9":"tag-france","10":"tag-sports","11":"tag-tennis"},"share_on_mastodon":{"url":"https:\/\/pubeurope.com\/@fr\/114931547683565422","error":""},"_links":{"self":[{"href":"https:\/\/www.europesays.com\/fr\/wp-json\/wp\/v2\/posts\/279866","targetHints":{"allow":["GET"]}}],"collection":[{"href":"https:\/\/www.europesays.com\/fr\/wp-json\/wp\/v2\/posts"}],"about":[{"href":"https:\/\/www.europesays.com\/fr\/wp-json\/wp\/v2\/types\/post"}],"author":[{"embeddable":true,"href":"https:\/\/www.europesays.com\/fr\/wp-json\/wp\/v2\/users\/2"}],"replies":[{"embeddable":true,"href":"https:\/\/www.europesays.com\/fr\/wp-json\/wp\/v2\/comments?post=279866"}],"version-history":[{"count":0,"href":"https:\/\/www.europesays.com\/fr\/wp-json\/wp\/v2\/posts\/279866\/revisions"}],"wp:featuredmedia":[{"embeddable":true,"href":"https:\/\/www.europesays.com\/fr\/wp-json\/wp\/v2\/media\/279867"}],"wp:attachment":[{"href":"https:\/\/www.europesays.com\/fr\/wp-json\/wp\/v2\/media?parent=279866"}],"wp:term":[{"taxonomy":"category","embeddable":true,"href":"https:\/\/www.europesays.com\/fr\/wp-json\/wp\/v2\/categories?post=279866"},{"taxonomy":"post_tag","embeddable":true,"href":"https:\/\/www.europesays.com\/fr\/wp-json\/wp\/v2\/tags?post=279866"}],"curies":[{"name":"wp","href":"https:\/\/api.w.org\/{rel}","templated":true}]}}