{"id":279870,"date":"2025-07-28T15:25:13","date_gmt":"2025-07-28T15:25:13","guid":{"rendered":"https:\/\/www.europesays.com\/fr\/279870\/"},"modified":"2025-07-28T15:25:13","modified_gmt":"2025-07-28T15:25:13","slug":"en-cloture-de-la-saison-le-rallye-darabie-saoudite-se-deroulera-du-mercredi-au-samedi","status":"publish","type":"post","link":"https:\/\/www.europesays.com\/fr\/279870\/","title":{"rendered":"En cl\u00f4ture de la saison, le Rallye d&rsquo;Arabie saoudite se d\u00e9roulera du mercredi au samedi"},"content":{"rendered":"<p>Fin novembre, le paddock du <a href=\"https:\/\/www.autohebdo.fr\/actualites\/rallye\/wrc\" data-internallinksmanager029f6b8e52c=\"6\" title=\"wrc\" rel=\"nofollow noopener\" target=\"_blank\">WRC<\/a> se rendra dans une nouvelle destination pour mettre un terme \u00e0 la saison 2025. Celle-ci n\u2019est autre que l\u2019Arabie saoudite, qui accueille d\u00e9j\u00e0 le Dakar et la <a href=\"https:\/\/www.autohebdo.fr\/actualites\/f1\" data-internallinksmanager029f6b8e52c=\"1\" title=\"F1\" rel=\"nofollow noopener\" target=\"_blank\">Formule 1<\/a> depuis plusieurs ann\u00e9es et s\u2019ouvre ainsi \u00e0 une nouvelle discipline en sport automobile.<\/p>\n<p>Cette \u00e9preuve, disput\u00e9e du 26 au 29 novembre prochains sur des surfaces allant de la roche volcanique au d\u00e9sert de sable, a un format particulier contrairement au reste du calendrier. En effet, ce <a href=\"https:\/\/www.autohebdo.fr\/actualites\/rallye\" data-internallinksmanager029f6b8e52c=\"52\" title=\"Rallye\" rel=\"nofollow noopener\" target=\"_blank\">rallye<\/a>\u00a0se d\u00e9roulera du mercredi soir au samedi midi.<\/p>\n<p>17 sp\u00e9ciales seront au programme, pour un total de 319,44 km. La plus grosse journ\u00e9e sera celle du vendredi (141 km). Les pilotes auront notamment la sp\u00e9ciale Um Al Jerem, longue de 30,58 km, \u00e0 effectuer \u00e0 deux reprises. Mais ce ne sera pas la plus longue du week-end. En effet, le samedi matin, avant la Power Stage, les concurrents auront 32,88 km \u00e0 effectuer autour d\u2019Asfan.<\/p>\n<p>Le QG du Rallye d\u2019Arabie saoudite au coeur des paddocks de F1<\/p>\n<p>Par ailleurs, la majorit\u00e9 des sp\u00e9ciales du Rallye d\u2019Arabie saoudite seront disput\u00e9es autour de Djeddah. C\u2019est dans cette m\u00eame ville, et plus pr\u00e9cis\u00e9ment au coeur du circuit de la Corniche, qui accueille la Formule 1, que seront install\u00e9s le QG de l\u2019\u00e9preuve (b\u00e2timent du contr\u00f4le de course) et le paddock. Les \u00e9quipes pr\u00e9pareront ainsi les voitures dans les m\u00eames stands qui re\u00e7oivent les monoplaces de F1.<\/p>\n<p>Enfin, la liste des engag\u00e9s d\u00e9finitive sera d\u00e9voil\u00e9e le vendredi 31 octobre. Les reconnaissances, elles, auront lieu du dimanche 23 au mardi 25 novembre.<\/p>\n<p><strong>\u00c0 LIRE AUSSI &gt; <a href=\"https:\/\/www.autohebdo.fr\/actualites\/rallye\/wrc\/simon-larkin-le-rallye-darabie-saoudite-va-apporter-une-indeniable-nouveaute-au-wrc.html\" target=\"_blank\" rel=\"noopener nofollow\">Simon Larkin : \u00ab Le rallye d\u2019Arabie saoudite va apporter une ind\u00e9niable nouveaut\u00e9 au WRC \u00bb<\/a><\/strong><\/p>\n","protected":false},"excerpt":{"rendered":"Fin novembre, le paddock du WRC se rendra dans une nouvelle destination pour mettre un terme \u00e0 la&hellip;\n","protected":false},"author":2,"featured_media":279871,"comment_status":"","ping_status":"","sticky":false,"template":"","format":"standard","meta":{"footnotes":""},"categories":[1412],"tags":[1451,1452,1453,1454,1455,1011,27,60],"class_list":{"0":"post-279870","1":"post","2":"type-post","3":"status-publish","4":"format-standard","5":"has-post-thumbnail","7":"category-f1","8":"tag-f1","9":"tag-formula-1","10":"tag-formula1","11":"tag-formule-1","12":"tag-formule1","13":"tag-fr","14":"tag-france","15":"tag-sports"},"share_on_mastodon":{"url":"https:\/\/pubeurope.com\/@fr\/114931559803301556","error":""},"_links":{"self":[{"href":"https:\/\/www.europesays.com\/fr\/wp-json\/wp\/v2\/posts\/279870","targetHints":{"allow":["GET"]}}],"collection":[{"href":"https:\/\/www.europesays.com\/fr\/wp-json\/wp\/v2\/posts"}],"about":[{"href":"https:\/\/www.europesays.com\/fr\/wp-json\/wp\/v2\/types\/post"}],"author":[{"embeddable":true,"href":"https:\/\/www.europesays.com\/fr\/wp-json\/wp\/v2\/users\/2"}],"replies":[{"embeddable":true,"href":"https:\/\/www.europesays.com\/fr\/wp-json\/wp\/v2\/comments?post=279870"}],"version-history":[{"count":0,"href":"https:\/\/www.europesays.com\/fr\/wp-json\/wp\/v2\/posts\/279870\/revisions"}],"wp:featuredmedia":[{"embeddable":true,"href":"https:\/\/www.europesays.com\/fr\/wp-json\/wp\/v2\/media\/279871"}],"wp:attachment":[{"href":"https:\/\/www.europesays.com\/fr\/wp-json\/wp\/v2\/media?parent=279870"}],"wp:term":[{"taxonomy":"category","embeddable":true,"href":"https:\/\/www.europesays.com\/fr\/wp-json\/wp\/v2\/categories?post=279870"},{"taxonomy":"post_tag","embeddable":true,"href":"https:\/\/www.europesays.com\/fr\/wp-json\/wp\/v2\/tags?post=279870"}],"curies":[{"name":"wp","href":"https:\/\/api.w.org\/{rel}","templated":true}]}}