{"id":279872,"date":"2025-07-28T15:26:11","date_gmt":"2025-07-28T15:26:11","guid":{"rendered":"https:\/\/www.europesays.com\/fr\/279872\/"},"modified":"2025-07-28T15:26:11","modified_gmt":"2025-07-28T15:26:11","slug":"direct-tour-de-france-femmes-3e-etape-le-peloton-se-rapproche-grandement-du-groupe-de-tete","status":"publish","type":"post","link":"https:\/\/www.europesays.com\/fr\/279872\/","title":{"rendered":"DIRECT. Tour de France Femmes, 3e \u00e9tape\u00a0: le peloton se rapproche grandement du groupe de t\u00eate"},"content":{"rendered":"<p>17:18<\/p>\n<p>15 km &#8211; C&rsquo;est dur pour Latinier<\/p>\n<p>Ca devient dur \u00e0 l&rsquo;avant, \u00e0 l&rsquo;image de Cl\u00e9mence Latinier qui grimace de plus en plus. Une nouvelle bataille parait in\u00e9vitable.<\/p>\n<p>17:12<\/p>\n<p>21 km &#8211; Le peloton se rapproche encore<\/p>\n<p>On vient de passer sous la minute de diff\u00e9rence entre le peloton et le groupe de t\u00eate (53\u00a0\u00bb). Toujours \u00e0 l&rsquo;avant, ce n&rsquo;est plus Kopecky qui m\u00e8ne le groupe, mais Chloe Dygert (Canyon\/\/Sram Zondacrypto) dont l&rsquo;\u00e9quipe est venue pr\u00eater main forte \u00e0 Wiebes.<\/p>\n<p>17:08<\/p>\n<p>23 km &#8211; L&rsquo;\u00e9cart fond<\/p>\n<p>C&rsquo;est au tour de Lotte Kopecky de mener le peloton, tandis que la maillot jaune Kim Le Court est aussi \u00e0 l&rsquo;avant. Le groupe de t\u00eate est de plus en plus menac\u00e9 (1&rsquo;09).<\/p>\n<p>17:06<\/p>\n<p>26 km &#8211; Le top 5 provisoire du maillot vert<\/p>\n<ol>\n<li>M. Vos (Team Visma) &#8211; 82 points<\/li>\n<li>L. Wiebes (SD Worx -Protime) &#8211; 80 points<\/li>\n<li>K. Le Court Pienaar (AG Insurance) &#8211; 55 points<\/li>\n<li>D. Vollering (FDJ-Suez) &#8211; 53 points<\/li>\n<li>F. Koch (Team Picnic PostNL) &#8211; 45 points<\/li>\n<\/ol>\n<p>17:02<\/p>\n<p>28 km &#8211; Le peloton se rapproche<\/p>\n<p>La fin de cette 3e \u00e9tape s&rsquo;annonce tr\u00e8s anim\u00e9e. Le peloton a regagn\u00e9 des secondes, et est \u00e0 1&rsquo;46 du groupe de t\u00eate qui va devoir batailler dur \u00e0 Angers.<\/p>\n<p>16:55<\/p>\n<p>33 km &#8211; Bujak s&rsquo;est relev\u00e9e<\/p>\n<p>La championne de Slov\u00e9nie Eugenia Bujak (Cofidis) a eu du mal \u00e0 se relever, mais a finalement pu reprendre la course.<\/p>\n<p>16:54<\/p>\n<p>34 km &#8211; Trois coureuses \u00e0 terre<\/p>\n<p>Nouvelle chute \u00e0 l&rsquo;arri\u00e8re du peloton, sont impliqu\u00e9es Verhulst Wild, Berteau et Bujak.<\/p>\n<p>16:49<\/p>\n<p>38 km &#8211; Le classement du sprint interm\u00e9diaire<\/p>\n<ol>\n<li>A. Jackson &#8211; 25 points<\/li>\n<li>C. Soto Campos &#8211; 20 points<\/li>\n<li>C. Latimier &#8211; 17 points<\/li>\n<li>S. Martin Martin \u00a0&#8211; 15 points<\/li>\n<li>L. Wiebes &#8211; 13 points<\/li>\n<li>M. Vos &#8211; 11 points<\/li>\n<li>D. Vollering &#8211; 10 points<\/li>\n<li>E. Van Agt &#8211; 9 points<\/li>\n<li>M. Bredewold &#8211; 8 points<\/li>\n<li>B. Vas &#8211; 7 points<\/li>\n<li>L. Kopecky &#8211; 6 points<\/li>\n<li>K. Swinkels &#8211; 5 points<\/li>\n<li>S. Andersen &#8211; 4 points<\/li>\n<li>M. Le Net &#8211; 3 points<\/li>\n<li>L. Gilespie &#8211; 2 points<\/li>\n<\/ol>\n<p>16:41<\/p>\n<p>43 km &#8211; Le groupe de t\u00eate reste solide<\/p>\n<p>Malgr\u00e9 une acc\u00e9l\u00e9ration du peloton, le quatuor de t\u00eate Jackson, Latimier, Martin et Soto Campos maintient le cap avec un \u00e9cart r\u00e9gulier situ\u00e9 vers les 2&rsquo;43\u00a0\u00bb.<\/p>\n<p>16:28<\/p>\n<p>53 km &#8211; SD Worx m\u00e8ne toujours le peloton<\/p>\n<p>16:25<\/p>\n<p>56 km &#8211; Le peloton gagne des secondes<\/p>\n<p>Alors que le peloton continue de gagner des secondes sur le groupe de t\u00eate (2&rsquo;37\u00a0\u00bb), les coureuses sont \u00e0 17km du sprint interm\u00e9diaire.<\/p>\n<p>16:18<\/p>\n<p>60 km &#8211; Les coureuses attendues avec impatience \u00e0 Angers<\/p>\n<p>16:12<\/p>\n<p>64 km &#8211; Vos de retour\u00a0<\/p>\n<p>Marianne Vos n&rsquo;a finalement pas tard\u00e9 \u00e0 revenir dans un peloton qui r\u00e9duit encore un peu plus l&rsquo;\u00e9cart avec le groupe de t\u00eate (2&rsquo;54). Le final \u00e0 Angers pourrait bien \u00eatre mouvement\u00e9.<\/p>\n<p>16:07<\/p>\n<p>68 km &#8211; Bient\u00f4t le sprint interm\u00e9diaire<\/p>\n<p>Les coureuses se rapprochent du sprint interm\u00e9diaire de Vern-d&rsquo;Anjou. Ce sont des points \u00e0 prendre dans la course au maillot vert.<\/p>\n<p>16:06<\/p>\n<p>70 km &#8211; Vos un peu distanc\u00e9e par le peloton<\/p>\n<p>Petit fait surprenant, la maillot vert Marianne Vos (Team Visma) est \u00e0 l&rsquo;arri\u00e8re du peloton, en compagnie de sa co\u00e9quipi\u00e8re Eva Van Agt. Elles ont 23 de retard sur le gros groupe.<\/p>\n<p>16:04<\/p>\n<p>71 km &#8211; Elise Chabbey va garder son maillot \u00e0 pois<\/p>\n<blockquote class=\"twitter-tweet\" align=\"center\">\n<p lang=\"fr\" dir=\"ltr\">\u26aa\ufe0f\ud83d\udd34 Classement provisoire<br \/>apr\u00e8s la c\u00f4te\u00a0de la Richardi\u00e8re\u00a0\u26f0<\/p>\n<p>\ud83e\udd47\u00a0\ud83c\udde8\ud83c\udded \u00c9lise Chabbey, 10 pts<br \/>\ud83e\udd48 \ud83c\uddf3\ud83c\uddf1 Silke Smulders, 6 pts<br \/>\ud83e\udd49\u00a0\ud83c\udde8\ud83c\udde6 Alison Jackson, 2 pts<br \/>4\ufe0f\u20e3\u00a0\ud83c\uddea\ud83c\uddf8 Mavi Garcia, 2 pts<br \/>5\ufe0f\u20e3\u00a0\ud83c\uddf3\ud83c\uddf1 Maud Rijnbeek, 2 pts<br \/>6\ufe0f\u20e3 \ud83c\uddf3\ud83c\uddf1 Eline Jansen, 2 pts<a href=\"https:\/\/twitter.com\/hashtag\/TDFF2025?src=hash&amp;ref_src=twsrc%5Etfw\" target=\"_blank\" rel=\"noopener\">#TDFF2025<\/a> <a href=\"https:\/\/twitter.com\/hashtag\/WatchTheFemmes?src=hash&amp;ref_src=twsrc%5Etfw\" target=\"_blank\" rel=\"noopener\">#WatchTheFemmes<\/a><a href=\"https:\/\/twitter.com\/GoZwift?ref_src=twsrc%5Etfw\" target=\"_blank\" rel=\"noopener\">@GoZwift<\/a> <a href=\"https:\/\/t.co\/iJ5YSCdQ0W\">https:\/\/t.co\/iJ5YSCdQ0W<\/a><\/p>\n<p>\u2014 Maillot \u00e0 Pois E.Leclerc (@maillotapois) <a href=\"https:\/\/twitter.com\/maillotapois\/status\/1949817701800546438?ref_src=twsrc%5Etfw\" target=\"_blank\" rel=\"noopener\">July 28, 2025<\/a><\/p><\/blockquote>\n<p>16:02<\/p>\n<p>La strat\u00e9gie d&rsquo;Ark\u00e9a expliqu\u00e9e par le directeur sportif Ga\u00ebl Le Bellec<\/p>\n<p>\u00ab On voulait installer quelqu&rsquo;un \u00e0 l&rsquo;avant aujourd&rsquo;hui. Ca ne fait que trois mois que Cl\u00e9mence (Latimier) est pro, donc elle d\u00e9couvre le monde du cyclisme professionnel, il ne faut pas se laisser impressionner. Elle se retrouve avec des coureuses exp\u00e9riment\u00e9es. Il faut garder des forces pour le moment o\u00f9 l&rsquo;\u00e9chapp\u00e9e voudra acc\u00e9l\u00e9rer dans le final. \u00bb<\/p>\n<p>15:58<\/p>\n<p>75 km &#8211; Le maillot jaune de Kim Le Court pas mis en danger par Jackson<\/p>\n<blockquote class=\"twitter-tweet\" align=\"center\">\n<p lang=\"fr\" dir=\"ltr\">\ud83c\udfc1 87 km &#8211; <a href=\"https:\/\/twitter.com\/hashtag\/TDFF2025?src=hash&amp;ref_src=twsrc%5Etfw\" target=\"_blank\" rel=\"noopener\">#TDFF2025<\/a> <br \/>\u23f1\ufe0f 3&rsquo;33\u00a0\u00bb<\/p>\n<p>\ud83d\udc9b Any threat to the GC? Alison Jackson is already more than 11&prime; down on <a href=\"https:\/\/twitter.com\/KimLeCourt?ref_src=twsrc%5Etfw\" target=\"_blank\" rel=\"noopener\">@KimLeCourt<\/a>. So, there is no immediate danger for the Yellow Jersey!<\/p>\n<p>\ud83d\udc9b La mieux class\u00e9e, Alison Jackson, est \u00e0 plus de 11&prime; au g\u00e9n\u00e9ral et ne pr\u00e9sente aucun danger pour\u2026 <a href=\"https:\/\/t.co\/a6eaPmU7FE\">pic.twitter.com\/a6eaPmU7FE<\/a><\/p>\n<p>\u2014 Le Tour de France Femmes avec Zwift (@LeTourFemmes) <a href=\"https:\/\/twitter.com\/LeTourFemmes\/status\/1949829436351594792?ref_src=twsrc%5Etfw\" target=\"_blank\" rel=\"noopener\">July 28, 2025<\/a><\/p><\/blockquote>\n<p>15:48<\/p>\n<p>83 km &#8211; Une course devenue assez calme<\/p>\n<p>Les coureuses viennent de d\u00e9passer Chateaubriant. Depuis quelques minutes, l&rsquo;\u00e9cart entre les deux groupes reste stable (3&rsquo;34). Il faudra attendre encore un peu avant de voir le groupe de t\u00eate \u00eatre bouscul\u00e9.<\/p>\n<p>15:34<\/p>\n<p>92 km &#8211; L&rsquo;\u00e9cart se r\u00e9duit l\u00e9g\u00e8rement<\/p>\n<p>Petit \u00e0 petit, l&rsquo;\u00e9cart entre le groupe de t\u00eate et le peloton se r\u00e9duit. On est pass\u00e9 d\u00e9sormais \u00e0 3&rsquo;30. En t\u00eate du peloton, Lorena Wiebes compte bien confirmer son statut de favorite.<\/p>\n<p>15:27<\/p>\n<p>96 km &#8211; Les coureuses quittent la Bretagne\u00a0<\/p>\n<p>15:26<\/p>\n<p>98 km &#8211; Un peloton men\u00e9 par SD Worx-Protime<\/p>\n<p>Le peloton est actuellement men\u00e9 par l&rsquo;\u00e9quipe SD Worx-Protime, avec une des favorites du jour Lorena Wiebes qui est \u00e0 la t\u00eate d&rsquo;un groupe situ\u00e9 \u00e0 3&rsquo;55 du groupe de t\u00eate.<\/p>\n<p>15:19<\/p>\n<p>103 km &#8211; Composition du groupe de t\u00eate\u00a0<\/p>\n<blockquote class=\"twitter-tweet\" align=\"center\">\n<p lang=\"fr\" dir=\"ltr\">\ud83c\udfc1106 km &#8211; <a href=\"https:\/\/twitter.com\/hashtag\/TDFF2025?src=hash&amp;ref_src=twsrc%5Etfw\" target=\"_blank\" rel=\"noopener\">#TDFF2025<\/a> <\/p>\n<p>\ud83d\udeb4\u200d\u2640\ufe0f The 4 leaders \/ les 4 coureuses de t\u00eate :<br \/>\ud83c\udde8\ud83c\udde6 Alison Jackson<br \/>\ud83c\uddea\ud83c\uddf8 Sara Martin Martin<br \/>\ud83c\uddeb\ud83c\uddf7 Cl\u00e9mence Latimier<br \/>\ud83c\udde8\ud83c\uddf1 Catalina Soto Campos<\/p>\n<p>Peloton trailing by 4&prime;<\/p>\n<p>Le peloton est \u00e0 4&prime;<a href=\"https:\/\/twitter.com\/hashtag\/WatchTheFemmes?src=hash&amp;ref_src=twsrc%5Etfw\" target=\"_blank\" rel=\"noopener\">#WatchTheFemmes<\/a> <a href=\"https:\/\/t.co\/e0WVwS0ANM\">https:\/\/t.co\/e0WVwS0ANM<\/a><\/p>\n<p>\u2014 Le Tour de France Femmes avec Zwift (@LeTourFemmes) <a href=\"https:\/\/twitter.com\/LeTourFemmes\/status\/1949821060779552943?ref_src=twsrc%5Etfw\" target=\"_blank\" rel=\"noopener\">July 28, 2025<\/a><\/p><\/blockquote>\n<p>15:16<\/p>\n<p>105 km &#8211; Retours de Bunel et Cavallar<\/p>\n<p>Impliqu\u00e9e dans une chute, Marion Bunel et Valentina Cavallar sont de retour dans le peloton.<\/p>\n<p>15:12<\/p>\n<p>107 km &#8211; Petit point sur la situation<\/p>\n<p>Morgane Coston (Roland Le Devoluy) et Valentina Cavallar (Arkea B&amp;B Hotels Woman) accusent un l\u00e9ger retard de 10 sur un peloton qui est \u00e7 4&rsquo;15 de l&rsquo;\u00e9chapp\u00e9e.<\/p>\n<p>15:09<\/p>\n<p>109 km &#8211; Chute de Squiban et Bunel<\/p>\n<p>Ma\u00ebva Squiban et Marion Bunel \u00a0ont chut\u00e9. Mais elles n&rsquo;ont pas tard\u00e9 \u00e0 se relever.<\/p>\n<p>15:03<\/p>\n<p>113 km &#8211; L&rsquo;image amusante de Margot Vanpachtenbeke<\/p>\n<blockquote class=\"twitter-tweet\" align=\"center\">\n<p lang=\"fr\" dir=\"ltr\">The riders have just reached the first feed zone but\ud83c\udde7\ud83c\uddea Margot Vanpachtenbeke has gone old school with her food today \ud83d\ude02 <\/p>\n<p>Oui Oui Baguette \ud83e\udd56\ud83e\udd56\ud83e\udd56<\/p>\n<p>Le peloton approche de la premi\u00e8re zone de ravitaillement, mais Margot Vanpachtenbeke a choisi une option plus classique aujourd&rsquo;hui\u2026 <a href=\"https:\/\/t.co\/kJCj8giaE6\">pic.twitter.com\/kJCj8giaE6<\/a><\/p>\n<p>\u2014 Le Tour de France Femmes avec Zwift (@LeTourFemmes) <a href=\"https:\/\/twitter.com\/LeTourFemmes\/status\/1949814360567648767?ref_src=twsrc%5Etfw\" target=\"_blank\" rel=\"noopener\">July 28, 2025<\/a><\/p><\/blockquote>\n<p>14:54<\/p>\n<p>120 km &#8211; Brausse et Avoine rattrap\u00e9es<\/p>\n<p>Comme pr\u00e9vu, la contre-attaque a \u00e9t\u00e9 reprise par un peloton d\u00e9sormais \u00e0 3&rsquo;17\u00a0\u00bb des 4 coureuses en t\u00eate.<\/p>\n<p>14:49<\/p>\n<p>125 km &#8211; Avoine et Brausse vont rejoindre le peloton<\/p>\n<p>La contre-attaque de Brausse et Avoine n&rsquo;a que tr\u00e8s peu de chances d&rsquo;aboutir. Elles sont \u00e0 2&rsquo;40 du groupe de t\u00eate, et \u00e0 seulement 15 du peloton.<\/p>\n<p>14:46<\/p>\n<p>126 km &#8211; Deux points pour Jackson<\/p>\n<p>Alison Jackson (EF Education-Oatly) est la premi\u00e8re \u00e0 arriver au sommer de la C\u00f4te de la Richardi\u00e8re. La Canadienne prend donc les deux points. Le dernier point restant est pour Sara Martin Martin (Movistar)<\/p>\n<p>14:41<\/p>\n<p>129 km &#8211; Les poursuivantes ensemble\u00a0<\/p>\n<p>Brausse et Avoine ont fait la jonction, et se retrouvent \u00e0 2&rsquo;05 de l&rsquo;\u00e9chapp\u00e9e.\u00a0<\/p>\n<p>14:39<\/p>\n<p>130 km &#8211; Place \u00e0 la seule C\u00f4te du jour<\/p>\n<p>Le groupe de t\u00eate entame l&rsquo;ascension de la C\u00f4t\u00e9 de la Richardi\u00e8re (cat\u00e9gorie 4, 1,7 km, 4,6%). La seule difficult\u00e9 du jour dans un parcours plat.<\/p>\n<p>14:34<\/p>\n<p>134 km &#8211; Une belle avance pour le groupe de t\u00eate<\/p>\n<p>A l&rsquo;approche de la C\u00f4te de la Richardi\u00e8re, l&rsquo;\u00e9chapp\u00e9e a d\u00e9sormais une belle avance de 2&rsquo;05 sur le peloton. Alison Avoine et Franziska Brausse poursuivent leurs efforts.<\/p>\n<p>14:31<\/p>\n<p>136 km &#8211; Attaque infructueuse pour Biannic<\/p>\n<p>Aude Biannic a \u00e9t\u00e9 reprise par le peloton. C&rsquo;est au tour de Franziska Brausse (Ceratizit Pro Cycling Team) et la Fran\u00e7aise Alison Avoine d&rsquo;attaquer (St Michel). L&rsquo;Allemande est devant, mais a un gros \u00e9cart de 1&rsquo;05 \u00e0 combler.<\/p>\n<p>14:27<\/p>\n<p>140 km &#8211; Aude Biannic part \u00e0 l&rsquo;attaque<\/p>\n<p>La Fran\u00e7aise Aude Biannic (Movistar Team) est partie seule chasser le groupe de t\u00eate, mais \u00e7a s&rsquo;annonce dur avec un \u00e9cart de 55 secondes sur le groupe de t\u00eate. Le peloton compte un peu plus d&rsquo;une minute de retard.<\/p>\n<p>14:23<\/p>\n<p>143 km &#8211; L&rsquo;\u00e9cart se creuse<\/p>\n<p>Le groupe de t\u00eate commence \u00e0 creuser l&rsquo;\u00e9cart avec le peloton (35). A voir si les quatre coureuses tiendront jusqu&rsquo;\u00e0 la seule difficult\u00e9 du jour: la C\u00f4te de la Richardi\u00e8re.<\/p>\n<p>14:16<\/p>\n<p>148 km &#8211; Une Fran\u00e7aise dans l&rsquo;\u00e9chapp\u00e9e<\/p>\n<p>Nouvelle attaque de la part de 4 coureuses : Alison Jackson (Ef Education &#8211; Oatly), la Fran\u00e7aise Cl\u00e9mence Latimier (Arkea B&amp;B Hotels Woman), Sara Martin Martin (Movistar Team) et Catalina Soto Campos (Laboral Kutxa). L&rsquo;\u00e9cart est de 16 secondes.<\/p>\n<p>14:13<\/p>\n<p>149 km &#8211; Le peloton rattrape vite le groupe de t\u00eate<\/p>\n<p>L&rsquo;avance des trois coureuses a \u00e9t\u00e9 de courte dur\u00e9e car le peloton est d\u00e9j\u00e0 revenu.\u00a0<\/p>\n<p>14:13<\/p>\n<p>150 km &#8211; Trois coureuses en t\u00eate<\/p>\n<p>Les attaques n&rsquo;ont pas tard\u00e9 \u00e0 commencer. Frazainska Brausse (Ceratizit), Anneke Dijkstra (VolkerWessels) et Christina Schweinberger sont en t\u00eate.\u00a0<\/p>\n<p>14:10<\/p>\n<p>Un abandon de taille<\/p>\n<p>Il y a eu un abandon de plus avant le d\u00e9part. Elisa Longo Borghini qui avait gagn\u00e9 le Giro souffre d&rsquo;une infection gastro-intestinale. Marlen Reusser a aussi abandonn\u00e9.<\/p>\n<blockquote class=\"twitter-tweet\" align=\"center\">\n<p lang=\"fr\" dir=\"ltr\">Elisa Longo Borghini (UAE ADQ) ne prendra pas le d\u00e9part de la 3e \u00e9tape du Tour de France Femmes ! D\u00e9j\u00e0 rel\u00e9gu\u00e9e \u00e0 2&rsquo;52\u00a0\u00bb au g\u00e9n\u00e9ral, l&rsquo;Italienne souffre d&rsquo;une infection gastro-intestinale. <\/p>\n<p>Elle venait de remporter le Giro devant Marlen Reusser, qui a aussi abandonn\u00e9. <a href=\"https:\/\/twitter.com\/hashtag\/TDFF2025?src=hash&amp;ref_src=twsrc%5Etfw\" target=\"_blank\" rel=\"noopener\">#TDFF2025<\/a> <a href=\"https:\/\/t.co\/FGAsXgmPN1\">pic.twitter.com\/FGAsXgmPN1<\/a><\/p>\n<p>\u2014 Le Gruppetto (@LeGruppetto) <a href=\"https:\/\/twitter.com\/LeGruppetto\/status\/1949766806622613566?ref_src=twsrc%5Etfw\" target=\"_blank\" rel=\"noopener\">July 28, 2025<\/a><\/p><\/blockquote>\n<p>14:07<\/p>\n<p>155 km &#8211; D\u00e9but de la 3e \u00e9tape\u00a0<\/p>\n<p>La 3e \u00e9tape a officiellement commenc\u00e9, avec un peloton bien group\u00e9 dans ces premiers kilom\u00e8tres.<\/p>\n<p>14:02<\/p>\n<p>13:39<\/p>\n<p>Le Tour quitte la Bretagne<\/p>\n<p>Direction les Pays de la Loire pour le Tour de France femmes, apr\u00e8s un beau d\u00e9part en Bretagne, dans une ambiance de folie.<\/p>\n<blockquote class=\"twitter-tweet\" align=\"center\">\n<p lang=\"fr\" dir=\"ltr\">\u00ab Je ne suis pas s\u00fbre d\u2019avoir d\u00e9j\u00e0 v\u00e9cu \u00e7a \u00bb : accueil hors norme pour le Tour de France femmes en Bretagne <a href=\"https:\/\/t.co\/CoyZ5aq0K5\">https:\/\/t.co\/CoyZ5aq0K5<\/a><\/p>\n<p>\u2014 Le Parisien | sport (@leparisiensport) <a href=\"https:\/\/twitter.com\/leparisiensport\/status\/1949704637377830981?ref_src=twsrc%5Etfw\" target=\"_blank\" rel=\"noopener\">July 28, 2025<\/a><\/p><\/blockquote>\n<p>13:36<\/p>\n<p>On approche du d\u00e9part fictif<\/p>\n<p>Les coureuses s&rsquo;\u00e9lancent aujourd&rsquo;hui de La Gacilly dans le Morbihan pour 163,5 km de plat. Le d\u00e9part fictif aura lieu \u00e0 13h50.<\/p>\n<p>13:34<\/p>\n<p>Bienvenue !<\/p>\n<p>Bonjour \u00e0 tous et \u00e0 toutes et bienvenue sur ce direct comment\u00e9 de la 3e \u00e9tape du Tour de France Femmes entre La Gacilly et Angers.<\/p>\n<p>Contexte<\/p>\n<p>3e \u00e9tape du Tour de France Femmes<\/p>\n<ul>\n<li>Au lendemain de <a href=\"https:\/\/www.leparisien.fr\/sports\/cyclisme\/tour-de-france-feminin\/tour-de-france-femmes-victoire-surprise-de-garcia-lors-de-la-2e-etape-le-court-nouvelle-maillot-jaune-27-07-2025-EY5WQO35HFA7NCZMR365K3TQCM.php\" target=\"_blank\" rel=\"noopener\">la victoire surprise de Mavi Garcia<\/a>, le peloton quittera <a href=\"https:\/\/www.leparisien.fr\/sports\/cyclisme\/tour-de-france-feminin\/je-ne-suis-pas-sure-davoir-deja-vecu-ca-accueil-hors-norme-pour-le-tour-de-france-femmes-en-bretagne-28-07-2025-4SJL66EOWRARRNDRXOZX7SMIYQ.php\" target=\"_blank\" rel=\"noopener\">la Bretagne<\/a> au cours d&rsquo;une \u00e9tape longue de 163,5 km.<\/li>\n<li>Avec sa 3e place hier, <a href=\"https:\/\/www.leparisien.fr\/sports\/cyclisme\/tour-de-france-feminin\/malaria-coma-football-et-fierte-de-lile-maurice-kim-le-court-nouvelle-reine-du-tour-de-france-femmes-27-07-2025-RVX7G66XAVBPVJO3SSZXQXO3PE.php\" target=\"_blank\" rel=\"noopener\">Kim Le Court<\/a> a chip\u00e9 le maillot jaune \u00e0 Marianne Vos gr\u00e2ce aux bonifications.<\/li>\n<li>Une seule ascension r\u00e9pertori\u00e9e est au programme du jour, la c\u00f4te de la Richardi\u00e8re (1,7 km \u00e0 4,6%), class\u00e9e 4e cat\u00e9gorie.<\/li>\n<\/ul>\n<p><script async src=\"https:\/\/platform.twitter.com\/widgets.js\" charset=\"utf-8\"><\/script><\/p>\n","protected":false},"excerpt":{"rendered":"17:18 15 km &#8211; C&rsquo;est dur pour Latinier Ca devient dur \u00e0 l&rsquo;avant, \u00e0 l&rsquo;image de Cl\u00e9mence Latinier&hellip;\n","protected":false},"author":2,"featured_media":279873,"comment_status":"","ping_status":"","sticky":false,"template":"","format":"standard","meta":{"footnotes":""},"categories":[1411],"tags":[1154,207,814,1011,27,955,60],"class_list":{"0":"post-279872","1":"post","2":"type-post","3":"status-publish","4":"format-standard","5":"has-post-thumbnail","7":"category-cyclisme","8":"tag-cycling","9":"tag-cyclisme","10":"tag-direct","11":"tag-fr","12":"tag-france","13":"tag-match","14":"tag-sports"},"share_on_mastodon":{"url":"https:\/\/pubeurope.com\/@fr\/114931563489108068","error":""},"_links":{"self":[{"href":"https:\/\/www.europesays.com\/fr\/wp-json\/wp\/v2\/posts\/279872","targetHints":{"allow":["GET"]}}],"collection":[{"href":"https:\/\/www.europesays.com\/fr\/wp-json\/wp\/v2\/posts"}],"about":[{"href":"https:\/\/www.europesays.com\/fr\/wp-json\/wp\/v2\/types\/post"}],"author":[{"embeddable":true,"href":"https:\/\/www.europesays.com\/fr\/wp-json\/wp\/v2\/users\/2"}],"replies":[{"embeddable":true,"href":"https:\/\/www.europesays.com\/fr\/wp-json\/wp\/v2\/comments?post=279872"}],"version-history":[{"count":0,"href":"https:\/\/www.europesays.com\/fr\/wp-json\/wp\/v2\/posts\/279872\/revisions"}],"wp:featuredmedia":[{"embeddable":true,"href":"https:\/\/www.europesays.com\/fr\/wp-json\/wp\/v2\/media\/279873"}],"wp:attachment":[{"href":"https:\/\/www.europesays.com\/fr\/wp-json\/wp\/v2\/media?parent=279872"}],"wp:term":[{"taxonomy":"category","embeddable":true,"href":"https:\/\/www.europesays.com\/fr\/wp-json\/wp\/v2\/categories?post=279872"},{"taxonomy":"post_tag","embeddable":true,"href":"https:\/\/www.europesays.com\/fr\/wp-json\/wp\/v2\/tags?post=279872"}],"curies":[{"name":"wp","href":"https:\/\/api.w.org\/{rel}","templated":true}]}}