{"id":279874,"date":"2025-07-28T15:27:10","date_gmt":"2025-07-28T15:27:10","guid":{"rendered":"https:\/\/www.europesays.com\/fr\/279874\/"},"modified":"2025-07-28T15:27:10","modified_gmt":"2025-07-28T15:27:10","slug":"om-comolli-vise-par-le-clan-weah-maxifoot","status":"publish","type":"post","link":"https:\/\/www.europesays.com\/fr\/279874\/","title":{"rendered":"OM : Comolli vis\u00e9 par le clan Weah ? &#8211; Maxifoot"},"content":{"rendered":"<ol>\n<li><a href=\"https:\/\/news.google.com\/rss\/articles\/CBMifEFVX3lxTFBYb2VUUmg3VEItSFduSGFsWnN0MjlybEl5dWw4RFRaakhnXzhQeTN1anotQzhPdHB5LXdhalEwSmV4bXpIQlc0QXJnY1A3WUV3R2c0TmVleGR0Y3pOanc3YlJXV0RmMWhsOUtuYWJzV3lheFlrU2NFMFVOOG3SAXxBVV95cUxOejdkUjRrSHhvVDNSemYzOTFqMDVqU1ltYlFabEtKN2RVbjEtTEd6SGVadXc5WTlsdVlEekg0dW5wQU52YTAyRVRVbkY5NWoxNjhsRzZXX09XU1lPcXFnN2xYY1FnMzUxT0JPVzJTa1Nvb3ZoQXktMnFyTmRR?oc=5\" target=\"_blank\" rel=\"nofollow noopener\">OM : Comolli vis\u00e9 par le clan Weah ?<\/a>&nbsp;&nbsp;Maxifoot<\/li>\n<li><a href=\"https:\/\/news.google.com\/rss\/articles\/CBMiygFBVV95cUxNWW1aNEoxbDJKWk1zV0FQWHZzLV9VTlRPbTl0b0xZWkg3NU4tdjhfXzQ2eXpWNk9ENjB3czNnWlBDNlVBMXZSdXFQMldNZi03QTYxeGttZG5JVmdiUGtqaWNDTVdNUUJLSE5Oam5IaGM1aVllMmd3c0lZRkRNbEdOQVVGWC1BT2lUU25LTHJUT0ptZDhDRlNUUzNIdGM3YUk4UC11cUl5bmFrNW0ydHc0WXREY0ZmR2dUX1NrWW5pTjg4RGhjNW5jaXZ3?oc=5\" target=\"_blank\" rel=\"nofollow noopener\">Le repr\u00e9sentant de Timothy Weah (Juventus) pousse un coup de gueule contre Damien Comolli<\/a>&nbsp;&nbsp;L&rsquo;\u00c9quipe<\/li>\n<li><a href=\"https:\/\/news.google.com\/rss\/articles\/CBMilAJBVV95cUxPMlNsZ29rRzlFdTdvVF8xeGVJS3owZ2sxMUVqZU5xRFloT015dmdLZlZIS3R3bXR6OUdvbnNDZXBXVjJMYkwydjhQWV92UjVGQTM1N21GNzlNOUtqdlpHakNqR0s1Yl9HdHVOOUdVWFRqeWJTdHc1OUNkR3NTM1JLclprNmlIS3VtR1FTRDRWWHRreVJTWm5zSFRlTlNseEJCalhRZFNXT2pOZFFmVVZFMWN4VGZNMnRnTkRIeGlvNm9yLVJPeXN3cFRaUUY5MTJGYTU2WmN1X2szbjV6OFdUVGp5N2NUN1ZHVkRpRDhjUUFkM1l6YmpsZ191YkJBTlpmQjRGTmlMenBkb2xjUlpFNDRpTjQ?oc=5\" target=\"_blank\" rel=\"nofollow noopener\">\u00ab\u00a0Vengeance\u00a0\u00bb, \u00ab\u00a0manque de respect\u00a0\u00bb : Weah, un bras de fer avec vue sur l&rsquo;OM<\/a>&nbsp;&nbsp;Eurosport<\/li>\n<li><a href=\"https:\/\/news.google.com\/rss\/articles\/CBMirgFBVV95cUxPVHhzZTRUNHlWQXBvMVQ3UEdqR0VLci1zenZxYm9kTFVYaW1jdDRXeHZhR0lUYkNkcDNZdmoyM3c1YWFWUTlXXzQxM25CVDZaM3U2ZkxvSnV2SDZNai12NDdpUm1ERUk2SEZ3endnd2p4YXVHR0l5cWFqRUNoaUtSaHVvUU8xcG12a2gzTC1IdmZFSFBZdDgxdGFhV3l3UWdnWUxRVFR1RnJrM2RNY0E?oc=5\" target=\"_blank\" rel=\"nofollow noopener\">OM : le repr\u00e9sentant de Timothy Weah enrage contre la Juventus<\/a>&nbsp;&nbsp;Foot Mercato<\/li>\n<li><a href=\"https:\/\/news.google.com\/rss\/articles\/CBMi6gFBVV95cUxPTTF6alhJUlo2T2dpdFk4ME1tRTZaRjRvUTkwckdjVFhhNnJZNl9wOUtWMWI2WjJFZ1VSUHlmMy1GVkFuaV9GdFVlckVNZXZfaldNWjN2bEF6MWtXaWtBR25TYmJndUNfNmtBUnNFMVZIYXV3Zy14NXVMdV81QmtWSzh2OE8tRTB1bnI0VHJSOGJ6RGhpTWhuZklLXzh2SUdqSHpuRTRJVklhSFFrcjJPU2pxTXkwOWI5aGYzYXQ0a1FOdkQyVVVhLWNmZUVlcnhET1dKSzBObUFlRzZJMFY5N0s5MmtQbzY4X2c?oc=5\" target=\"_blank\" rel=\"nofollow noopener\">Mercato: le repr\u00e9sentant de Tim Weah sort la sulfateuse sur son transfert bloqu\u00e9 \u00e0 l&rsquo;OM<\/a>&nbsp;&nbsp;RMC Sport<\/li>\n<\/ol>\n","protected":false},"excerpt":{"rendered":"OM : Comolli vis\u00e9 par le clan Weah ?&nbsp;&nbsp;Maxifoot Le repr\u00e9sentant de Timothy Weah (Juventus) pousse un coup&hellip;\n","protected":false},"author":2,"featured_media":279875,"comment_status":"","ping_status":"","sticky":false,"template":"","format":"standard","meta":{"footnotes":""},"categories":[1410],"tags":[2266,2262,2261,1981,83,2260,451,2263,462,2269,2257,63,1011,27,2265,1441,453,66,447,2267,955,2268,241,149,70,1817,93,2264,2258,2259,60,969,455],"class_list":{"0":"post-279874","1":"post","2":"type-post","3":"status-publish","4":"format-standard","5":"has-post-thumbnail","7":"category-football","8":"tag-as-monaco","9":"tag-bundesligua","10":"tag-calcio","11":"tag-classement","12":"tag-coupe-de-france","13":"tag-coupe-de-la-ligue","14":"tag-coupe-du-monde","15":"tag-equipe","16":"tag-fc-nantes","17":"tag-fifa","18":"tag-foot","19":"tag-football","20":"tag-fr","21":"tag-france","22":"tag-girondins-bordeaux","23":"tag-joueur","24":"tag-liga","25":"tag-ligue-1","26":"tag-ligue-des-champions","27":"tag-losc","28":"tag-match","29":"tag-ogc-nice","30":"tag-ol","31":"tag-om","32":"tag-premier-league","33":"tag-pronostic","34":"tag-psg","35":"tag-rc-lens","36":"tag-resultat","37":"tag-score","38":"tag-sports","39":"tag-transfert","40":"tag-uefa"},"share_on_mastodon":{"url":"https:\/\/pubeurope.com\/@fr\/114931567428883219","error":""},"_links":{"self":[{"href":"https:\/\/www.europesays.com\/fr\/wp-json\/wp\/v2\/posts\/279874","targetHints":{"allow":["GET"]}}],"collection":[{"href":"https:\/\/www.europesays.com\/fr\/wp-json\/wp\/v2\/posts"}],"about":[{"href":"https:\/\/www.europesays.com\/fr\/wp-json\/wp\/v2\/types\/post"}],"author":[{"embeddable":true,"href":"https:\/\/www.europesays.com\/fr\/wp-json\/wp\/v2\/users\/2"}],"replies":[{"embeddable":true,"href":"https:\/\/www.europesays.com\/fr\/wp-json\/wp\/v2\/comments?post=279874"}],"version-history":[{"count":0,"href":"https:\/\/www.europesays.com\/fr\/wp-json\/wp\/v2\/posts\/279874\/revisions"}],"wp:featuredmedia":[{"embeddable":true,"href":"https:\/\/www.europesays.com\/fr\/wp-json\/wp\/v2\/media\/279875"}],"wp:attachment":[{"href":"https:\/\/www.europesays.com\/fr\/wp-json\/wp\/v2\/media?parent=279874"}],"wp:term":[{"taxonomy":"category","embeddable":true,"href":"https:\/\/www.europesays.com\/fr\/wp-json\/wp\/v2\/categories?post=279874"},{"taxonomy":"post_tag","embeddable":true,"href":"https:\/\/www.europesays.com\/fr\/wp-json\/wp\/v2\/tags?post=279874"}],"curies":[{"name":"wp","href":"https:\/\/api.w.org\/{rel}","templated":true}]}}