{"id":279876,"date":"2025-07-28T15:28:12","date_gmt":"2025-07-28T15:28:12","guid":{"rendered":"https:\/\/www.europesays.com\/fr\/279876\/"},"modified":"2025-07-28T15:28:12","modified_gmt":"2025-07-28T15:28:12","slug":"sa-derniere-mise-en-beaute-le-confirme","status":"publish","type":"post","link":"https:\/\/www.europesays.com\/fr\/279876\/","title":{"rendered":"sa derni\u00e8re mise en beaut\u00e9 le confirme"},"content":{"rendered":"<p><b>La princesse Charlotte a accompagn\u00e9 son p\u00e8re, le prince William, \u00e0 la finale de l\u2019Euro f\u00e9minin 2025, \u00e0 B\u00e2le, en Suisse. Rayonnante dans les tribunes, la fillette de 10 ans a attir\u00e9 tous les regards avec sa chevelure bronde, une teinte lumineuse subtilement dor\u00e9e, \u00e9galement adopt\u00e9e par sa m\u00e8re, Kate Middleton.<\/b><\/p>\n<p>La <a href=\"https:\/\/www.femina.fr\/article\/a-10-ans-charlotte-brise-le-protocole-et-vole-la-vedette-a-kate-middleton-avec-un-look-rock#xtor=AL-34\" rel=\"nofollow noopener\" target=\"_blank\" data-ylk=\"slk:princesse Charlotte;elm:context_link;itc:0;sec:content-canvas\" class=\"link \">princesse Charlotte<\/a> grandit \u00e0 une vitesse folle. D\u2019ailleurs, ce n\u2019est pas en compagnie de son \u00e9pouse que le <a href=\"https:\/\/www.femina.fr\/article\/le-prince-william-metamorphose-depuis-le-cancer-de-kate-ce-changement-physique-qui-n-est-pas-passe-inapercu#xtor=AL-34\" rel=\"nofollow noopener\" target=\"_blank\" data-ylk=\"slk:prince William;elm:context_link;itc:0;sec:content-canvas\" class=\"link \">prince William<\/a> s\u2019est rendu \u00e0 B\u00e2le, en Suisse, pour assister \u00e0 la finale de l\u2019Euro f\u00e9minin 2025, mais avec sa fille \u00e2g\u00e9e de 10 ans. Le c\u00e9l\u00e8bre tandem royal a ainsi fait craquer le monde entier, la s\u0153ur de <a href=\"https:\/\/www.femina.fr\/article\/il-a-l-air-preoccupe-a-12-ans-le-prince-george-semble-deja-reflechir-a-son-futur-role#xtor=AL-34\" rel=\"nofollow noopener\" target=\"_blank\" data-ylk=\"slk:George;elm:context_link;itc:0;sec:content-canvas\" class=\"link \">George<\/a> et <a href=\"https:\/\/www.femina.fr\/article\/kate-middleton-devoile-un-adorable-cliche-de-son-fils-louis-pour-ses-7-ans-c-est-le-parfait-sosie-de-son-arriere-grand-pere#xtor=AL-34\" rel=\"nofollow noopener\" target=\"_blank\" data-ylk=\"slk:Louis;elm:context_link;itc:0;sec:content-canvas\" class=\"link \">Louis<\/a> suscitant l\u2019admiration dans une robe bleue \u00e0 pois blancs toute en l\u00e9g\u00e8ret\u00e9, port\u00e9e avec des ballerines \u00e0 brides blanches. La mise en beaut\u00e9 de la fillette a elle aussi largement \u00e9t\u00e9 comment\u00e9e pour sa similitude avec celle r\u00e9cemment arbor\u00e9e par la princesse de Galles.<\/p>\n<p> \u00a0 \u00a0 \u00a0 \u00a0 \u00a0 \u00a0 \u00a0 \u00a0 <\/p>\n<p><img decoding=\"async\" class=\"caas-img caas-lazy has-preview\" alt=\"\" src=\"https:\/\/www.europesays.com\/fr\/wp-content\/uploads\/2025\/07\/cce6ddd2f18baa4c5df22955d8b6c56d.jpeg\"\/><\/p>\n<p><strong>A d\u00e9couvrir \u00e9galement :\u00a0<\/strong><a href=\"https:\/\/www.femina.fr\/article\/kate-middleton-malade-a-9-ans-sa-fille-charlotte-prend-la-releve-cote-style#xtor=AL-34\" rel=\"nofollow noopener\" target=\"_blank\" data-ylk=\"slk:Kate Middleton malade : sa fille Charlotte prend la rel\u00e8ve c\u00f4t\u00e9 style;elm:context_link;itc:0;sec:content-canvas\" class=\"link \">Kate Middleton malade : sa fille Charlotte prend la rel\u00e8ve c\u00f4t\u00e9 style<\/a><\/p>\n<p>Princesse Charlotte : sa chevelure blondie interpelle<\/p>\n<p>Les similitudes entre Kate Middleton et la princesse Charlotte sont nombreuses, \u00e0 l\u2019image de leurs tenues soign\u00e9es. \u00ab Je ne doute pas que la princesse Charlotte deviendra une ic\u00f4ne de style au m\u00eame titre que sa m\u00e8re et j\u2019ai h\u00e2te de voir le style de la princesse Charlotte se d\u00e9velopper au fur et \u00e0 mesure qu\u2019elle grandit et m\u00fbrit \u00bb, avait comment\u00e9 la cr\u00e9atrice de v\u00eatements pour enfants Rachel Riley au magazine\u00a0<a href=\"https:\/\/www.hellomagazine.com\" rel=\"nofollow noopener\" target=\"_blank\" data-ylk=\"slk:Hello;elm:context_link;itc:0;sec:content-canvas\" class=\"link \">Hello<\/a>. Physiquement, m\u00e8re et fille se ressemblent \u00e9galement de plus en plus au fil du temps.<\/p>\n<p>Derni\u00e8rement, alors qu\u2019elle est en r\u00e9mission de son cancer, <a href=\"https:\/\/www.femina.fr\/article\/en-remission-kate-middleton-reste-prudente-elle-ecoute-son-corps#xtor=AL-34\" rel=\"nofollow noopener\" target=\"_blank\" data-ylk=\"slk:Kate Middleton;elm:context_link;itc:0;sec:content-canvas\" class=\"link \">Kate Middleton<\/a> a d\u00e9cid\u00e9 d\u2019adopter une nuance de cheveux plus&#8230;<\/p>\n<p><a href=\"https:\/\/www.femina.fr\/article\/a-10-ans-la-princesse-charlotte-est-une-mini-kate-middleton-sa-derniere-mise-en-beaute-le-confirme#xtor=AL-34\" rel=\"nofollow noopener\" target=\"_blank\" data-ylk=\"slk:Lire la suite sur Femina.fr;elm:context_link;itc:0;sec:content-canvas\" class=\"link \">Lire la suite sur Femina.fr<\/a><\/p>\n<p>A lire aussi<\/p>\n","protected":false},"excerpt":{"rendered":"La princesse Charlotte a accompagn\u00e9 son p\u00e8re, le prince William, \u00e0 la finale de l\u2019Euro f\u00e9minin 2025, \u00e0&hellip;\n","protected":false},"author":2,"featured_media":279877,"comment_status":"","ping_status":"","sticky":false,"template":"","format":"standard","meta":{"footnotes":""},"categories":[1359],"tags":[28153,58,59,41932,1011,27,5858,973,3936,29608,6985],"class_list":{"0":"post-279876","1":"post","2":"type-post","3":"status-publish","4":"format-standard","5":"has-post-thumbnail","7":"category-people","8":"tag-charlotte","9":"tag-divertissement","10":"tag-entertainment","11":"tag-finale-de-leuro","12":"tag-fr","13":"tag-france","14":"tag-kate-middleton","15":"tag-people","16":"tag-prince-william","17":"tag-princesse","18":"tag-princesse-charlotte"},"share_on_mastodon":{"url":"https:\/\/pubeurope.com\/@fr\/114931571331879322","error":""},"_links":{"self":[{"href":"https:\/\/www.europesays.com\/fr\/wp-json\/wp\/v2\/posts\/279876","targetHints":{"allow":["GET"]}}],"collection":[{"href":"https:\/\/www.europesays.com\/fr\/wp-json\/wp\/v2\/posts"}],"about":[{"href":"https:\/\/www.europesays.com\/fr\/wp-json\/wp\/v2\/types\/post"}],"author":[{"embeddable":true,"href":"https:\/\/www.europesays.com\/fr\/wp-json\/wp\/v2\/users\/2"}],"replies":[{"embeddable":true,"href":"https:\/\/www.europesays.com\/fr\/wp-json\/wp\/v2\/comments?post=279876"}],"version-history":[{"count":0,"href":"https:\/\/www.europesays.com\/fr\/wp-json\/wp\/v2\/posts\/279876\/revisions"}],"wp:featuredmedia":[{"embeddable":true,"href":"https:\/\/www.europesays.com\/fr\/wp-json\/wp\/v2\/media\/279877"}],"wp:attachment":[{"href":"https:\/\/www.europesays.com\/fr\/wp-json\/wp\/v2\/media?parent=279876"}],"wp:term":[{"taxonomy":"category","embeddable":true,"href":"https:\/\/www.europesays.com\/fr\/wp-json\/wp\/v2\/categories?post=279876"},{"taxonomy":"post_tag","embeddable":true,"href":"https:\/\/www.europesays.com\/fr\/wp-json\/wp\/v2\/tags?post=279876"}],"curies":[{"name":"wp","href":"https:\/\/api.w.org\/{rel}","templated":true}]}}