{"id":279880,"date":"2025-07-28T15:30:19","date_gmt":"2025-07-28T15:30:19","guid":{"rendered":"https:\/\/www.europesays.com\/fr\/279880\/"},"modified":"2025-07-28T15:30:19","modified_gmt":"2025-07-28T15:30:19","slug":"cinq-livres-pour-se-mettre-a-la-page-du-japon","status":"publish","type":"post","link":"https:\/\/www.europesays.com\/fr\/279880\/","title":{"rendered":"Cinq livres pour se mettre \u00e0 la page du Japon"},"content":{"rendered":"\n<p class=\"catcher__desc\">Cet article est tir\u00e9 de notre suppl\u00e9ment <a href=\"https:\/\/boutique.lemonde.fr\/le-gout-de-m\/3756-le-gout-de-m-n10-special-japon\/84.html?lmd_campaign=services_boutique_lmfr&amp;lmd_medium=display&amp;lmd_variant=article&amp;lmd_creation=goutdem\" target=\"_blank\" rel=\"noopener nofollow\" title=\"Nouvelle fen\u00eatre\">\u00ab\u00a0Le Go\u00fbt de M\u00a0\u00bb, consacr\u00e9 au Japon<\/a>, en vente sur la\u00a0boutique du Monde.<\/p>\n<p>              \u00ab\u00a0Un grand livre de petites id\u00e9es. 50 cr\u00e9ations par Nendo\u00a0\u00bb, d\u2019Oki Sato, de Nendo Inc., et Genevi\u00e8ve Gallot, Editions de La Martini\u00e8re, 2024, 96 p., 29\u202f\u20ac.                       <img loading=\"lazy\" decoding=\"async\" src=\"https:\/\/www.europesays.com\/fr\/wp-content\/uploads\/2025\/07\/76a466b_ftp-import-images-1-flmy3vjwncfp-373564-3411990.jpg\" alt=\"\"   width=\"664\" height=\"443\"\/>      NENDO                   <\/p>\n<p class=\"article__paragraph  \">Fond\u00e9 en 2002 par l\u2019architecte et designer Oki Sato \u2013\u00a0qui a sign\u00e9 la vasque olympique des JO de Tokyo 2020 \u2013, le studio Nendo a collabor\u00e9 avec une multitude de grandes marques dans de nombreux domaines. Original dans sa forme autant que didactique, l\u2019ouvrage d\u00e9crypte la conception d\u2019un objet du quotidien, \u00e0 travers l\u2019approche et le coup de crayon a\u00e9rien de ce cr\u00e9ateur embl\u00e9matique du design japonais.<\/p>\n<p>                  \u00ab\u00a0Fashion Eye Japan\u00a0\u00bb, d\u2019Adolphe de Meyer, Editions Louis Vuitton, 2019, 96 p., 55\u202f\u20ac.                       <img loading=\"lazy\" decoding=\"async\" src=\"https:\/\/www.europesays.com\/fr\/wp-content\/uploads\/2025\/07\/af19957_ftp-import-images-1-lmtarrp38dgj-373561-3411990.jpg\" alt=\"\"   width=\"664\" height=\"443\"\/>      LVMH                   <\/p>\n<p class=\"article__paragraph  \">Pionnier de la photographie de mode (il collabora avec l\u2019\u00e9dition am\u00e9ricaine de Vogue d\u00e8s 1914), le baron allemand Adolphe de Meyer (1868-1946) a entrepris un voyage au Japon en 1900, avec son \u00e9pouse. Cette \u00e9dition publi\u00e9e en 2019, qui pr\u00e9sente les clich\u00e9s de ce p\u00e9riple conserv\u00e9s aujourd\u2019hui au Metropolitan Museum de New York, constitue un t\u00e9moignage \u00e9mouvant de l\u2019\u00e8re Meiji.<\/p>\n<p>             \u00ab\u00a0Japan Style\u00a0\u00bb, de Gian Carlo Calza, Phaidon, 2007, 304 p., 39,95\u202f\u20ac.                       <img loading=\"lazy\" decoding=\"async\" src=\"https:\/\/www.europesays.com\/fr\/wp-content\/uploads\/2025\/07\/4fe2852_ftp-import-images-1-jfrgwuzrbpwg-373555-3411990.jpg\" alt=\"\"   width=\"664\" height=\"443\"\/>      PHAIDON                   <\/p>\n<p class=\"article__paragraph  \">Ancien professeur d\u2019histoire de l\u2019art de l\u2019Asie de l\u2019Est \u00e0 l\u2019universit\u00e9 de Venise, sp\u00e9cialiste de l\u2019art japonais et auteur de plusieurs travaux sur le sujet, l\u2019Italien Gian Carlo Calza d\u00e9taille ici l\u2019esth\u00e9tique nippone dans l\u2019art et l\u2019architecture. Un beau livre richement illustr\u00e9 de gravures anciennes, affiches, photos de lieux et d\u2019objets\u2026<\/p>\n<p>             \u00ab Isamu Noguchi \u00bb, de Marion Bley, Les Ar\u00e8nes, collection \u00ab La Biblioth\u00e8que de l\u2019amateur \u00bb, 2024, 168 p., 20\u202f\u20ac.                       <img loading=\"lazy\" decoding=\"async\" src=\"https:\/\/www.europesays.com\/fr\/wp-content\/uploads\/2025\/07\/dfc36a3_ftp-import-images-1-62axjj1iiesa-373556-3411990.jpg\" alt=\"\"   width=\"664\" height=\"443\"\/>      \u00a9XAVIER DEFAIX. COURTESY OF PIASA\/ \u00a9ADAGP, PARIS.                   <\/p>\n<p class=\"article__paragraph  \">Une immersion dans l\u2019\u0153uvre de l\u2019immense architecte, sculpteur et designer Isamu Noguchi (1904-1988), c\u00e9l\u00e8bre pour ses lampes Akari en papier washi qui ont ensuite \u00e9t\u00e9 copi\u00e9es partout. Cet ouvrage de la journaliste Marion Bley se veut la premi\u00e8re monographie en fran\u00e7ais de l\u2019artiste destin\u00e9e au grand public.<\/p>\n<p>             \u00ab Tokyo Style\u00a0\u00bb, de Kyoichi Tsuzuki, Apartamento, 2024, 388 p., 75\u202f\u20ac.                       <img loading=\"lazy\" decoding=\"async\" src=\"https:\/\/www.europesays.com\/fr\/wp-content\/uploads\/2025\/07\/c8d56ba_ftp-import-images-1-gluiwiznztp7-373568-3411990.jpg\" alt=\"\"   width=\"664\" height=\"443\"\/>      KYOICHI TSUZUKI. COURTESY OF APARTAMENTO.                   <\/p>\n<p class=\"article__paragraph  \">La r\u00e9\u00e9dition d\u2019un livre culte de 2003, recensant des int\u00e9rieurs tokyo\u00eftes lambda, d\u00e9pouill\u00e9s ou charg\u00e9s d\u2019objets, photographi\u00e9s par Kyoichi Tsuzuki dans les ann\u00e9es 1990. Loin des images de d\u00e9coration l\u00e9ch\u00e9es, cette invitation dans la vie r\u00e9elle et son d\u00e9sordre ordinaire porte la patte de l\u2019\u00e9diteur espagnol Apartamento.<\/p>\n<p class=\"article__author-container\"> <a class=\"article__author-link\" href=\"https:\/\/www.lemonde.fr\/signataires\/sabine-maida\/\" rel=\"nofollow noopener\" target=\"_blank\"> Sabine Maida<\/a>  <\/p>\n","protected":false},"excerpt":{"rendered":"Cet article est tir\u00e9 de notre suppl\u00e9ment \u00ab\u00a0Le Go\u00fbt de M\u00a0\u00bb, consacr\u00e9 au Japon, en vente sur la\u00a0boutique&hellip;\n","protected":false},"author":2,"featured_media":279881,"comment_status":"","ping_status":"","sticky":false,"template":"","format":"standard","meta":{"footnotes":""},"categories":[1357],"tags":[1379,58,59,1011,27,1380],"class_list":{"0":"post-279880","1":"post","2":"type-post","3":"status-publish","4":"format-standard","5":"has-post-thumbnail","7":"category-livres","8":"tag-books","9":"tag-divertissement","10":"tag-entertainment","11":"tag-fr","12":"tag-france","13":"tag-livres"},"share_on_mastodon":{"url":"https:\/\/pubeurope.com\/@fr\/114931579335643839","error":""},"_links":{"self":[{"href":"https:\/\/www.europesays.com\/fr\/wp-json\/wp\/v2\/posts\/279880","targetHints":{"allow":["GET"]}}],"collection":[{"href":"https:\/\/www.europesays.com\/fr\/wp-json\/wp\/v2\/posts"}],"about":[{"href":"https:\/\/www.europesays.com\/fr\/wp-json\/wp\/v2\/types\/post"}],"author":[{"embeddable":true,"href":"https:\/\/www.europesays.com\/fr\/wp-json\/wp\/v2\/users\/2"}],"replies":[{"embeddable":true,"href":"https:\/\/www.europesays.com\/fr\/wp-json\/wp\/v2\/comments?post=279880"}],"version-history":[{"count":0,"href":"https:\/\/www.europesays.com\/fr\/wp-json\/wp\/v2\/posts\/279880\/revisions"}],"wp:featuredmedia":[{"embeddable":true,"href":"https:\/\/www.europesays.com\/fr\/wp-json\/wp\/v2\/media\/279881"}],"wp:attachment":[{"href":"https:\/\/www.europesays.com\/fr\/wp-json\/wp\/v2\/media?parent=279880"}],"wp:term":[{"taxonomy":"category","embeddable":true,"href":"https:\/\/www.europesays.com\/fr\/wp-json\/wp\/v2\/categories?post=279880"},{"taxonomy":"post_tag","embeddable":true,"href":"https:\/\/www.europesays.com\/fr\/wp-json\/wp\/v2\/tags?post=279880"}],"curies":[{"name":"wp","href":"https:\/\/api.w.org\/{rel}","templated":true}]}}