{"id":279884,"date":"2025-07-28T15:32:10","date_gmt":"2025-07-28T15:32:10","guid":{"rendered":"https:\/\/www.europesays.com\/fr\/279884\/"},"modified":"2025-07-28T15:32:10","modified_gmt":"2025-07-28T15:32:10","slug":"aya-nakamura-la-reine-de-france-toujours-debout-apres-des-annees-la-boss-quelle-pense-etre-la-chanteuse-francaise-plus-ecoutee-que-beyonce-michael-jackson-ou-taylor-swift-les-internaut","status":"publish","type":"post","link":"https:\/\/www.europesays.com\/fr\/279884\/","title":{"rendered":"Aya Nakamura &#8211; \u00ab\u00a0La reine de France\u00a0\u00bb, \u00ab\u00a0Toujours debout apr\u00e8s des ann\u00e9es\u00a0\u00bb, \u00ab\u00a0La boss qu&rsquo;elle pense \u00eatre\u00a0\u00bb&#8230; la chanteuse fran\u00e7aise plus \u00e9cout\u00e9e que Beyonc\u00e9, Michael Jackson ou Taylor Swift, les internautes la f\u00e9licitent"},"content":{"rendered":"<p>Pr\u00e9sente sur la sc\u00e8ne musicale fran\u00e7aise depuis des ann\u00e9es, <a data-i13n=\"cpos:1;pos:1\" href=\"https:\/\/fr.style.yahoo.com\/apr%C3%A8s-l%C3%A9chec-dernier-titre-aya-160200640.html\" data-ylk=\"slk:Aya Nakamura;cpos:1;pos:1;elm:context_link;itc:0;sec:content-canvas;outcm:mb_qualified_link;_E:mb_qualified_link;ct:story;\" class=\"link  yahoo-link\" rel=\"nofollow noopener\" target=\"_blank\">Aya Nakamura<\/a> a r\u00e9cemment re\u00e7u<a data-i13n=\"cpos:2;pos:1\" href=\"https:\/\/fr.style.yahoo.com\/choqu%C3%A9e-l%C3%A0-aya-nakamura-entre-110000110.html\" data-ylk=\"slk:sa propre statue au mus\u00e9e Gr\u00e9vin;cpos:2;pos:1;elm:context_link;itc:0;sec:content-canvas;outcm:mb_qualified_link;_E:mb_qualified_link;ct:story;\" class=\"link  yahoo-link\" rel=\"nofollow noopener\" target=\"_blank\"> sa propre statue au mus\u00e9e Gr\u00e9vin<\/a>. La chanteuse et rappeuse continue de faire rayonner la musique fran\u00e7aise \u00e0 l&rsquo;international, n&rsquo;en d\u00e9plaise \u00e0 ses d\u00e9tracteurs. Et elle vient tout juste de se retrouver au sein d&rsquo;un classement qui prouve que son succ\u00e8s est toujours pr\u00e9sent.<\/p>\n<p>Aya Nakamura, devant Beyonc\u00e9 ou Taylor Swift<\/p>\n<p>YouTube Music vient tout juste de d\u00e9voiler son classement des artistes les plus \u00e9cout\u00e9s sur sa plateforme, et en France, c&rsquo;est Aya Nakamura qui caracole en t\u00eate. Avec 291 millions d\u2019auditeurs mensuels \u00e0 l&rsquo;international, la star se place loin devant ses camarades francophones. Gims, qui prend la seconde place du classement, ne peut en effet se targuer que de 175 millions d\u2019auditeurs, soit un score bien inf\u00e9rieur \u00e0 celui de sa consoeur.<\/p>\n<p>Derri\u00e8re eux viennent plusieurs rappeurs tels que Gazo (14,2 millions d&rsquo;auditeurs mensuels), Jul (13,4 millions d&rsquo;auditeurs mensuels), ou encore Ninho (11,2 millions d&rsquo;auditeurs mensuels). A elle seule, Aya Nakamura fait mieux que tout le reste du top 5 r\u00e9uni.<\/p>\n<p>Mais il n&rsquo;y a pas qu&rsquo;en France qu&rsquo;Aya Nakamura cartonne. Selon les chiffres de la plateforme, l&rsquo;artiste fran\u00e7aise se classe en effet plus haut que de nombreux artistes internationaux tels que Drake, Beyonc\u00e9, Nicki Minaj, <a data-i13n=\"cpos:3;pos:1\" href=\"https:\/\/fr.style.yahoo.com\/taylor-swift-proche-de-supporters-de-donald-trump-ca-fait-des-mois-quelle-saffiche-avec-des-trumpistes-111440689.html\" data-ylk=\"slk:Taylor Swift;cpos:3;pos:1;elm:context_link;itc:0;sec:content-canvas;outcm:mb_qualified_link;_E:mb_qualified_link;ct:story;\" class=\"link  yahoo-link\" rel=\"nofollow noopener\" target=\"_blank\">Taylor Swift<\/a> ou encore Travis Scott. Derri\u00e8re <a data-i13n=\"cpos:4;pos:1\" href=\"https:\/\/fr.style.yahoo.com\/rihanna-perte-de-cheveux-trous-tete-post-partum-085008777.html\" data-ylk=\"slk:Rihanna;cpos:4;pos:1;elm:context_link;itc:0;sec:content-canvas;outcm:mb_qualified_link;_E:mb_qualified_link;ct:story;\" class=\"link  yahoo-link\" rel=\"nofollow noopener\" target=\"_blank\">Rihanna<\/a> et Doechii, elle est la troisi\u00e8me artiste noire la plus \u00e9cout\u00e9e de la plateforme. Une performance ph\u00e9nom\u00e9nale.<\/p>\n<p>Les internautes la f\u00e9licitent<\/p>\n<p>Malgr\u00e9 sa performance, Aya Nakamura a subi de nombreuses critiques de la part de ses d\u00e9tracteurs, qui estiment qu&rsquo;elle ne m\u00e9rite pas un tel accomplissement. La chanteuse est encore et toujours <a data-i13n=\"cpos:5;pos:1\" href=\"https:\/\/fr.style.yahoo.com\/salir-nom-dune-femme-noire-120400024.html\" data-ylk=\"slk:victime d&#039;un harc\u00e8lement profond\u00e9ment ancr\u00e9 dans la misogynie et le racisme;cpos:5;pos:1;elm:context_link;itc:0;sec:content-canvas;outcm:mb_qualified_link;_E:mb_qualified_link;ct:story;\" class=\"link  yahoo-link\" rel=\"nofollow noopener\" target=\"_blank\">victime d&rsquo;un harc\u00e8lement profond\u00e9ment ancr\u00e9 dans la misogynie et le racisme<\/a>. Et plusieurs internautes n&rsquo;ont pas h\u00e9sit\u00e9 \u00e0 le rappeler.<\/p>\n<p>\u00ab\u00a0Le fait qu\u2019Aya soit debout apr\u00e8s toutes ces ann\u00e9es de critique me fascine, (&#8230;) les commentaires sont horribles \u00e0 chaque fois, ils ne r\u00e9fl\u00e9chissent pas au fait que c\u2019est une vraie personne qui va les lire\u00a0\u00bb, souligne un internaute. \u00ab\u00a0Et dire que des gens doutent encore&#8230; Ne montez pas dans le train, il n&rsquo;y a plus de place\u00a0\u00bb, affirme un autre.<\/p>\n<p>Les fans de l&rsquo;artiste n&rsquo;ont pas h\u00e9sit\u00e9 \u00e0 saluer sa performance : \u00ab\u00a0Une vraie baddie\u00a0\u00bb, \u00ab\u00a0Notre reine\u00a0\u00bb, \u00ab\u00a0De reine de France \u00e0 reine du monde\u00a0\u00bb, \u00ab\u00a0C&rsquo;est la boss qu&rsquo;elle pense \u00eatre\u00a0\u00bb&#8230; Pour ses fans, Aya Nakamura a largement m\u00e9rit\u00e9 sa place dans ce classement, qui prouve qu&rsquo;elle a tout \u00e0 fait sa place sur la sc\u00e8ne musicale, fran\u00e7aise comme mondiale.<\/p>\n<blockquote placeholder=\"\" data-theme=\"light\" class=\"twitter-tweet\">\n<p>Le fait qu\u2019Aya soit debout apr\u00e8s toutes ces ann\u00e9es de critique me fascine ! Si c\u2019\u00e9tait moi j\u2019allais l\u00e2cher depuis longtemps.. les commentaires sont horribles \u00e0 chaque fois , ils r\u00e9fl\u00e9chissent pas au fait que c\u2019est une vraie personne qui va les lire <a href=\"https:\/\/t.co\/yDDeZhBh9a\" rel=\"nofollow noopener\" target=\"_blank\" data-ylk=\"slk:https:\/\/t.co\/yDDeZhBh9a;elm:context_link;itc:0;sec:content-canvas\" class=\"link \">https:\/\/t.co\/yDDeZhBh9a<\/a><\/p>\n<p>\u2014 One dude (@Onedude523589) <a href=\"https:\/\/twitter.com\/Onedude523589\/status\/1949774906746446209?ref_src=twsrc%5Etfw\" rel=\"nofollow noopener\" target=\"_blank\" data-ylk=\"slk:July 28, 2025;elm:context_link;itc:0;sec:content-canvas\" class=\"link \">July 28, 2025<\/a><\/p>\n<\/blockquote>\n<p><script async src=\"https:\/\/platform.twitter.com\/widgets.js\" charset=\"utf-8\"><\/script><\/p>\n","protected":false},"excerpt":{"rendered":"Pr\u00e9sente sur la sc\u00e8ne musicale fran\u00e7aise depuis des ann\u00e9es, Aya Nakamura a r\u00e9cemment re\u00e7u sa propre statue au&hellip;\n","protected":false},"author":2,"featured_media":279885,"comment_status":"","ping_status":"","sticky":false,"template":"","format":"standard","meta":{"footnotes":""},"categories":[1355],"tags":[11774,58,59,1011,27,9005,8017,1361,873,9576,2713],"class_list":{"0":"post-279884","1":"post","2":"type-post","3":"status-publish","4":"format-standard","5":"has-post-thumbnail","7":"category-musique","8":"tag-aya-nakamura","9":"tag-divertissement","10":"tag-entertainment","11":"tag-fr","12":"tag-france","13":"tag-la-chanteuse","14":"tag-la-plateforme","15":"tag-music","16":"tag-musique","17":"tag-qu","18":"tag-taylor-swift"},"share_on_mastodon":{"url":"https:\/\/pubeurope.com\/@fr\/114931587079716422","error":""},"_links":{"self":[{"href":"https:\/\/www.europesays.com\/fr\/wp-json\/wp\/v2\/posts\/279884","targetHints":{"allow":["GET"]}}],"collection":[{"href":"https:\/\/www.europesays.com\/fr\/wp-json\/wp\/v2\/posts"}],"about":[{"href":"https:\/\/www.europesays.com\/fr\/wp-json\/wp\/v2\/types\/post"}],"author":[{"embeddable":true,"href":"https:\/\/www.europesays.com\/fr\/wp-json\/wp\/v2\/users\/2"}],"replies":[{"embeddable":true,"href":"https:\/\/www.europesays.com\/fr\/wp-json\/wp\/v2\/comments?post=279884"}],"version-history":[{"count":0,"href":"https:\/\/www.europesays.com\/fr\/wp-json\/wp\/v2\/posts\/279884\/revisions"}],"wp:featuredmedia":[{"embeddable":true,"href":"https:\/\/www.europesays.com\/fr\/wp-json\/wp\/v2\/media\/279885"}],"wp:attachment":[{"href":"https:\/\/www.europesays.com\/fr\/wp-json\/wp\/v2\/media?parent=279884"}],"wp:term":[{"taxonomy":"category","embeddable":true,"href":"https:\/\/www.europesays.com\/fr\/wp-json\/wp\/v2\/categories?post=279884"},{"taxonomy":"post_tag","embeddable":true,"href":"https:\/\/www.europesays.com\/fr\/wp-json\/wp\/v2\/tags?post=279884"}],"curies":[{"name":"wp","href":"https:\/\/api.w.org\/{rel}","templated":true}]}}