{"id":279889,"date":"2025-07-28T15:35:12","date_gmt":"2025-07-28T15:35:12","guid":{"rendered":"https:\/\/www.europesays.com\/fr\/279889\/"},"modified":"2025-07-28T15:35:12","modified_gmt":"2025-07-28T15:35:12","slug":"je-nai-pas-de-doute-a-avoir-david-lappartient-repond-aux-suspicions-de-dopage-autour-de-tadej-pogacar","status":"publish","type":"post","link":"https:\/\/www.europesays.com\/fr\/279889\/","title":{"rendered":"\u00ab\u00a0Je n\u2019ai pas de doute \u00e0 avoir\u00a0\u00bb\u00a0: David Lappartient r\u00e9pond aux suspicions de dopage autour de Tadej Pogacar"},"content":{"rendered":"<p>Ce Tour de France a eu son lot d\u2019interrogations sur les performances <a href=\"https:\/\/www.letelegramme.fr\/sports\/cyclisme\/tour-de-france\/les-gains-des-coureurs-sur-le-tour-de-france-2025-en-temps-reel-6849855.php\" target=\"_blank\" rel=\"nofollow noopener\">du vainqueur, Tadej Pogacar<\/a>\u2026<\/p>\n<p>\u00c7a existe depuis la nuit des temps. Quand Merckx gagnait, on avait les m\u00eames d\u00e9bats. D\u00e8s que quelqu\u2019un gagne tr\u00e8s fortement, les soup\u00e7ons arrivent. Mais il n\u2019y a pas un sport aussi contr\u00f4l\u00e9 que le v\u00e9lo. Pogacar a jusqu\u2019\u00e0 trois contr\u00f4les par jour. On est le sport le plus contr\u00f4l\u00e9 et on met quand m\u00eame 10 millions d\u2019euros (<a href=\"https:\/\/www.letelegramme.fr\/sports\/cyclisme\/tour-de-france\/plus-un-coureur-performe-plus-il-sera-suivi-quelle-est-la-strategie-antidopage-sur-le-tour-de-france-6860597.php\" target=\"_blank\" rel=\"nofollow noopener\">dans la lutte antidopage, d\u00e9l\u00e9gu\u00e9e \u00e0 l\u2019ITA<\/a>). C\u2019est quand m\u00eame \u00e9norme. Pas un autre sport au niveau mondial en fait autant. Et le v\u00e9lo de Pogacar, comme d\u2019autres, a \u00e9t\u00e9 d\u00e9mont\u00e9 enti\u00e8rement. Rien n\u2019a \u00e9t\u00e9 trouv\u00e9. Donc, je n\u2019ai pas de doute \u00e0 avoir en l\u2019\u00e9tat actuel des connaissances.<\/p>\n<p>Vous avez augment\u00e9 le budget de la lutte antidopage de 2,5 millions en 3 ans, pourquoi ?<\/p>\n<p>On voulait encore renforcer notre syst\u00e8me avec plus de possibilit\u00e9s d\u2019investigation, plus de possibilit\u00e9s de stockage. Par exemple, on stocke 15 000 \u00e9chantillons par an, soit 150 000 sur 10 ans. \u00c7a nous permet de retester des \u00e9chantillons. Le stockage, \u00e7a co\u00fbte de l\u2019argent. C\u2019est toute cette politique aussi \u00e0 long terme qui co\u00fbte de l\u2019argent. Le message est de dire aux coureurs qu\u2019on peut r\u00e9analyser leurs \u00e9chantillons dans 2 ans, 5 ans ou 10 ans.<\/p>\n<p>Vous \u00eates-vous rendu compte que vous ne faisiez pas assez ?<\/p>\n<p>On peut toujours se dire que ce n\u2019est pas assez. Nous sommes de loin la premi\u00e8re f\u00e9d\u00e9ration internationale en termes de lutte antidopage. Certaines d\u00e9pensent 50 000 euros par an, nous 10 millions. \u00c0 un moment, il y a quand m\u00eame des limites. L\u00e0, on a aussi d\u00e9velopp\u00e9 le cyclisme f\u00e9minin et il faut y renforcer les contr\u00f4les.<\/p>\n<p>Certains coureurs disent qu\u2019il y aura toujours un nouveau produit dans la zone grise. Est-ce inh\u00e9rent au cyclisme ?<\/p>\n<p>Je ne dirais pas le cyclisme. La triche est inh\u00e9rente \u00e0 l\u2019homme. Il y a des gens qui trichent pour les imp\u00f4ts, d\u2019autres dans la queue du restaurant universitaire. Ce qu\u2019on veut, c\u2019est que celui qui triche soit s\u00fbr qu\u2019il sera pinc\u00e9. Et on met les moyens pour \u00e7a. Quand j\u2019ai \u00e9t\u00e9 \u00e9lu, j\u2019ai annonc\u00e9 qu\u2019on allait bannir le tramadol. On l\u2019a fait. Depuis, l\u2019Agence mondiale de l\u2019antidopage (AMA) l\u2019a fait. J\u2019ai dit que je souhaitais vraiment \u00eatre tr\u00e8s actif sur les cortico\u00efdes pour que l\u2019AMA l\u2019interdise. \u00c7a a \u00e9t\u00e9 fait. <a href=\"https:\/\/www.letelegramme.fr\/sports\/cyclisme\/luci-annonce-linterdiction-du-monoxyde-de-carbone-a-partir-du-10-fevrier-6752512.php\" target=\"_blank\" rel=\"nofollow noopener\">On a interdit le monoxyde de carbone<\/a>. Je gage que l\u2019AMA va suivre. On est souvent en amont, m\u00eame des instances officielles de r\u00e9gulation de l\u2019antidopage. On n\u2019a pas peur de lutter. D\u2019autres n\u2019ont pas la m\u00eame force. \u00c0 l\u2019\u00e9poque, on entendait parler de l\u2019EPO, mais il n\u2019y avait pas de m\u00e9thode de d\u00e9tection. L\u00e0, je n\u2019entends pas parler sp\u00e9cialement d\u2019autres produits que ceux sur lesquels on a travaill\u00e9.<\/p>\n<blockquote><p>S\u2019il y a des avantages (avec les c\u00e9tones), on est pr\u00eat \u00e0 prendre n\u2019importe quelle d\u00e9cision. On n\u2019a jamais trembl\u00e9.<\/p><\/blockquote>\n<p>Vous aviez <a href=\"https:\/\/www.letelegramme.fr\/sports\/cyclisme\/toutes-les-infos\/corps-cetoniques-l-uci-deconseille-leur-utilisation-196109.php\" target=\"_blank\" rel=\"nofollow noopener\">d\u00e9conseill\u00e9 les c\u00e9tones<\/a>. C\u2019est devenu une pratique courante dans le peloton. Quel poids avez-vous ?<\/p>\n<p>On \u00e9tait sur des recommandations sur les c\u00e9tones. En septembre sera publi\u00e9 le r\u00e9sultat de nos recherches scientifiques qui ont \u00e9t\u00e9 faites pendant deux ans et qui concluront le sujet. \u00c0 savoir s\u2019il y a un avantage ou pas. J\u2019ai les r\u00e9sultats mais je dois d\u2019abord les pr\u00e9senter \u00e0 l\u2019ensemble des acteurs du cyclisme professionnel au Conseil du cyclisme professionnel de septembre.<\/p>\n<p>S\u2019il y a un avantage, seriez-vous pr\u00eat \u00e0 les interdire ?<\/p>\n<p>S\u2018\u00a0il y a des avantages, on est pr\u00eat \u00e0 prendre n\u2019importe quelle d\u00e9cision. On n\u2019a jamais trembl\u00e9. Faut-il encore que les choses soient prouv\u00e9es.<\/p>\n<p>On a vu une tr\u00e8s grosse domination d\u2019UAE cette ann\u00e9e\u2026<\/p>\n<p>Historiquement, on a toujours eu des dominations d\u2019\u00e9quipes. Reprenez La Vie claire, en 1986, ils avaient le premier, le deuxi\u00e8me, le quatri\u00e8me, le huiti\u00e8me et le dixi\u00e8me du g\u00e9n\u00e9ral. \u00c7a a toujours exist\u00e9. Quand vous avez plus de moyens, vous avez plus de bons coureurs. Il y a des tr\u00e8s bons coureurs, notamment Tadej Pogacar, mais aussi Adam Yates, qui a d\u00e9j\u00e0 fait podium sur le Tour. Quand vous avez des \u00e9quipiers capables d\u2019\u00eatre sur le podium du Tour, vous avez une \u00e9quipe plus forte.<\/p>\n<p>Ne faudrait-il pas homog\u00e9n\u00e9iser les budgets ?<\/p>\n<p>Clairement, oui. On avait beaucoup travaill\u00e9 sur un budget cap. On avait plut\u00f4t pas mal avanc\u00e9 pour faire des propositions. Mais ce n\u2019\u00e9tait pas forc\u00e9ment le souhait des \u00e9quipes, et plus particuli\u00e8rement des plus petites. Je n\u2019arrive toujours pas \u00e0 comprendre la logique. Si les petits veulent continuer de se faire hara-kiri, qu\u2019ils continuent ainsi. Je reste persuad\u00e9 que c\u2019est un dossier majeur. Une \u00e9galit\u00e9 des forces ou au moins une harmonisation est toujours int\u00e9ressante dans le sport. Si vous \u00e9vitez d\u2019avoir tous les meilleurs coureurs dans la m\u00eame \u00e9quipe, c\u2019est plus int\u00e9ressant.<\/p>\n<p>Tous les gens qui me disent qu\u2019il faut changer le mod\u00e8le, j\u2019aimerais bien qu\u2019ils me disent par quoi il faut le remplacer. Et ils ne marchent pas si mal. Pour autant, on a des \u00e9quipes qui peuvent \u00eatre en difficult\u00e9. Ce n\u2019est pas d\u2019aujourd\u2019hui. Mais m\u00eame avec d\u2019autres mod\u00e8les comme celui des droits t\u00e9l\u00e9, \u00e7a n\u2019emp\u00eache pas des clubs de foot de couler : Bordeaux a \u00e9t\u00e9 liquid\u00e9, <a href=\"https:\/\/www.letelegramme.fr\/sports\/coup-de-tonnerre-dans-le-football-francais-lolympique-lyonnais-relegue-en-ligue-2-par-la-dncg-6842653.php\" target=\"_blank\" rel=\"nofollow noopener\">Lyon a \u00e9t\u00e9 rel\u00e9gu\u00e9 en Ligue 2<\/a>. On le voit avec la Ligue 1, on a beau baser les budgets sur d\u2019autres recettes, si elles diminuent, \u00e7a peut \u00eatre aussi une difficult\u00e9. Il n\u2019y a pas de mod\u00e8le parfait.<\/p>\n<p>Toutes les \u00e9quipes avec un si\u00e8ge social dans le m\u00eame pays pour \u00e9viter les diff\u00e9rences de fiscalit\u00e9, c\u2019est possible ?<\/p>\n<p>Non, car on ne peut pas le faire. On ne peut pas emp\u00eacher une \u00e9quipe d\u2019un pays de pouvoir se monter. Globalement, les \u00e9quipes fran\u00e7aises ont 40 % de charge de plus que les autres \u00e9quipes. C\u2019est handicapant.<\/p>\n<p>Et probl\u00e9matique ?<\/p>\n<p>Il peut y avoir un probl\u00e8me de concurrence. Mais on n\u2019est pas un championnat national, on est \u00e0 l\u2019\u00e9chelle internationale, On ne peut pas non plus obliger tel ou tel mod\u00e8le. Et le niveau de charges d\u00e9pend des \u00c9tats.<\/p>\n","protected":false},"excerpt":{"rendered":"Ce Tour de France a eu son lot d\u2019interrogations sur les performances du vainqueur, Tadej Pogacar\u2026 \u00c7a existe&hellip;\n","protected":false},"author":2,"featured_media":279890,"comment_status":"","ping_status":"","sticky":false,"template":"","format":"standard","meta":{"footnotes":""},"categories":[9],"tags":[11,207,41933,1011,27,2427,60,210],"class_list":{"0":"post-279889","1":"post","2":"type-post","3":"status-publish","4":"format-standard","5":"has-post-thumbnail","7":"category-sports","8":"tag-actualites","9":"tag-cyclisme","10":"tag-david-lappartient","11":"tag-fr","12":"tag-france","13":"tag-professionnels","14":"tag-sports","15":"tag-tour-de-france"},"share_on_mastodon":{"url":"https:\/\/pubeurope.com\/@fr\/114931598923100976","error":""},"_links":{"self":[{"href":"https:\/\/www.europesays.com\/fr\/wp-json\/wp\/v2\/posts\/279889","targetHints":{"allow":["GET"]}}],"collection":[{"href":"https:\/\/www.europesays.com\/fr\/wp-json\/wp\/v2\/posts"}],"about":[{"href":"https:\/\/www.europesays.com\/fr\/wp-json\/wp\/v2\/types\/post"}],"author":[{"embeddable":true,"href":"https:\/\/www.europesays.com\/fr\/wp-json\/wp\/v2\/users\/2"}],"replies":[{"embeddable":true,"href":"https:\/\/www.europesays.com\/fr\/wp-json\/wp\/v2\/comments?post=279889"}],"version-history":[{"count":0,"href":"https:\/\/www.europesays.com\/fr\/wp-json\/wp\/v2\/posts\/279889\/revisions"}],"wp:featuredmedia":[{"embeddable":true,"href":"https:\/\/www.europesays.com\/fr\/wp-json\/wp\/v2\/media\/279890"}],"wp:attachment":[{"href":"https:\/\/www.europesays.com\/fr\/wp-json\/wp\/v2\/media?parent=279889"}],"wp:term":[{"taxonomy":"category","embeddable":true,"href":"https:\/\/www.europesays.com\/fr\/wp-json\/wp\/v2\/categories?post=279889"},{"taxonomy":"post_tag","embeddable":true,"href":"https:\/\/www.europesays.com\/fr\/wp-json\/wp\/v2\/tags?post=279889"}],"curies":[{"name":"wp","href":"https:\/\/api.w.org\/{rel}","templated":true}]}}