{"id":279893,"date":"2025-07-28T15:37:10","date_gmt":"2025-07-28T15:37:10","guid":{"rendered":"https:\/\/www.europesays.com\/fr\/279893\/"},"modified":"2025-07-28T15:37:10","modified_gmt":"2025-07-28T15:37:10","slug":"il-a-survecu-des-annees-avec-une-fleche-fichee-dans-los-il-y-a-4-000-ans","status":"publish","type":"post","link":"https:\/\/www.europesays.com\/fr\/279893\/","title":{"rendered":"il a surv\u00e9cu des ann\u00e9es avec une fl\u00e8che fich\u00e9e dans l\u2019os, il y a 4 000 ans"},"content":{"rendered":"<p data-start=\"497\" data-end=\"912\"><strong>Une simple c\u00f4te perc\u00e9e<br \/>\nd\u2019une pointe de fl\u00e8che en silex. Ce vestige humain, r\u00e9cemment<br \/>\nd\u00e9couvert dans une grotte des <a href=\"https:\/\/sciencepost.fr\/abric-pizarro-facette-meconnue-neandertal\/\" target=\"_blank\" rel=\"noopener nofollow\">Pyr\u00e9n\u00e9es<\/a> catalanes, raconte une<br \/>\nhistoire fascinante et brutale : celle d\u2019un individu qui a surv\u00e9cu<br \/>\n\u00e0 une attaque arm\u00e9e il y a plus de 4 000 ans. Loin d\u2019\u00eatre un cas<br \/>\nisol\u00e9, cette d\u00e9couverte s\u2019inscrit dans un contexte plus large de<br \/>\nviolences r\u00e9currentes au sein des communaut\u00e9s montagnardes de<br \/>\nl\u2019\u00e9poque.<\/strong><\/p>\n<p>Une blessure impressionnante,<br \/>\nmais non mortelle<\/p>\n<p data-start=\"977\" data-end=\"1386\">Le site arch\u00e9ologique du Roc de<br \/>\nles Orenetes, perch\u00e9 \u00e0 1 836 m\u00e8tres d\u2019altitude dans les Pyr\u00e9n\u00e9es<br \/>\nespagnoles, livre peu \u00e0 peu ses secrets depuis le d\u00e9but des<br \/>\nfouilles en 2019. Les arch\u00e9ologues y ont d\u00e9j\u00e0 exhum\u00e9 plus de 1 000<br \/>\nossements humains, dat\u00e9s entre 4 100 et 4 500 ans. Mais l\u2019une des<br \/>\ntrouvailles les plus frappantes reste cette c\u00f4te humaine<br \/>\ntransperc\u00e9e par une pointe de fl\u00e8che en silex.<\/p>\n<p data-start=\"1388\" data-end=\"1776\">Les <a href=\"http:\/\/comunicacio.iphes.cat\/eng\/news\/new\/860.htm\" target=\"_blank\" rel=\"noopener nofollow\">analyses<\/a> montrent que la blessure n\u2019a pas \u00e9t\u00e9<br \/>\nfatale. L\u2019os a cicatris\u00e9 autour du projectile, preuve que la<br \/>\nvictime \u2014 dont ni le sexe ni l\u2019\u00e2ge n\u2019ont encore \u00e9t\u00e9 pr\u00e9cis\u00e9s \u2014 a<br \/>\nsurv\u00e9cu, peut-\u00eatre de nombreuses ann\u00e9es, avec ce fragment de pierre<br \/>\nplant\u00e9 dans le corps. Les arch\u00e9ologues supposent que la fl\u00e8che a<br \/>\n\u00e9t\u00e9 tir\u00e9e dans le dos, ce qui \u00e9voque une attaque surprise ou une<br \/>\nembuscade.<\/p>\n<p><img loading=\"lazy\" data-lazyloaded=\"1\" decoding=\"async\" class=\"size-full wp-image-313317\" src=\"https:\/\/www.europesays.com\/fr\/wp-content\/uploads\/2025\/07\/3240_medium.webp.webp\" alt=\"fl\u00e8che\" width=\"985\" height=\"733\"  data-\/><br \/>\nCr\u00e9dit : Maria D. Guill\u00e9n \/ IPHES-CERCAUn climat de violences<br \/>\nr\u00e9currentes dans les hautes montagnes<\/p>\n<p data-start=\"1854\" data-end=\"2300\">Cette blessure ne constitue<br \/>\npas un cas isol\u00e9. Une \u00e9tude scientifique publi\u00e9e en 2024 dans<br \/>\n<a href=\"https:\/\/onlinelibrary.wiley.com\/doi\/full\/10.1002\/ajpa.24909\" target=\"_blank\" rel=\"noopener nofollow\">l\u2019American Journal of Biological<br \/>\nAnthropology<\/a> a permis d\u2019analyser en d\u00e9tail les squelettes<br \/>\nexhum\u00e9s dans la grotte. Sur au moins 51 individusenterr\u00e9s sur le<br \/>\nsite, les chercheurs ont identifi\u00e9 plusieurs cas de morts<br \/>\nviolentes. Fractures, coups port\u00e9s aux membres sup\u00e9rieurs,<br \/>\namputations : ces vestiges t\u00e9moignent d\u2019affrontements parfois<br \/>\nmortels.<\/p>\n<p data-start=\"2302\" data-end=\"2684\">Ces violences se d\u00e9roulaient<br \/>\ndans un environnement d\u00e9j\u00e0 tr\u00e8s rude. \u00c0 plus de 1 800 m\u00e8tres<br \/>\nd\u2019altitude, la vie exigeait entraide et adaptation permanente \u00e0 un<br \/>\nclimat difficile. Pourtant, ces vestiges prouvent qu\u2019au sein m\u00eame<br \/>\nde ces petites communaut\u00e9s, des conflits \u00e9clataient : querelles de<br \/>\nvoisinage, rivalit\u00e9s pour les ressources, ou peut-\u00eatre tensions<br \/>\nentre groupes distincts.<\/p>\n<p data-start=\"2686\" data-end=\"2906\">Les armes utilis\u00e9es \u00e9taient<br \/>\nvari\u00e9es : silex taill\u00e9, bois, mat\u00e9riaux d\u2019origine locale. Rien<br \/>\nn\u2019indique l\u2019existence de v\u00e9ritables guerres organis\u00e9es, mais plut\u00f4t<br \/>\ndes violences sporadiques, personnelles, parfois fatales.<\/p>\n<p>\u00c0 venir : analyses ADN et<br \/>\nradiologiques<\/p>\n<p data-start=\"2963\" data-end=\"3431\">La fameuse c\u00f4te perc\u00e9e va<br \/>\nmaintenant livrer d\u2019autres indices. Des analyses par<br \/>\nmicrotomographie \u00e0 rayons X, des examens chimiques et des \u00e9tudes<br \/>\nADN sont pr\u00e9vues. Elles permettront d\u2019en apprendre davantage sur<br \/>\ncette victime : son sexe, son \u00e2ge, sa sant\u00e9, mais aussi peut-\u00eatre<br \/>\nson origine ou son alimentation. Autant d\u2019\u00e9l\u00e9ments qui \u00e9claireront<br \/>\nla vie quotidienne de ces populations montagnardes, bien loin de<br \/>\nl\u2019image paisible que l\u2019on pourrait pr\u00eater \u00e0 ces hauteurs.<\/p>\n","protected":false},"excerpt":{"rendered":"Une simple c\u00f4te perc\u00e9e d\u2019une pointe de fl\u00e8che en silex. Ce vestige humain, r\u00e9cemment d\u00e9couvert dans une grotte&hellip;\n","protected":false},"author":2,"featured_media":279894,"comment_status":"","ping_status":"","sticky":false,"template":"","format":"standard","meta":{"footnotes":""},"categories":[7],"tags":[1011,27,43,40,41,39,42,44],"class_list":{"0":"post-279893","1":"post","2":"type-post","3":"status-publish","4":"format-standard","5":"has-post-thumbnail","7":"category-sciences-et-technologies","8":"tag-fr","9":"tag-france","10":"tag-science","11":"tag-science-and-technology","12":"tag-sciences","13":"tag-sciences-et-technologies","14":"tag-technologies","15":"tag-technology"},"share_on_mastodon":{"url":"https:\/\/pubeurope.com\/@fr\/114931606749733599","error":""},"_links":{"self":[{"href":"https:\/\/www.europesays.com\/fr\/wp-json\/wp\/v2\/posts\/279893","targetHints":{"allow":["GET"]}}],"collection":[{"href":"https:\/\/www.europesays.com\/fr\/wp-json\/wp\/v2\/posts"}],"about":[{"href":"https:\/\/www.europesays.com\/fr\/wp-json\/wp\/v2\/types\/post"}],"author":[{"embeddable":true,"href":"https:\/\/www.europesays.com\/fr\/wp-json\/wp\/v2\/users\/2"}],"replies":[{"embeddable":true,"href":"https:\/\/www.europesays.com\/fr\/wp-json\/wp\/v2\/comments?post=279893"}],"version-history":[{"count":0,"href":"https:\/\/www.europesays.com\/fr\/wp-json\/wp\/v2\/posts\/279893\/revisions"}],"wp:featuredmedia":[{"embeddable":true,"href":"https:\/\/www.europesays.com\/fr\/wp-json\/wp\/v2\/media\/279894"}],"wp:attachment":[{"href":"https:\/\/www.europesays.com\/fr\/wp-json\/wp\/v2\/media?parent=279893"}],"wp:term":[{"taxonomy":"category","embeddable":true,"href":"https:\/\/www.europesays.com\/fr\/wp-json\/wp\/v2\/categories?post=279893"},{"taxonomy":"post_tag","embeddable":true,"href":"https:\/\/www.europesays.com\/fr\/wp-json\/wp\/v2\/tags?post=279893"}],"curies":[{"name":"wp","href":"https:\/\/api.w.org\/{rel}","templated":true}]}}