{"id":279897,"date":"2025-07-28T15:39:09","date_gmt":"2025-07-28T15:39:09","guid":{"rendered":"https:\/\/www.europesays.com\/fr\/279897\/"},"modified":"2025-07-28T15:39:09","modified_gmt":"2025-07-28T15:39:09","slug":"les-bourses-hesitantes-une-fois-lenthousiasme-de-laccord-retombe","status":"publish","type":"post","link":"https:\/\/www.europesays.com\/fr\/279897\/","title":{"rendered":"les Bourses h\u00e9sitantes, une fois l\u2019enthousiasme de l\u2019accord retomb\u00e9"},"content":{"rendered":"<p>Port\u00e9s par un regain d\u2019optimisme, les principaux indices europ\u00e9ens avaient progress\u00e9 ce lundi matin, avant de retomber dans la journ\u00e9e. Le tr\u00e8s attendu accord entre l\u2019Europe et les \u00c9tats-Unis ne suffisant pas \u00e0 rassurer les investisseurs.<\/p>\n<p class=\"fig-paragraph\">Les Bourses mondiales \u00e9voluent sans entrain au lendemain de l\u2019accord commercial nou\u00e9 entre l\u2019Union europ\u00e9enne et les \u00c9tats-Unis, l\u2019enthousiasme laissant place \u00e0 la d\u00e9sillusion \u00e0 mesure que les investisseurs dig\u00e8rent les d\u00e9tails des annonces. Vers 12h00 GMT, la Bourse de Paris prenait quelque 0,11% et Milan 0,64%. Londres perdait 0,24% et Francfort 0,12%. \u00c0 Wall Street, les contrats \u00e0 terme des trois principaux indices laissaient pr\u00e9sager d\u2019une ouverture en l\u00e9g\u00e8re hausse.<\/p>\n<p class=\"fig-paragraph\">Donald Trump et la pr\u00e9sidente de la Commission europ\u00e9enne Ursula von\u00a0der\u00a0Leyen ont conclu dimanche en \u00c9cosse un accord douanier pr\u00e9voyant que les produits europ\u00e9ens export\u00e9s aux \u00c9tats-Unis seront tax\u00e9s \u00e0 15%. Les Europ\u00e9ens esp\u00e8rent \u00e0 ce prix \u00e9viter une escalade commerciale. \u00abLes investisseurs aiment la certitude, et ils viennent d\u2019en recevoir une bonne dose\u00bb, l\u2019accord commercial tant attendu \u00abd\u00e9samor\u00e7ant ainsi des mois de menaces croissantes\u00bb, commente John Plassard, responsable de la strat\u00e9gie d\u2019investissement chez Cit\u00e9 Gestion Private Bank.<\/p>\n<p>                                    <a class=\"fig-a11y-skip a11y-hidden\" href=\"#fig-a11y-skip-main-inarticle\"><br \/>\n        Passer la publicit\u00e9<br \/>\n    <\/a><\/p>\n<p class=\"fig-paragraph\">Mais il laisse d\u00e9j\u00e0 un go\u00fbt amer. Le Premier ministre fran\u00e7ais Fran\u00e7ois Bayrou a accus\u00e9 l\u2019Europe de se \u00absoumettre\u00bb aux \u00c9tats-Unis, regrettant un \u00abjour sombre\u00bb. Pour le dirigeant hongrois Viktor Orb\u00e1n, tr\u00e8s critique de Bruxelles, Donald Trump n\u2019a fait qu\u2019une bouch\u00e9e de la Commission europ\u00e9enne. Le Premier ministre espagnol, le socialiste Pedro S\u00e1nchez, a affirm\u00e9 lundi qu\u2019il \u00ab(soutenait)\u00bb l\u2019accord commercial conclu la veille par les \u00c9tats-Unis et l\u2019UE, mais \u00absans aucun enthousiasme\u00bb. \u00abCela ressemble un peu \u00e0 une capitulation\u00bb, a quant \u00e0 lui r\u00e9agi Alberto Rizzi, analyste aupr\u00e8s du Conseil europ\u00e9en pour les affaires \u00e9trang\u00e8res (ECFR).<\/p>\n<p class=\"fig-paragraph\">En face, l\u2019Union europ\u00e9enne d\u00e9fend fermement son accord commercial. \u00abJe suis 100% s\u00fbr que cet accord est meilleur qu\u2019une guerre commerciale avec les \u00c9tats-Unis\u00bb, a affirm\u00e9 le commissaire europ\u00e9en Maros Sefcovic, qui a n\u00e9goci\u00e9 durant des mois avec l\u2019administration Trump. Les exportateurs europ\u00e9ens redoutaient en effet l\u2019instauration de taxes am\u00e9ricaines de 30% d\u00e8s le 1er ao\u00fbt. \u00abL\u2019accord pourrait faire l\u2019objet de pressions: les \u00c9tats membres de l\u2019UE doivent encore l\u2019approuver\u00bb, rappelle Kathleen Brooks, directrice de la recherche chez XTB. La semaine sera \u00e9galement marqu\u00e9e par de nombreuses publications de r\u00e9sultats d\u2019entreprises, d\u2019indicateurs \u00e9conomiques mais aussi de d\u00e9cisions mon\u00e9taires de banques centrales, dont celle de la R\u00e9serve f\u00e9d\u00e9rale am\u00e9ricaine (Fed) attendue mercredi \u00e0 l\u2019issue d\u2019une r\u00e9union de deux jours.<\/p>\n<p>Du c\u00f4t\u00e9 des entreprises<\/p>\n<p class=\"fig-paragraph\">Si le secteur automobile europ\u00e9en a d\u00e9but\u00e9 la s\u00e9ance dans le vert, l\u2019enthousiasme semble d\u00e9j\u00e0 retomber. L\u2019accord commercial entre les \u00c9tats-Unis et l\u2019UE marque certes une \u00abd\u00e9sescalade\u00bb et se pr\u00e9sente comme \u00abune \u00e9tape importante pour limiter la grave incertitude entourant les relations commerciales transatlantiques ces derniers mois\u00bb, a salu\u00e9 lundi le lobby europ\u00e9en des constructeurs automobiles (ACEA). Mais la directrice g\u00e9n\u00e9rale de l\u2019ACEA, Sigrid de Vries, a aussi point\u00e9 du doigt \u00abl\u2019effet n\u00e9gatif pour le secteur\u00bb de droits de douane \u00e0 15%.<\/p>\n<p class=\"fig-paragraph\">Ils co\u00fbteront \u00abdes milliards chaque ann\u00e9e aux entreprises automobiles allemandes\u00bb, a d\u00e9clar\u00e9 Hildegard Mueller, pr\u00e9sidente de la f\u00e9d\u00e9ration des constructeurs automobiles allemands VDA. \u00abBien que les droits de douane sur les voitures soient pass\u00e9s de 25 % \u00e0 15 %, la question reste de savoir si 15% sont suffisamment bas\u00bb, interroge Kathleen Brooks. Vers 12h00 GMT \u00e0 Francfort, BMW (-2,20%), Mercedes (-1,55%), Volkswagen (-2,00%) et Porsche (-0,62%) perdaient du terrain apr\u00e8s avoir pourtant d\u00e9but\u00e9 la s\u00e9ance dans le vert. M\u00eame chose \u00e0 Paris, Stellantis c\u00e9dant 1,35%, et \u00e0 Stockholm, avec Volvo en baisse de 0,24%.<\/p>\n<p class=\"fig-paragraph\">\u00abLes actions de d\u00e9fense sont \u00e9galement en difficult\u00e9, apr\u00e8s l\u2019engagement de l\u2019UE d\u2019acheter du mat\u00e9riel militaire am\u00e9ricain\u00bb, rel\u00e8ve Kathleen Brooks. Car en plus des droits de douane impos\u00e9s aux produits europ\u00e9ens, l\u2019UE s\u2019engage \u00e0 750 milliards de dollars d\u2019achats d\u2019\u00e9nergie et \u00e0 600 milliards d\u2019investissements suppl\u00e9mentaires aux \u00c9tats-Unis \u00abainsi qu\u2019\u00e0 acqu\u00e9rir du mat\u00e9riel militaire am\u00e9ricain\u00bb, note-t-elle. Vers 12h00 GMT, \u00e0 Paris, Thales reculait de 3,12%. \u00c0 Francfort, Rheinmetall c\u00e9dait 1,67% et Hensoldt 3,15%. Saab perdait 2,82% \u00e0 Stockholm et Leonardo 0,88% \u00e0 Milan.<\/p>\n<p>                                    <a class=\"fig-a11y-skip a11y-hidden\" href=\"#fig-a11y-skip-main-inarticle_mtf\"><br \/>\n        Passer la publicit\u00e9<br \/>\n    <\/a><\/p>\n<p class=\"fig-paragraph\">L\u2019incertitude n\u2019a pas \u00e9t\u00e9 totalement lev\u00e9e pour certains secteurs, les exportateurs de vins et spiritueux devant b\u00e9n\u00e9ficier d\u2019une exemption mais attendant encore les d\u00e9tails. \u00c0 Paris, le g\u00e9ant Pernod Ricard perdait 2,35% et R\u00e9my Cointreau 2,71% vers 12h00 GMT. \u00c0 Milan, Campari c\u00e9dait 1,78%.<\/p>\n","protected":false},"excerpt":{"rendered":"Port\u00e9s par un regain d\u2019optimisme, les principaux indices europ\u00e9ens avaient progress\u00e9 ce lundi matin, avant de retomber dans&hellip;\n","protected":false},"author":2,"featured_media":279898,"comment_status":"","ping_status":"","sticky":false,"template":"","format":"standard","meta":{"footnotes":""},"categories":[5],"tags":[11,340,1011,27,1074,14,12,28],"class_list":{"0":"post-279897","1":"post","2":"type-post","3":"status-publish","4":"format-standard","5":"has-post-thumbnail","7":"category-international","8":"tag-actualites","9":"tag-bourse","10":"tag-fr","11":"tag-france","12":"tag-guerre-commerciale","13":"tag-international","14":"tag-news","15":"tag-world"},"share_on_mastodon":{"url":"https:\/\/pubeurope.com\/@fr\/114931614623736091","error":""},"_links":{"self":[{"href":"https:\/\/www.europesays.com\/fr\/wp-json\/wp\/v2\/posts\/279897","targetHints":{"allow":["GET"]}}],"collection":[{"href":"https:\/\/www.europesays.com\/fr\/wp-json\/wp\/v2\/posts"}],"about":[{"href":"https:\/\/www.europesays.com\/fr\/wp-json\/wp\/v2\/types\/post"}],"author":[{"embeddable":true,"href":"https:\/\/www.europesays.com\/fr\/wp-json\/wp\/v2\/users\/2"}],"replies":[{"embeddable":true,"href":"https:\/\/www.europesays.com\/fr\/wp-json\/wp\/v2\/comments?post=279897"}],"version-history":[{"count":0,"href":"https:\/\/www.europesays.com\/fr\/wp-json\/wp\/v2\/posts\/279897\/revisions"}],"wp:featuredmedia":[{"embeddable":true,"href":"https:\/\/www.europesays.com\/fr\/wp-json\/wp\/v2\/media\/279898"}],"wp:attachment":[{"href":"https:\/\/www.europesays.com\/fr\/wp-json\/wp\/v2\/media?parent=279897"}],"wp:term":[{"taxonomy":"category","embeddable":true,"href":"https:\/\/www.europesays.com\/fr\/wp-json\/wp\/v2\/categories?post=279897"},{"taxonomy":"post_tag","embeddable":true,"href":"https:\/\/www.europesays.com\/fr\/wp-json\/wp\/v2\/tags?post=279897"}],"curies":[{"name":"wp","href":"https:\/\/api.w.org\/{rel}","templated":true}]}}