{"id":279901,"date":"2025-07-28T15:41:10","date_gmt":"2025-07-28T15:41:10","guid":{"rendered":"https:\/\/www.europesays.com\/fr\/279901\/"},"modified":"2025-07-28T15:41:10","modified_gmt":"2025-07-28T15:41:10","slug":"cinq-passagers-du-handala-dont-la-deputee-lfi-gabrielle-cathala-expulses-disrael-ce-lundi-les-autres-presentes-a-un-tribunal-liberation","status":"publish","type":"post","link":"https:\/\/www.europesays.com\/fr\/279901\/","title":{"rendered":"Cinq passagers du Handala, dont la d\u00e9put\u00e9e LFI Gabrielle Cathala, expuls\u00e9s d\u2019Isra\u00ebl ce lundi, les autres pr\u00e9sent\u00e9s \u00e0 un tribunal \u2013 Lib\u00e9ration"},"content":{"rendered":"<p class=\"sc-ksZaOG ehjQrN text-element\">Plus de 36 heures apr\u00e8s <a href=\"https:\/\/www.liberation.fr\/international\/moyen-orient\/israel-ne-veut-pas-quon-voie-le-handala-intercepte-alors-quil-approchait-des-cotes-de-gaza-20250727_AE63I42VQRBU5HHJRMFVYSBIZU\/\" target=\"_blank\" rel=\"noreferrer noopener\" title=\"https:\/\/www.liberation.fr\/international\/moyen-orient\/israel-ne-veut-pas-quon-voie-le-handala-intercepte-alors-quil-approchait-des-cotes-de-gaza-20250727_AE63I42VQRBU5HHJRMFVYSBIZU\/\">leur arrestation<\/a>, les passagers du <a href=\"https:\/\/www.liberation.fr\/international\/moyen-orient\/le-nouveau-bateau-de-la-flottille-pour-la-liberte-approche-des-cotes-de-gaza-20250726_EQ3RE67JSBCN3E6E4DVWGUZZIE\/\" target=\"_blank\" rel=\"noreferrer noopener\" title=\"https:\/\/www.liberation.fr\/international\/moyen-orient\/le-nouveau-bateau-de-la-flottille-pour-la-liberte-approche-des-cotes-de-gaza-20250726_EQ3RE67JSBCN3E6E4DVWGUZZIE\/\">Handala<\/a> en savent un peu plus sur leur sort. Arraisonn\u00e9s dans les eaux internationales, au nord de l\u2019Egypte, par l\u2019arm\u00e9e isra\u00e9lienne alors qu\u2019ils tentaient de rejoindre Gaza et de briser le blocus humanitaire, les 19 militants pro-palestiniens et les deux journalistes pr\u00e9sents sur le chalutier norv\u00e9gien avaient \u00e9t\u00e9 amen\u00e9s dans le port d\u2019Ashdod, sur la c\u00f4te sud-ouest d\u2019Isra\u00ebl.<\/p>\n<p class=\"sc-ksZaOG ehjQrN text-element\">A l\u2019instar de ce qui avait \u00e9t\u00e9 propos\u00e9 aux passagers du <a href=\"https:\/\/www.liberation.fr\/checknews\/drones-fouilles-signatures-de-documents-que-sest-il-passe-pour-les-passagers-du-madleen-depuis-leur-arrestation-20250612_4YJWOEKHTNG7XEJJHJJ26NKRUI\/\" target=\"_blank\" rel=\"noreferrer noopener\" title=\"https:\/\/www.liberation.fr\/checknews\/drones-fouilles-signatures-de-documents-que-sest-il-passe-pour-les-passagers-du-madleen-depuis-leur-arrestation-20250612_4YJWOEKHTNG7XEJJHJJ26NKRUI\/\">Madleen<\/a>, le pr\u00e9c\u00e9dent bateau de la Flottille de la libert\u00e9 arr\u00eat\u00e9 en juin dernier sur lequel \u00e9tait <a href=\"https:\/\/www.liberation.fr\/international\/moyen-orient\/gaza-greta-thunberg-et-rima-hassan-a-bord-dun-voilier-humanitaire-pour-defier-le-blocus-de-lenclave-20250602_C24RBUOBOBD2ZAW6T5RKCYZBA4\/\" target=\"_blank\" rel=\"noreferrer noopener\" title=\"https:\/\/www.liberation.fr\/international\/moyen-orient\/gaza-greta-thunberg-et-rima-hassan-a-bord-dun-voilier-humanitaire-pour-defier-le-blocus-de-lenclave-20250602_C24RBUOBOBD2ZAW6T5RKCYZBA4\/\">l\u2019eurod\u00e9put\u00e9e fran\u00e7aise Rima Hassan<\/a>, les passagers se sont vus proposer de signer une \u00abexpulsion volontaire\u00bb, un document attestant l\u2019entr\u00e9e ill\u00e9gale sur le territoire isra\u00e9lien. \u00abPlusieurs personnes ont accept\u00e9 de signer ce papier inf\u00e2me de mani\u00e8re \u00e0 pouvoir t\u00e9moigner le plus vite possible, pr\u00e9cise \u00e0 Lib\u00e9ration la porte-parole fran\u00e7aise de la Flottille de la libert\u00e9, Claude L\u00e9ostic. La d\u00e9cision a \u00e9t\u00e9 prise entre eux avant leur arrestation\u00bb. Selon l\u2019ONG Adalah, en charge de la d\u00e9fense des militants, et la Freedom Flotilla, trois militants, dont la d\u00e9put\u00e9e fran\u00e7aise insoumise Gabrielle Cathala et les deux journalistes de Al-Jazeera Mohamed El Bakkali et Waad Al Musa, devraient quitter le pays dans la journ\u00e9e. L\u2019\u00e9lue LFI devrait arriver \u00e0 Paris ce lundi soir.<\/p>\n<p class=\"sc-ksZaOG ehjQrN text-element\">Les autres militants arr\u00eat\u00e9s, ayant refus\u00e9 l\u2019accord et d\u00e9tenus dans la prison de Givon pour la plupart, ont \u00e9t\u00e9 pr\u00e9sent\u00e9s \u00e0 un tribunal charg\u00e9 d\u2019examiner leur maintien en d\u00e9tention ce lundi apr\u00e8s-midi selon le communiqu\u00e9 d\u2019Adalah, \u00e0 l\u2019instar des quatre Fran\u00e7ais restants, <a href=\"https:\/\/www.liberation.fr\/politique\/conference-a-rennes-ii-annulee-melenchon-denonce-une-operation-islamophobe-dintimidation-20240410_B4U2HKVIUVCY5IGX7HMFO7KIBA\/\" target=\"_blank\" rel=\"noreferrer noopener\" title=\"https:\/\/www.liberation.fr\/politique\/conference-a-rennes-ii-annulee-melenchon-denonce-une-operation-islamophobe-dintimidation-20240410_B4U2HKVIUVCY5IGX7HMFO7KIBA\/\">l\u2019\u00e9lue europ\u00e9enne LFI Emma Fourreau<\/a>, Chlo\u00e9 Fiona Ludden, Ange Sahuquet et l\u2019infirmi\u00e8re Justine Kempf. \u00abAdalah souligne que le maintien en d\u00e9tention de ces militants civils, qui ont \u00e9t\u00e9 arr\u00eat\u00e9s de force dans les eaux internationales, constitue une grave violation du droit international\u00bb, ajoute l\u2019ONG, qui demande leur lib\u00e9ration. Si la porte-parole fran\u00e7aise de la flottille Claude L\u00e9ostic n\u2019avait pas remont\u00e9 de maltraitances dans un premier temps, l\u2019un des passagers, Chris Smalls, \u00e0 l\u2019origine du premier syndicat \u00e0 Amazon aux Etats-Unis \u00aba fait \u00e9tat de violences physiques graves commises par les forces isra\u00e9liennes\u00bb devant le tribunal, selon un communiqu\u00e9 d\u2019Adalah. <\/p>\n<p class=\"sc-ksZaOG ehjQrN text-element\">D\u2019autres militantes ont d\u00e9crit les m\u00eames abus, critiquant des \u00abconditions de d\u00e9tention d\u00e9plorables, notamment un manque de ventilation malgr\u00e9 une chaleur extr\u00eame et l\u2019absence de produits d\u2019hygi\u00e8ne de base pour les femmes\u00bb. Toujours selon le m\u00eame communiqu\u00e9, \u00abplusieurs b\u00e9n\u00e9voles ont rapport\u00e9 que les autorit\u00e9s isra\u00e9liennes avaient exerc\u00e9 une forte pression sur eux hier, les for\u00e7ant \u00e0 renoncer \u00e0 leur droit de rencontrer un avocat\u00bb. Les activistes ont entam\u00e9 une gr\u00e8ve de la faim depuis leur arrestation. Deux militants d\u00e9tenteurs de la nationalit\u00e9 isra\u00e9lienne, Huwaida Arraf et Bob Suberi, ont \u00e9t\u00e9 lib\u00e9r\u00e9s ce lundi, apr\u00e8s avoir \u00e9t\u00e9 entendus par la police du pays.<\/p>\n<p class=\"sc-ksZaOG ehjQrN text-element\">Diffus\u00e9 en direct par la Flottille de la libert\u00e9 sur Youtube samedi 26 juillet, l\u2019arraisonnage du Handala a \u00e9t\u00e9 vivement d\u00e9nonc\u00e9 par les militants pro-palestiniens, alors que le bateau \u00e9tait localis\u00e9 dans les eaux internationales sur les sites de tracking maritime, ainsi que celui du mouvement pro-palestinien. \u00abNetanyahou a tous les droits : g\u00e9nocide, crimes de guerre, assassinats d\u2019enfants, kidnapping, a publi\u00e9 <a href=\"https:\/\/www.liberation.fr\/politique\/jean-luc-melenchon-estime-que-la-fracture-avec-la-communaute-juive-peut-etre-reparee-20250625_SGXMXIZKHNE6PONU62A7XP36MQ\/\" target=\"_blank\" rel=\"noreferrer noopener\" title=\"https:\/\/www.liberation.fr\/politique\/jean-luc-melenchon-estime-que-la-fracture-avec-la-communaute-juive-peut-etre-reparee-20250625_SGXMXIZKHNE6PONU62A7XP36MQ\/\">le leader insoumis Jean-Luc M\u00e9lenchon<\/a> sur X, ce lundi. Le courage et l\u2019honneur, c\u2019est de lui r\u00e9sister comme le font ces deux femmes [les \u00e9lues fran\u00e7aises Gabrielle Cathala et Emma Fourreau, ndlr] et leurs \u00e9quipiers.\u00bb Le triple candidat \u00e0 la pr\u00e9sidentielle en a profit\u00e9 pour d\u00e9noncer le silence du gouvernement fran\u00e7ais depuis l\u2019arraisonnage du bateau. En France, outre la France insoumise et le tweet de soutien de la secr\u00e9taire nationale des Ecologistes Marine Tondelier, r\u00e9clamant la lib\u00e9ration des deux \u00e9lues, publi\u00e9 ce lundi, la classe politique a \u00e9t\u00e9 relativement silencieuse depuis samedi. Avant le d\u00e9part du bateau, le ministre des Affaires \u00e9trang\u00e8res Jean-No\u00ebl Barrot avait qualifi\u00e9 l\u2019initiative d\u2019\u00abirresponsable\u00bb sur X.<\/p>\n<p class=\"sc-ksZaOG ehjQrN text-element\">Confisqu\u00e9 par les autorit\u00e9s isra\u00e9liennes, le Navarn, renomm\u00e9 Handala par l\u2019organisation, a \u00e9t\u00e9 conduit au port d\u2019Ashdod tout comme les 800 kilos d\u2019aide humanitaire qu\u2019il transportait. \u00abOn se r\u00e9serve le droit de porter plainte pour le vol du bateau et de la cargaison\u00bb, avance la porte-parole fran\u00e7aise de la Flottille. Pr\u00e8s de deux mois apr\u00e8s son arrestation, le Madleen n\u2019a toujours pas \u00e9t\u00e9 restitu\u00e9 \u00e0 l\u2019organisation et reste dans le port d\u2019Ashdod. En quinze ans, seuls trois des 37 bateaux envoy\u00e9s \u00e0 Gaza par la Freedom Flotilla ont pu \u00eatre r\u00e9cup\u00e9r\u00e9s. Les autres ont \u00e9t\u00e9 \u00abd\u00e9truits ou vendus\u00bb, selon Claude L\u00e9ostic.<\/p>\n<p class=\"sc-ksZaOG ehjQrN text-element\"><b>Mis \u00e0 jour<\/b> \u00e0 15 h 32 avec la lib\u00e9ration de Huwaida Arraf et Bob Suberi ; \u00e0 17 h 08 avec les maltraitances subies par les militants.<\/p>\n","protected":false},"excerpt":{"rendered":"Plus de 36 heures apr\u00e8s leur arrestation, les passagers du Handala en savent un peu plus sur leur&hellip;\n","protected":false},"author":2,"featured_media":279902,"comment_status":"","ping_status":"","sticky":false,"template":"","format":"standard","meta":{"footnotes":""},"categories":[2],"tags":[11,1011,27,41934,780,12],"class_list":{"0":"post-279901","1":"post","2":"type-post","3":"status-publish","4":"format-standard","5":"has-post-thumbnail","7":"category-actualites","8":"tag-actualites","9":"tag-fr","10":"tag-france","11":"tag-freedom-flotilla","12":"tag-lfi","13":"tag-news"},"share_on_mastodon":{"url":"https:\/\/pubeurope.com\/@fr\/114931622561857697","error":""},"_links":{"self":[{"href":"https:\/\/www.europesays.com\/fr\/wp-json\/wp\/v2\/posts\/279901","targetHints":{"allow":["GET"]}}],"collection":[{"href":"https:\/\/www.europesays.com\/fr\/wp-json\/wp\/v2\/posts"}],"about":[{"href":"https:\/\/www.europesays.com\/fr\/wp-json\/wp\/v2\/types\/post"}],"author":[{"embeddable":true,"href":"https:\/\/www.europesays.com\/fr\/wp-json\/wp\/v2\/users\/2"}],"replies":[{"embeddable":true,"href":"https:\/\/www.europesays.com\/fr\/wp-json\/wp\/v2\/comments?post=279901"}],"version-history":[{"count":0,"href":"https:\/\/www.europesays.com\/fr\/wp-json\/wp\/v2\/posts\/279901\/revisions"}],"wp:featuredmedia":[{"embeddable":true,"href":"https:\/\/www.europesays.com\/fr\/wp-json\/wp\/v2\/media\/279902"}],"wp:attachment":[{"href":"https:\/\/www.europesays.com\/fr\/wp-json\/wp\/v2\/media?parent=279901"}],"wp:term":[{"taxonomy":"category","embeddable":true,"href":"https:\/\/www.europesays.com\/fr\/wp-json\/wp\/v2\/categories?post=279901"},{"taxonomy":"post_tag","embeddable":true,"href":"https:\/\/www.europesays.com\/fr\/wp-json\/wp\/v2\/tags?post=279901"}],"curies":[{"name":"wp","href":"https:\/\/api.w.org\/{rel}","templated":true}]}}