{"id":279905,"date":"2025-07-28T15:43:14","date_gmt":"2025-07-28T15:43:14","guid":{"rendered":"https:\/\/www.europesays.com\/fr\/279905\/"},"modified":"2025-07-28T15:43:14","modified_gmt":"2025-07-28T15:43:14","slug":"saint-etienne-ivre-au-volant-il-franchit-un-feu-rouge-et-se-fait-arreter","status":"publish","type":"post","link":"https:\/\/www.europesays.com\/fr\/279905\/","title":{"rendered":"Saint-Etienne. Ivre au volant, il franchit un feu rouge et se fait arr\u00eater"},"content":{"rendered":"<p>Dans la nuit de jeudi\u00a024 \u00e0 vendredi 25\u00a0juillet, vers 1\u00a0h\u00a030, un \u00e9quipage de police de la brigade de nuit remarque une Citro\u00ebn C4 dont le conducteur ne s\u2019arr\u00eate pas au feu rouge, boulevard Alfred de Musset \u00e0 Saint-Etienne.<\/p>\n<p>Les fonctionnaires contr\u00f4lent donc ce conducteur et constatent qu\u2019il est alcoolis\u00e9. Le test montrera une alcool\u00e9mie d\u20191,4\u00a0g. d\u2019alcool par litre de sang. Ce qui justifiera un placement en garde \u00e0 vue.<\/p>\n<p>Ce St\u00e9phanois de 32 ans se verra remettre une ordonnance p\u00e9nale d\u00e9lictuelle pour cette conduite sous l\u2019empire d\u2019un \u00e9tat alcoolique et le non-respect du feu tricolore.<\/p>\n","protected":false},"excerpt":{"rendered":"Dans la nuit de jeudi\u00a024 \u00e0 vendredi 25\u00a0juillet, vers 1\u00a0h\u00a030, un \u00e9quipage de police de la brigade de&hellip;\n","protected":false},"author":2,"featured_media":279906,"comment_status":"","ping_status":"","sticky":false,"template":"","format":"standard","meta":{"footnotes":""},"categories":[9653],"tags":[1111,11,2430,271,272,7539,1777,674,274,1011,27,3367,12,25,4001,7538],"class_list":{"0":"post-279905","1":"post","2":"type-post","3":"status-publish","4":"format-standard","5":"has-post-thumbnail","7":"category-saint-etienne","8":"tag-actu","9":"tag-actualites","10":"tag-auvergne-rhone-alpes","11":"tag-crime","12":"tag-delit-et-contravention","13":"tag-edition-loire-sud","14":"tag-eu","15":"tag-europe","16":"tag-faits-divers-justice","17":"tag-fr","18":"tag-france","19":"tag-loire","20":"tag-news","21":"tag-republique-francaise","22":"tag-saint-etienne","23":"tag-saint-etienne-ville"},"share_on_mastodon":{"url":"https:\/\/pubeurope.com\/@fr\/114931630435862120","error":""},"_links":{"self":[{"href":"https:\/\/www.europesays.com\/fr\/wp-json\/wp\/v2\/posts\/279905","targetHints":{"allow":["GET"]}}],"collection":[{"href":"https:\/\/www.europesays.com\/fr\/wp-json\/wp\/v2\/posts"}],"about":[{"href":"https:\/\/www.europesays.com\/fr\/wp-json\/wp\/v2\/types\/post"}],"author":[{"embeddable":true,"href":"https:\/\/www.europesays.com\/fr\/wp-json\/wp\/v2\/users\/2"}],"replies":[{"embeddable":true,"href":"https:\/\/www.europesays.com\/fr\/wp-json\/wp\/v2\/comments?post=279905"}],"version-history":[{"count":0,"href":"https:\/\/www.europesays.com\/fr\/wp-json\/wp\/v2\/posts\/279905\/revisions"}],"wp:featuredmedia":[{"embeddable":true,"href":"https:\/\/www.europesays.com\/fr\/wp-json\/wp\/v2\/media\/279906"}],"wp:attachment":[{"href":"https:\/\/www.europesays.com\/fr\/wp-json\/wp\/v2\/media?parent=279905"}],"wp:term":[{"taxonomy":"category","embeddable":true,"href":"https:\/\/www.europesays.com\/fr\/wp-json\/wp\/v2\/categories?post=279905"},{"taxonomy":"post_tag","embeddable":true,"href":"https:\/\/www.europesays.com\/fr\/wp-json\/wp\/v2\/tags?post=279905"}],"curies":[{"name":"wp","href":"https:\/\/api.w.org\/{rel}","templated":true}]}}