{"id":279919,"date":"2025-07-28T15:50:12","date_gmt":"2025-07-28T15:50:12","guid":{"rendered":"https:\/\/www.europesays.com\/fr\/279919\/"},"modified":"2025-07-28T15:50:12","modified_gmt":"2025-07-28T15:50:12","slug":"un-spectacle-de-danse-aerienne-sur-les-facades-de-louviers","status":"publish","type":"post","link":"https:\/\/www.europesays.com\/fr\/279919\/","title":{"rendered":"Un spectacle de danse a\u00e9rienne sur les fa\u00e7ades de Louviers"},"content":{"rendered":"<p>            Par<br \/>\n        <strong><br \/>\n            <a href=\"https:\/\/actu.fr\/auteur\/journaliste-louviers\" title=\"Consulter tous les articles de R\u00e9daction Louviers\" target=\"_blank\" rel=\"noopener\">R\u00e9daction Louviers<\/a><br \/>\n        <\/strong><\/p>\n<p>        Publi\u00e9 le<\/p>\n<p>            28 juil. 2025 \u00e0 16h46        <\/p>\n<p>Au sentier de la Plaquette \u00e0 <a href=\"https:\/\/actu.fr\/normandie\/louviers_27375\" target=\"_blank\" rel=\"noopener\">Louviers<\/a>, les murs ont vibr\u00e9 au rythme d\u2019un spectacle hors du temps, m\u00ealant po\u00e9sie et prouesses, sous les yeux \u00e9merveill\u00e9s des habitants.<\/p>\n<p class=\" wall-content\">La<b> compagnie In Fine<\/b>, bas\u00e9e \u00e0 <b>Rouen<\/b>, sp\u00e9cialis\u00e9e dans la<b> danse verticale <\/b>(pratiqu\u00e9e sur fa\u00e7ades et murs), a pr\u00e9sent\u00e9 ce<b> jeudi 24\u00a0juillet<\/b> en fin de journ\u00e9e la nouvelle version de son spectacle Impromptus \u2013 Les illusions retrouv\u00e9es.<\/p>\n<p>    <img   decoding=\"async\" loading=\"lazy\" class=\"size-large\" src=\"https:\/\/www.europesays.com\/fr\/wp-content\/uploads\/2025\/07\/afee908a27886e3fe908a2788d7fe9v-960x640.jpg\" alt=\"Danse in Fine Louviers\" width=\"960\" height=\"640\"\/><br \/>\n    La compagnie In Fine est sp\u00e9cialis\u00e9e dans la danse verticale. \u00a9La D\u00e9p\u00eache de Louviers<\/p>\n<p class=\" wall-content\">Cr\u00e9\u00e9 en 2017, le spectacle a \u00e9t\u00e9 enti\u00e8rement repens\u00e9, recentr\u00e9e sur les origines de la compagnie, la danse et la musique.<\/p>\n<p class=\" wall-content\">Une immersion suspendue dans l\u2019univers des r\u00eaves, o\u00f9 acrobaties, musiques et danses fusionnent et invitent \u00e0 la <b>contemplation<\/b>.<\/p>\n<p class=\" wall-content\">Port\u00e9e par de <b>nouvelles chor\u00e9graphies<\/b>, des costumes in\u00e9dits et une narration plus marqu\u00e9e, cette relecture du spectacle r\u00e9invente les murs familiers du sentier par un travail qui vise entre autres \u00e0 d\u00e9caler le regard des spectateurs, \u00e0 les amener \u00e0 observer autrement les b\u00e2timents du quotidien, souvent peu attirants, et en les transformant en <b>surfaces po\u00e9tiques<\/b>.<\/p>\n<p>Vid\u00e9os : en ce moment sur Actu<br \/>\n    <img   decoding=\"async\" loading=\"lazy\" class=\"size-large\" src=\"https:\/\/www.europesays.com\/fr\/wp-content\/uploads\/2025\/07\/6a2ec08a278867e2ec08a2788723ecv-960x640.jpg\" alt=\"Danse in Fine Louviers\" width=\"960\" height=\"640\"\/><br \/>\n    Alex Leclerc, Fanny Pouillot et Sylvain Dubos de la Compagnie In Fine. \u00a9La D\u00e9p\u00eache de LouviersUn autre regard<\/p>\n<p class=\" wall-content\">\u00ab Donner \u00e0 voir les choses sous un autre angle \u00bb, c\u2019est tout l\u2019int\u00e9r\u00eat du projet port\u00e9 par la compagnie explique <b>Sylvain Dubos, directeur artistique d\u2019In Fine.<\/b><\/p>\n<p class=\" wall-content\">Un effort artistique qui permet aussi aux habitants de <b>red\u00e9couvrir leur environnement <\/b>sous un nouveau jour. L\u2019imaginaire s\u2019invite dans les recoins du quotidien, les fa\u00e7ades s\u2019animent, et le cadre de vie devient un v\u00e9ritable terrain de jeu artistique capable de fasciner petits et grands.<\/p>\n<p class=\" wall-content\">Une d\u00e9marche soutenue par la Ville de Louviers et son maire, <b>Fran\u00e7ois-Xavier Priollaud,<\/b> qui a salu\u00e9 cet \u00e9v\u00e9nement : \u00ab C\u2019est une tr\u00e8s belle fa\u00e7on d\u2019amener aussi les habitants du quartier vers l\u2019art, vers la cr\u00e9ation. L\u2019art, c\u2019est pour tout le monde \u00bb, a-t-il confi\u00e9, ravi de l\u2019enthousiasme suscit\u00e9 par la repr\u00e9sentation.<\/p>\n<p class=\" wall-content\">Une intention bien re\u00e7ue par les habitants, \u00e0 l\u2019image de Samira, <b>conquise par cette premi\u00e8re exp\u00e9rience<\/b> : \u00ab Pour moi, c\u2019est une d\u00e9couverte. J\u2019ai trouv\u00e9 int\u00e9ressant d\u2019associer le spectacle visuel et la bande-son, c\u2019\u00e9tait frais. S\u2019il y a de nouveau un spectacle comme \u00e7a, je viendrai avec plaisir. \u00bb<\/p>\n<p class=\" wall-content\">Comme quoi, un peu d\u2019art peut transformer nos espaces de vie et rassembler autour d\u2019\u00e9motions.<\/p>\n<p class=\" wall-content\">Suivez toute l\u2019actualit\u00e9 de vos villes et m\u00e9dias favoris en vous inscrivant \u00e0 <a href=\"https:\/\/moncompte.actu.fr\" title=\"D\u00e9couvez Mon Actu\" rel=\"nofollow noopener\" data-trk=\"{&quot;cta&quot;:{&quot;action&quot;:&quot;https:\\\/\\\/moncompte.actu.fr&quot;,&quot;category&quot;:&quot;mon compte&quot;,&quot;from&quot;:&quot;article footer&quot;,&quot;name&quot;:&quot;Mon actu&quot;,&quot;type&quot;:&quot;cta&quot;}}\" target=\"_blank\">Mon Actu<\/a>.<\/p>\n","protected":false},"excerpt":{"rendered":"Par R\u00e9daction Louviers Publi\u00e9 le 28 juil. 2025 \u00e0 16h46 Au sentier de la Plaquette \u00e0 Louviers, les&hellip;\n","protected":false},"author":2,"featured_media":279920,"comment_status":"","ping_status":"","sticky":false,"template":"","format":"standard","meta":{"footnotes":""},"categories":[9587],"tags":[1111,11,5972,1777,674,1011,27,1652,12,5161,25,9590],"class_list":{"0":"post-279919","1":"post","2":"type-post","3":"status-publish","4":"format-standard","5":"has-post-thumbnail","7":"category-rouen","8":"tag-actu","9":"tag-actualites","10":"tag-danse","11":"tag-eu","12":"tag-europe","13":"tag-fr","14":"tag-france","15":"tag-loisirs-culture","16":"tag-news","17":"tag-normandie","18":"tag-republique-francaise","19":"tag-rouen"},"share_on_mastodon":{"url":"https:\/\/pubeurope.com\/@fr\/114931658000437288","error":""},"_links":{"self":[{"href":"https:\/\/www.europesays.com\/fr\/wp-json\/wp\/v2\/posts\/279919","targetHints":{"allow":["GET"]}}],"collection":[{"href":"https:\/\/www.europesays.com\/fr\/wp-json\/wp\/v2\/posts"}],"about":[{"href":"https:\/\/www.europesays.com\/fr\/wp-json\/wp\/v2\/types\/post"}],"author":[{"embeddable":true,"href":"https:\/\/www.europesays.com\/fr\/wp-json\/wp\/v2\/users\/2"}],"replies":[{"embeddable":true,"href":"https:\/\/www.europesays.com\/fr\/wp-json\/wp\/v2\/comments?post=279919"}],"version-history":[{"count":0,"href":"https:\/\/www.europesays.com\/fr\/wp-json\/wp\/v2\/posts\/279919\/revisions"}],"wp:featuredmedia":[{"embeddable":true,"href":"https:\/\/www.europesays.com\/fr\/wp-json\/wp\/v2\/media\/279920"}],"wp:attachment":[{"href":"https:\/\/www.europesays.com\/fr\/wp-json\/wp\/v2\/media?parent=279919"}],"wp:term":[{"taxonomy":"category","embeddable":true,"href":"https:\/\/www.europesays.com\/fr\/wp-json\/wp\/v2\/categories?post=279919"},{"taxonomy":"post_tag","embeddable":true,"href":"https:\/\/www.europesays.com\/fr\/wp-json\/wp\/v2\/tags?post=279919"}],"curies":[{"name":"wp","href":"https:\/\/api.w.org\/{rel}","templated":true}]}}