{"id":279925,"date":"2025-07-28T15:55:14","date_gmt":"2025-07-28T15:55:14","guid":{"rendered":"https:\/\/www.europesays.com\/fr\/279925\/"},"modified":"2025-07-28T15:55:14","modified_gmt":"2025-07-28T15:55:14","slug":"jusqua-4-675-e-daide-aux-travaux-pour-vous-faire-economiser-de-leau-rennes-met-la-main-au-portefeuille","status":"publish","type":"post","link":"https:\/\/www.europesays.com\/fr\/279925\/","title":{"rendered":"Jusqu\u2019\u00e0 4\u00a0675\u00a0\u20ac d\u2019aide aux travaux\u00a0: pour vous faire \u00e9conomiser de l\u2019eau, Rennes met la main au portefeuille"},"content":{"rendered":"<p>D\u00e9but juillet, la Ville de Rennes, en partenariat avec l\u2019Agence de l\u2019eau Loire-Bretagne et la Collectivit\u00e9 eau du bassin rennais, a lanc\u00e9 un nouveau programme visant \u00e0 s\u2019adapter aux probl\u00e8mes de rar\u00e9faction de l\u2019eau. L\u2019objectif : accompagner les habitants, sur le plan technique comme financier, dans \u00ab des travaux de d\u00e9connexion des eaux pluviales des r\u00e9seaux publics d\u2019assainissement ou bien de r\u00e9duction de leur consommation d\u2019eau potable \u00bb.<\/p>\n<p>Appel \u00e0 candidature<\/p>\n<p>Le projet \u00e9tant d\u00e9j\u00e0 lanc\u00e9, les habitants de Rennes M\u00e9tropole peuvent d\u00e8s maintenant d\u00e9poser un dossier de demande d\u2019aide. Celui-ci doit comprendre un d\u00e9tail des travaux envisag\u00e9s, un devis\u2026 Les dossiers sont \u00e0 transmettre par mail \u00e0 la direction de l\u2019assainissement de Rennes M\u00e9tropole. Chaque demande sera jug\u00e9e sur \u00ab sa pertinence et son ambition environnementale \u00bb.<\/p>\n<p>Afin que le projet soit \u00e9ligible, il doit inclure soit une d\u00e9simperm\u00e9abilisation des surfaces (cours, terrasses, etc.), une d\u00e9connexion des eaux pluviales des r\u00e9seaux d\u2019assainissement (goutti\u00e8res, etc.), une installation de dispositifs de r\u00e9cup\u00e9ration et de r\u00e9utilisation de l\u2019eau de pluie ou bien une mise en place d\u2019\u00e9quipements \u00e9conomes en eau (toilettes s\u00e8ches, etc.).<\/p>\n<p>Attention tout de m\u00eame pour les plus rapides : les travaux ne doivent pas \u00eatre lanc\u00e9s avant l\u2019acceptation du dossier.<\/p>\n<p>Des aides qui varient<\/p>\n<p>L\u2019attribution des aides sera \u00e9tablie par une commission se r\u00e9unissant tous les mois \u00e0 partir de septembre. Pour les projets laur\u00e9ats, le montant de l\u2019aide correspondra \u00e0 80 % du co\u00fbt des travaux. Pour ceux non retenus, il existe tout de m\u00eame une solution. Si le projet r\u00e9pond aux crit\u00e8res techniques impos\u00e9s par la commission, il peut recevoir une aide \u00e0 hauteur de 50 % du co\u00fbt total dans la limite de 4 675 \u20ac maximum par projet.<\/p>\n<p>\u00ab Les aides sont attribu\u00e9es en fonction de l\u2019enveloppe \u00bb, explique la mairie. \u00ab Chaque dossier sera examin\u00e9 l\u2019un apr\u00e8s l\u2019autre jusqu\u2019\u00e0 l\u2019\u00e9puisement du budget disponible. \u00bb Au total, l\u2019enveloppe attribu\u00e9e au dispositif s\u2019\u00e9l\u00e8ve \u00e0 265 000 \u20ac.<\/p>\n","protected":false},"excerpt":{"rendered":"D\u00e9but juillet, la Ville de Rennes, en partenariat avec l\u2019Agence de l\u2019eau Loire-Bretagne et la Collectivit\u00e9 eau du&hellip;\n","protected":false},"author":2,"featured_media":279926,"comment_status":"","ping_status":"","sticky":false,"template":"","format":"standard","meta":{"footnotes":""},"categories":[2821],"tags":[1111,11,829,1777,674,1011,27,848,4555,12,584,25],"class_list":{"0":"post-279925","1":"post","2":"type-post","3":"status-publish","4":"format-standard","5":"has-post-thumbnail","7":"category-rennes","8":"tag-actu","9":"tag-actualites","10":"tag-bretagne","11":"tag-eu","12":"tag-europe","13":"tag-fr","14":"tag-france","15":"tag-ille-et-vilaine","16":"tag-local","17":"tag-news","18":"tag-rennes","19":"tag-republique-francaise"},"share_on_mastodon":{"url":"https:\/\/pubeurope.com\/@fr\/114931677556485974","error":""},"_links":{"self":[{"href":"https:\/\/www.europesays.com\/fr\/wp-json\/wp\/v2\/posts\/279925","targetHints":{"allow":["GET"]}}],"collection":[{"href":"https:\/\/www.europesays.com\/fr\/wp-json\/wp\/v2\/posts"}],"about":[{"href":"https:\/\/www.europesays.com\/fr\/wp-json\/wp\/v2\/types\/post"}],"author":[{"embeddable":true,"href":"https:\/\/www.europesays.com\/fr\/wp-json\/wp\/v2\/users\/2"}],"replies":[{"embeddable":true,"href":"https:\/\/www.europesays.com\/fr\/wp-json\/wp\/v2\/comments?post=279925"}],"version-history":[{"count":0,"href":"https:\/\/www.europesays.com\/fr\/wp-json\/wp\/v2\/posts\/279925\/revisions"}],"wp:featuredmedia":[{"embeddable":true,"href":"https:\/\/www.europesays.com\/fr\/wp-json\/wp\/v2\/media\/279926"}],"wp:attachment":[{"href":"https:\/\/www.europesays.com\/fr\/wp-json\/wp\/v2\/media?parent=279925"}],"wp:term":[{"taxonomy":"category","embeddable":true,"href":"https:\/\/www.europesays.com\/fr\/wp-json\/wp\/v2\/categories?post=279925"},{"taxonomy":"post_tag","embeddable":true,"href":"https:\/\/www.europesays.com\/fr\/wp-json\/wp\/v2\/tags?post=279925"}],"curies":[{"name":"wp","href":"https:\/\/api.w.org\/{rel}","templated":true}]}}