{"id":279927,"date":"2025-07-28T15:56:11","date_gmt":"2025-07-28T15:56:11","guid":{"rendered":"https:\/\/www.europesays.com\/fr\/279927\/"},"modified":"2025-07-28T15:56:11","modified_gmt":"2025-07-28T15:56:11","slug":"accuse-dassassinat-a-nantes-il-obtient-sa-remise-en-liberte","status":"publish","type":"post","link":"https:\/\/www.europesays.com\/fr\/279927\/","title":{"rendered":"accus\u00e9 d&rsquo;assassinat \u00e0 Nantes, il obtient sa remise en libert\u00e9"},"content":{"rendered":"<p>            Par<br \/>\n        <strong><br \/>\n            <a href=\"https:\/\/actu.fr\/auteur\/redaction-nantes\" title=\"Consulter tous les articles de R\u00e9daction Nantes\" rel=\"nofollow noopener\" target=\"_blank\">R\u00e9daction Nantes<\/a><br \/>\n        <\/strong><\/p>\n<p>        Publi\u00e9 le<\/p>\n<p>            28 juil. 2025 \u00e0 17h36        <\/p>\n<p>La chambre de l\u2019instruction de la cour d\u2019appel de <strong>Rennes<\/strong> a ordonn\u00e9, ce vendredi 25\u00a0juillet 2025, la remise en libert\u00e9 d\u2019un Nantais soup\u00e7onn\u00e9 d\u2019avoir particip\u00e9 \u00e0 l<a href=\"https:\/\/actu.fr\/pays-de-la-loire\/nantes_44109\/jeune-homme-tue-d-une-balle-dans-la-tete-a-nantes-ce-que-l-on-sait_60183869.html\" rel=\"nofollow noopener\" target=\"_blank\">\u2019assassinat de Sahraoui Mamar place Mend\u00e8s-France, \u00e0 Nantes (Loire-Atlantique) en octobre\u00a02023<\/a>, en raison d\u2019une bourde proc\u00e9durale.<\/p>\n<p class=\" wall-content\">Pour rappel, <strong>Sahraoui Mamar, apprenti jardinier<\/strong> de 19 ans au lyc\u00e9e agricole de Bouaye, \u00e9tait d\u00e9c\u00e9d\u00e9 sous les rafales des armes de guerre le 7 octobre 2023. Quelques jours plus t\u00f4t, un jeune pr\u00e9sent lors de cette fusillade avait d\u00e9j\u00e0 \u00e9t\u00e9 <strong>victime de coups de machette<\/strong>\u2009: les t\u00e9moins entendus avaient alors expliqu\u00e9 que les tireurs \u00e9taient venus \u00ab\u2009finir le travail\u2009\u00bb. Selon l\u2019enqu\u00eate, Sahraoui Mamar n\u2019\u00e9tait donc vraisemblablement pas cibl\u00e9.<\/p>\n<p>Une agression avant le meurtre<\/p>\n<p class=\" wall-content\">Le 28\u00a0juin 2024, un certain \u00ab\u2009Adda\u2009\u00bb \u2013 d\u00e9nonc\u00e9 comme \u00e9tant \u00ab\u2009le tireur\u2009\u00bb et comme tenancier du trafic sur la place Mend\u00e8s-France \u00e0 cette p\u00e9riode \u2013 avait \u00e9t\u00e9 interpell\u00e9 alors qu\u2019il \u00e9tait vis\u00e9 par un mandat de recherche. Il avait alors donn\u00e9 une fausse identit\u00e9.<\/p>\n<p class=\" wall-content\">Niant son implication dans cet \u00ab\u2009assassinat\u2009\u00bb, ce<strong> p\u00e8re de famille de 24\u00a0ans<\/strong> a toutefois reconnu \u00eatre l\u2019auteur de <strong>l\u2019agression survenue peu de temps auparavant<\/strong>\u2009: il souhaitait faire \u00ab\u2009d\u00e9gager\u2009\u00bb la victime du point de deal de cette place\u00a0connue pour \u00eatre le th\u00e9\u00e2tre r\u00e9gulier de <strong>r\u00e8glements de comptes<\/strong> sur fond de\u00a0trafic\u00a0de\u00a0stup\u00e9fiants.<\/p>\n<p class=\" wall-content\">Adda a donc \u00e9t\u00e9 <strong>plac\u00e9 en d\u00e9tention provisoire en juillet\u00a02024\u2009<\/strong>: au moment de sa pr\u00e9sentation devant le juge d\u2019instruction nantais, il avait b\u00e9n\u00e9fici\u00e9 de l\u2019assistance d\u2019un avocat nantais commis d\u2019office.<\/p>\n<p class=\" wall-content\">Dans l\u2019intervalle, cette affaire a \u00e9t\u00e9 \u00ab\u2009rapproch\u00e9e\u2009\u00bb d\u2019un autre \u00e9pisode de tirs et transmise \u00e0 la Juridiction interr\u00e9gionale sp\u00e9cialis\u00e9e (JIRS) de Rennes \u2013 comp\u00e9tente en mati\u00e8re de criminalit\u00e9 organis\u00e9e.<\/p>\n<p>\u00ab\u2009Dysfonctionnement\u2009\u00bb du service public<\/p>\n<p class=\" wall-content\">Reste qu\u2019un mois plus tard, <strong>le 22\u00a0ao\u00fbt 2024,<\/strong> le jeune d\u00e9tenu avait d\u00e9sign\u00e9 <strong>l\u2019avocat parisien Me Rapha\u00ebl Chiche<\/strong>\u2009: \u00e0 l\u2019\u00e9poque, le greffier nantais, \u00ab\u2009minutieux, presque chirurgical\u2009\u00bb, avait fait pr\u00e9ciser sa demande au d\u00e9tenu qui devait indiquer si Rapha\u00ebl Chiche \u00e9tait d\u00e9sign\u00e9 \u00ab\u2009en lieu et place\u2009\u00bb de son confr\u00e8re nantais, ou bien \u00e0 ses c\u00f4t\u00e9s.<\/p>\n<p class=\" wall-content\">Pourtant, arriv\u00e9 \u00e0 Rennes, le dossier a \u00ab\u2009incorrectement \u00e9t\u00e9 mis en \u00e9tat\u2009\u00bb et les deux avocats ont, \u00e0 tort, \u00e9t\u00e9 enregistr\u00e9s alors que l\u2019un d\u2019eux avait donc \u00e9t\u00e9 \u00ab\u2009dessaisi\u2009\u00bb par Adda.<\/p>\n<p class=\" wall-content\">Le <strong>12\u00a0juin 2025<\/strong>, le greffier du <strong>juge des libert\u00e9s et de la d\u00e9tention<\/strong> (JLD) s\u2019\u00e9tait donc \u00ab\u2009r\u00e9f\u00e9r\u00e9\u2009\u00bb aux \u00e9l\u00e9ments incorrectement enregistr\u00e9s pour convoquer \u00ab\u2009les deux avocats\u2009\u00bb lors du d\u00e9bat de \u00ab\u2009prolongation\u2009\u00bb de la d\u00e9tention d\u2019Adda devant se tenir <strong>le 1er\u00a0juillet 2025.<\/strong><\/p>\n<p class=\" wall-content\">Dans la matin\u00e9e, ce jour-l\u00e0, Me Rapha\u00ebl Chiche \u00e9tait pourtant retenu au Parlement de Bretagne pour plaider \u00ab\u2009trois dossiers\u2009\u00bb\u2009: l\u2019avocat parisien avait compris qu\u2019il ne pouvait pas \u00eatre \u00e0 \u00ab\u200911\u2009h\u2009\u00bb \u00e0 la Cit\u00e9 judiciaire et avait sollicit\u00e9 \u00ab\u2009le renvoi\u2009\u00bb du d\u00e9bat sur la prolongation de la d\u00e9tention.<\/p>\n<p class=\" wall-content\">Reste qu\u2019ensuite, son confr\u00e8re nantais \u2013 dessaisi \u00ab\u2009depuis onze mois\u2009\u00bb mais \u00ab\u2009convoqu\u00e9\u2009\u00bb par erreur \u2013 s\u2019\u00e9tait pr\u00e9sent\u00e9 pour assister Adda\u2009: celui-ci avait \u00ab\u2009laiss\u00e9 la parole\u2009\u00bb \u00e0 cet avocat au cours des d\u00e9bats mais refus\u00e9 de \u00ab\u2009signer le proc\u00e8s-verbal du d\u00e9bat contradictoire\u2009\u00bb. La d\u00e9tention d\u2019Adda avait alors \u00e9t\u00e9 \u00ab\u2009prolong\u00e9e\u2009\u00bb.<\/p>\n<p class=\" wall-content\">Mais dans son ordonnance, le JLD ne s\u2019est \u00ab\u2009pas prononc\u00e9\u2009\u00bb sur la demande de renvoi form\u00e9e par Me Rapha\u00ebl Chiche, ce qui constitue \u00ab\u2009une atteinte aux droits de la d\u00e9fense\u2009\u00bb. Ce <strong>jeudi 24\u00a0juillet 2025<\/strong>, l\u2019avocat parisien a donc saisi la chambre de l\u2019instruction pour en obtenir \u00ab\u2009l\u2019annulation\u2009\u00bb et la \u00ab\u2009remise en libert\u00e9 d\u2019office\u2009\u00bb d\u2019Adda, en cons\u00e9quence de ce \u00ab\u2009dysfonctionnement imputable au service public de la justice\u2009\u00bb.<\/p>\n<p>Une pr\u00e9sence \u00ab\u2009surprenante\u2009\u00bb<\/p>\n<p class=\" wall-content\">\u00ab\u2009La cassation n\u2019intervient que quand le mis en examen est seul devant le JLD\u2009\u00bb, avait pour sa part tent\u00e9<strong> l\u2019avocat g\u00e9n\u00e9ral<\/strong> lors de l\u2019audience. Le magistrat s\u2019\u00e9tait d\u2019ailleurs \u00ab\u2009\u00e9tonn\u00e9\u2009\u00bb du fait que l\u2019avocat dessaisi depuis un an connaisse \u00ab\u2009parfaitement\u2009\u00bb les d\u00e9tails actualis\u00e9s de la proc\u00e9dure et qu\u2019il consacre \u00ab\u2009g\u00e9n\u00e9reusement son temps\u2009\u00bb \u00e0 assister Adda.<\/p>\n<p class=\" wall-content\">Il avait aussi rappel\u00e9 que la loi visant \u00e0 sortir la France du pi\u00e8ge du narcotrafic allait plut\u00f4t dans le sens d\u2019une \u00ab\u2009s\u00e9curisation\u2009\u00bb de l\u2019instruction de ces dossiers. Et de son point de vue, cette \u00ab\u2009confusion manifeste\u2009\u00bb avait aussi exist\u00e9 \u00ab\u2009dans l\u2019esprit\u2009\u00bb d\u2019Adda, qui avait donc bien \u00e9t\u00e9 \u00ab\u2009assist\u00e9\u2009\u00bb.<\/p>\n<p class=\" wall-content\">\u00ab\u2009Je vous demande de ne pas vous \u00e9garer dans les m\u00e9andres de l\u2019imagination tr\u00e8s fertile de l\u2019avocat g\u00e9n\u00e9ral\u2009\u00bb, avait alors r\u00e9torqu\u00e9 Me Rapha\u00ebl Chiche lors de l\u2019audience du jeudi 24\u00a0juillet 2025.<\/p>\n<blockquote class=\"ac-article-quote wall-content\">\n<p>Quand il rejette une demande de renvoi motiv\u00e9e (&#8230;), le JLD doit, dans son\u00a0ordonnance, faire mention de cette demande et \u00e9noncer les motifs de son refus, ce qui n&rsquo;est pas le cas en l&rsquo;esp\u00e8ce.<\/p>\n<p>    <strong>La chambre de l&rsquo;instruction rennaise <\/strong><br \/>\n        Arr\u00eat du 25 juillet 2025    <\/p><\/blockquote>\n<p class=\" wall-content\">Et la \u00ab\u2009seule pr\u00e9sence [\u2026] surprenante\u2009\u00bb d\u2019un\u00a0autre\u00a0avocat qui n\u2019est \u00ab\u2009plus\u00a0d\u00e9sign\u00e9\u2009\u00bb ne \u00ab\u2009saurait signifier renoncement \u00e0 cette demande de report\u2009\u00bb, ni \u00ab\u2009emporter r\u00e9gularisation de la\u00a0demande\u00a0de renvoi r\u00e9dig\u00e9e sans d\u00e9bat ni motivation\u2009\u00bb, poursuivent les magistrats de la <strong>cour d\u2019appel de Rennes.<\/strong><\/p>\n<p class=\" wall-content\">Au final, \u00ab\u2009l\u2019annulation du proc\u00e8s-verbal du d\u00e9bat contradictoire [\u2026] et de l\u2019ordonnance de prolongation de la d\u00e9tention provisoire [\u2026] est encourue\u2009\u00bb, en d\u00e9duisent-ils\u2009: dans ce dossier, faute de titre de d\u00e9tention valide, Adda doit donc \u00eatre remis en libert\u00e9.<\/p>\n<p class=\" wall-content\">Le client de Me Rapha\u00ebl Chiche a donc \u00e9t\u00e9 <strong>plac\u00e9 sous contr\u00f4le judiciaire<\/strong>, mais il reste \u00ab\u2009d\u00e9tenu pour autre cause\u2009\u00bb.<\/p>\n<p class=\" wall-content\"><strong>CB (PressPepper)<\/strong><\/p>\n<p class=\" wall-content\">Suivez toute l\u2019actualit\u00e9 de vos villes et m\u00e9dias favoris en vous inscrivant \u00e0 <a href=\"https:\/\/moncompte.actu.fr\" title=\"D\u00e9couvez Mon Actu\" rel=\"nofollow noopener\" data-trk=\"{&quot;cta&quot;:{&quot;action&quot;:&quot;https:\\\/\\\/moncompte.actu.fr&quot;,&quot;category&quot;:&quot;mon compte&quot;,&quot;from&quot;:&quot;article footer&quot;,&quot;name&quot;:&quot;Mon actu&quot;,&quot;type&quot;:&quot;cta&quot;}}\" target=\"_blank\">Mon Actu<\/a>.<\/p>\n","protected":false},"excerpt":{"rendered":"Par R\u00e9daction Nantes Publi\u00e9 le 28 juil. 2025 \u00e0 17h36 La chambre de l\u2019instruction de la cour d\u2019appel&hellip;\n","protected":false},"author":2,"featured_media":156292,"comment_status":"","ping_status":"","sticky":false,"template":"","format":"standard","meta":{"footnotes":""},"categories":[2821],"tags":[1111,11,6744,829,1777,674,118,1011,27,303,813,12,584,25],"class_list":{"0":"post-279927","1":"post","2":"type-post","3":"status-publish","4":"format-standard","5":"has-post-thumbnail","7":"category-rennes","8":"tag-actu","9":"tag-actualites","10":"tag-assassinat","11":"tag-bretagne","12":"tag-eu","13":"tag-europe","14":"tag-faits-divers","15":"tag-fr","16":"tag-france","17":"tag-justice","18":"tag-narcotrafiquants","19":"tag-news","20":"tag-rennes","21":"tag-republique-francaise"},"share_on_mastodon":{"url":"https:\/\/pubeurope.com\/@fr\/114931681425380324","error":""},"_links":{"self":[{"href":"https:\/\/www.europesays.com\/fr\/wp-json\/wp\/v2\/posts\/279927","targetHints":{"allow":["GET"]}}],"collection":[{"href":"https:\/\/www.europesays.com\/fr\/wp-json\/wp\/v2\/posts"}],"about":[{"href":"https:\/\/www.europesays.com\/fr\/wp-json\/wp\/v2\/types\/post"}],"author":[{"embeddable":true,"href":"https:\/\/www.europesays.com\/fr\/wp-json\/wp\/v2\/users\/2"}],"replies":[{"embeddable":true,"href":"https:\/\/www.europesays.com\/fr\/wp-json\/wp\/v2\/comments?post=279927"}],"version-history":[{"count":0,"href":"https:\/\/www.europesays.com\/fr\/wp-json\/wp\/v2\/posts\/279927\/revisions"}],"wp:featuredmedia":[{"embeddable":true,"href":"https:\/\/www.europesays.com\/fr\/wp-json\/wp\/v2\/media\/156292"}],"wp:attachment":[{"href":"https:\/\/www.europesays.com\/fr\/wp-json\/wp\/v2\/media?parent=279927"}],"wp:term":[{"taxonomy":"category","embeddable":true,"href":"https:\/\/www.europesays.com\/fr\/wp-json\/wp\/v2\/categories?post=279927"},{"taxonomy":"post_tag","embeddable":true,"href":"https:\/\/www.europesays.com\/fr\/wp-json\/wp\/v2\/tags?post=279927"}],"curies":[{"name":"wp","href":"https:\/\/api.w.org\/{rel}","templated":true}]}}