{"id":279928,"date":"2025-07-28T15:57:12","date_gmt":"2025-07-28T15:57:12","guid":{"rendered":"https:\/\/www.europesays.com\/fr\/279928\/"},"modified":"2025-07-28T15:57:12","modified_gmt":"2025-07-28T15:57:12","slug":"foire-aux-vins-de-colmar-2025-la-jawqa-communique-son-amour-des-rythmes-latins-au-public-de-sofav","status":"publish","type":"post","link":"https:\/\/www.europesays.com\/fr\/279928\/","title":{"rendered":"Foire aux vins de Colmar 2025. La Jawqa\u00a0communique son amour des rythmes latins au public de SoFAV!"},"content":{"rendered":"<p>Lucile Graff arrive d\u2019un s\u00e9jour de deux ans en Am\u00e9rique du Sud et croise dans un bar Mahdi Allani.<\/p>\n<p>Tous deux sont passionn\u00e9s de musique latine et se proposent de former un groupe pour, au d\u00e9part tout du moins, reprendre des standards de musique cubaine. Avec l\u2019arriv\u00e9e d\u2019un bassiste (Louis Ernst toujours pr\u00e9sent) et d\u2019un percussionniste, La Jawqa donne ses premiers concerts en 2022. Aujourd\u2019hui, la formation propose aussi des compositions personnelles inspir\u00e9es par la salsa de Fania All Stars, le merengue et par la salsa romantica et la cumbia.<\/p>\n<p>Mahdi Allani (au chant, \u00e0 la trompette et au trombone) n\u2019est pas avare d\u2019explications et, entre les morceaux, il nous rappelle ou nous apprend que la salsa est un style aux confluents de la musique contrepointique europ\u00e9enne et des percussions africaines ou que derri\u00e8re des apparences festives se cachent parfois m\u00e9lancolie ou engagement politique, qu\u2019elle est un espace de libert\u00e9 d\u2019expression.<\/p>\n<p>  Danser devient presque une seconde nature<\/p>\n<p>Virgen de las Mercedes qui ouvre le concert est une pri\u00e8re adress\u00e9e \u00e0 la sainte patronne des prisonniers et captifs mis en musique dans les ann\u00e9es 70 pour devenir un standard du genre. La Jawqa offrira aussi ses propres titres comme Salsa de otro continente ou le romantique Dime si algun dia.<\/p>\n<p>La formation ose aussi sa propre version en cumbia de La Tortura de Shakira. Les cuivres du chanteur sont second\u00e9s par un chaleureux saxophone (Marine Nuss), par le pr\u00e9cieux piano de Lucile Graff aussi harmonique que rythmique et par ceux qui rendent impossible de ne pas se d\u00e9hancher, Manuel Rack aux congas et Augustin Schahl aux percussions.<\/p>\n<p>\u00c0 l\u2019\u00e9coute de La Jawqa, danser devient presque une seconde nature et une partie du public s\u2019est laiss\u00e9e prendre et n\u2019h\u00e9site pas \u00e0 se lancer aux quatre coins de l\u2019Embuscade.<\/p>\n","protected":false},"excerpt":{"rendered":"Lucile Graff arrive d\u2019un s\u00e9jour de deux ans en Am\u00e9rique du Sud et croise dans un bar Mahdi&hellip;\n","protected":false},"author":2,"featured_media":279929,"comment_status":"","ping_status":"","sticky":false,"template":"","format":"standard","meta":{"footnotes":""},"categories":[2820],"tags":[1111,11,5065,1687,2413,1777,674,41940,1011,27,775,873,12,25,14851,640],"class_list":{"0":"post-279928","1":"post","2":"type-post","3":"status-publish","4":"format-standard","5":"has-post-thumbnail","7":"category-strasbourg","8":"tag-actu","9":"tag-actualites","10":"tag-colmar","11":"tag-culture-loisirs","12":"tag-edition-colmar-guebwiller","13":"tag-eu","14":"tag-europe","15":"tag-foire-aux-vins-colmar","16":"tag-fr","17":"tag-france","18":"tag-grand-est","19":"tag-musique","20":"tag-news","21":"tag-republique-francaise","22":"tag-secteur-de-colmar","23":"tag-strasbourg"},"share_on_mastodon":{"url":"https:\/\/pubeurope.com\/@fr\/114931685386241308","error":""},"_links":{"self":[{"href":"https:\/\/www.europesays.com\/fr\/wp-json\/wp\/v2\/posts\/279928","targetHints":{"allow":["GET"]}}],"collection":[{"href":"https:\/\/www.europesays.com\/fr\/wp-json\/wp\/v2\/posts"}],"about":[{"href":"https:\/\/www.europesays.com\/fr\/wp-json\/wp\/v2\/types\/post"}],"author":[{"embeddable":true,"href":"https:\/\/www.europesays.com\/fr\/wp-json\/wp\/v2\/users\/2"}],"replies":[{"embeddable":true,"href":"https:\/\/www.europesays.com\/fr\/wp-json\/wp\/v2\/comments?post=279928"}],"version-history":[{"count":0,"href":"https:\/\/www.europesays.com\/fr\/wp-json\/wp\/v2\/posts\/279928\/revisions"}],"wp:featuredmedia":[{"embeddable":true,"href":"https:\/\/www.europesays.com\/fr\/wp-json\/wp\/v2\/media\/279929"}],"wp:attachment":[{"href":"https:\/\/www.europesays.com\/fr\/wp-json\/wp\/v2\/media?parent=279928"}],"wp:term":[{"taxonomy":"category","embeddable":true,"href":"https:\/\/www.europesays.com\/fr\/wp-json\/wp\/v2\/categories?post=279928"},{"taxonomy":"post_tag","embeddable":true,"href":"https:\/\/www.europesays.com\/fr\/wp-json\/wp\/v2\/tags?post=279928"}],"curies":[{"name":"wp","href":"https:\/\/api.w.org\/{rel}","templated":true}]}}