{"id":279930,"date":"2025-07-28T15:58:10","date_gmt":"2025-07-28T15:58:10","guid":{"rendered":"https:\/\/www.europesays.com\/fr\/279930\/"},"modified":"2025-07-28T15:58:10","modified_gmt":"2025-07-28T15:58:10","slug":"on-connait-la-date-dinauguration-de-ce-nouvel-espace-de-verdure","status":"publish","type":"post","link":"https:\/\/www.europesays.com\/fr\/279930\/","title":{"rendered":"on conna\u00eet la date d&rsquo;inauguration de ce nouvel espace de verdure"},"content":{"rendered":"<p>            Par<br \/>\n        <strong><br \/>\n            <a href=\"https:\/\/actu.fr\/auteur\/ivan-capecchi\" title=\"Consulter tous les articles de Ivan CAPECCHI\" rel=\"nofollow noopener\" target=\"_blank\">Ivan CAPECCHI<\/a><br \/>\n        <\/strong><\/p>\n<p>        Publi\u00e9 le<\/p>\n<p>            28 juil. 2025 \u00e0 17h00        <\/p>\n<p>Un <a href=\"https:\/\/actu.fr\/grand-est\/strasbourg_67482\/heritage-des-jo-cette-oeuvre-exposee-a-paris-va-etre-rapatriee-a-strasbourg-et-sera-accessible-a-tous_61684278.html\" rel=\"nofollow noopener\" target=\"_blank\">nouveau parc de 5,5 hectares<\/a> doit voir le jour dans le <a href=\"https:\/\/actu.fr\/grand-est\/strasbourg_67482\/ce-quartier-de-strasbourg-est-en-pleine-ebullition-des-millions-d-euros-investis-de-nombreux-projets-lances_61132615.html\" rel=\"nofollow noopener\" target=\"_blank\">quartier de Koenigshoffen<\/a>, \u00e0 <strong>Strasbourg<\/strong>, entre la route des Romains, la rue de la Charmille et la M351. Son <strong>ouverture<\/strong> est pr\u00e9vue pour <strong>septembre 2025<\/strong>.<\/p>\n<p>Parc des Romains : une f\u00eate inaugurale le 20 septembre 2025<\/p>\n<p class=\" wall-content\">Plus pr\u00e9cis\u00e9ment, la \u00ab\u00a0<strong>f\u00eate inaugurale<\/strong> du <strong>parc des Romains<\/strong> aura lieu le<strong> 20 septembre 2025<\/strong>\u00ab\u00a0, nous indique la Ville, jointe par nos soins.<\/p>\n<p class=\" wall-content\">\u00ab\u00a0<strong>D\u2019ici-l\u00e0, la totalit\u00e9 du parc sera am\u00e9nag\u00e9e<\/strong>, il restera \u00e0 planter la deuxi\u00e8me s\u00e9rie d\u2019arbres \u00e0 l\u2019automne\u00a0\u00bb, pr\u00e9cise la collectivit\u00e9.<\/p>\n<p>Trois zones pr\u00e9vues<\/p>\n<p class=\" wall-content\">Pour rappel, le parc des Romains comprendra <strong>trois zones<\/strong> :<\/p>\n<ul class=\" wall-content\">\n<li>Une <strong>zone d\u2019activit\u00e9s<\/strong> : terrain de p\u00e9tanque, basket, football, tables de pique-nique, barbecues, toilettes, assises, et une <strong>aire de jeux de 1\u2009500 m\u00b2 avec tyrolienne, pont de singe, jeux de grimpe, sol souple<\/strong>.<\/li>\n<li>Une<strong> zone de rencontres<\/strong>, o\u00f9 l\u2019on trouve le <a href=\"https:\/\/actu.fr\/grand-est\/strasbourg_67482\/heritage-des-jo-cette-oeuvre-exposee-a-paris-va-etre-rapatriee-a-strasbourg-et-sera-accessible-a-tous_61684278.html\" rel=\"nofollow noopener\" target=\"_blank\">pavillon des Jeux olympiques 2024<\/a>, une structure en bois \u00e9voquant le triathlon et con\u00e7ue par des \u00e9tudiants et les Compagnons du devoir.<\/li>\n<li>Une <strong>zone nature<\/strong>, v\u00e9g\u00e9talis\u00e9e et comprenant trois refuges pour la biodiversit\u00e9.<\/li>\n<\/ul>\n<p class=\" wall-content\">Les <a href=\"https:\/\/actu.fr\/tag\/travaux\" rel=\"nofollow noopener\" target=\"_blank\">travaux<\/a> d\u2019am\u00e9nagement de ce nouveau parc ont d\u00e9marr\u00e9 fin 2024.\u00a0<\/p>\n<p class=\" wall-content\">Suivez toute l\u2019actualit\u00e9 de vos villes et m\u00e9dias favoris en vous inscrivant \u00e0 <a href=\"https:\/\/moncompte.actu.fr\" title=\"D\u00e9couvez Mon Actu\" rel=\"nofollow noopener\" data-trk=\"{&quot;cta&quot;:{&quot;action&quot;:&quot;https:\\\/\\\/moncompte.actu.fr&quot;,&quot;category&quot;:&quot;mon compte&quot;,&quot;from&quot;:&quot;article footer&quot;,&quot;name&quot;:&quot;Mon actu&quot;,&quot;type&quot;:&quot;cta&quot;}}\" target=\"_blank\">Mon Actu<\/a>.<\/p>\n","protected":false},"excerpt":{"rendered":"Par Ivan CAPECCHI Publi\u00e9 le 28 juil. 2025 \u00e0 17h00 Un nouveau parc de 5,5 hectares doit voir&hellip;\n","protected":false},"author":2,"featured_media":279931,"comment_status":"","ping_status":"","sticky":false,"template":"","format":"standard","meta":{"footnotes":""},"categories":[2820],"tags":[1111,11,1777,674,1011,27,775,1652,12,25,640,2086],"class_list":{"0":"post-279930","1":"post","2":"type-post","3":"status-publish","4":"format-standard","5":"has-post-thumbnail","7":"category-strasbourg","8":"tag-actu","9":"tag-actualites","10":"tag-eu","11":"tag-europe","12":"tag-fr","13":"tag-france","14":"tag-grand-est","15":"tag-loisirs-culture","16":"tag-news","17":"tag-republique-francaise","18":"tag-strasbourg","19":"tag-travaux"},"share_on_mastodon":{"url":"https:\/\/pubeurope.com\/@fr\/114931689256510677","error":""},"_links":{"self":[{"href":"https:\/\/www.europesays.com\/fr\/wp-json\/wp\/v2\/posts\/279930","targetHints":{"allow":["GET"]}}],"collection":[{"href":"https:\/\/www.europesays.com\/fr\/wp-json\/wp\/v2\/posts"}],"about":[{"href":"https:\/\/www.europesays.com\/fr\/wp-json\/wp\/v2\/types\/post"}],"author":[{"embeddable":true,"href":"https:\/\/www.europesays.com\/fr\/wp-json\/wp\/v2\/users\/2"}],"replies":[{"embeddable":true,"href":"https:\/\/www.europesays.com\/fr\/wp-json\/wp\/v2\/comments?post=279930"}],"version-history":[{"count":0,"href":"https:\/\/www.europesays.com\/fr\/wp-json\/wp\/v2\/posts\/279930\/revisions"}],"wp:featuredmedia":[{"embeddable":true,"href":"https:\/\/www.europesays.com\/fr\/wp-json\/wp\/v2\/media\/279931"}],"wp:attachment":[{"href":"https:\/\/www.europesays.com\/fr\/wp-json\/wp\/v2\/media?parent=279930"}],"wp:term":[{"taxonomy":"category","embeddable":true,"href":"https:\/\/www.europesays.com\/fr\/wp-json\/wp\/v2\/categories?post=279930"},{"taxonomy":"post_tag","embeddable":true,"href":"https:\/\/www.europesays.com\/fr\/wp-json\/wp\/v2\/tags?post=279930"}],"curies":[{"name":"wp","href":"https:\/\/api.w.org\/{rel}","templated":true}]}}