{"id":279932,"date":"2025-07-28T15:59:15","date_gmt":"2025-07-28T15:59:15","guid":{"rendered":"https:\/\/www.europesays.com\/fr\/279932\/"},"modified":"2025-07-28T15:59:15","modified_gmt":"2025-07-28T15:59:15","slug":"la-musique-nous-reconnecte-a-lessentiel-angelique-kidjo-en-concert-a-la-villa-ephrussi-de-rothschild-a-saint-jean-cap-ferrat","status":"publish","type":"post","link":"https:\/\/www.europesays.com\/fr\/279932\/","title":{"rendered":"\u00ab\u00a0La musique nous reconnecte \u00e0 l&rsquo;essentiel\u00a0\u00bb: Ang\u00e9lique Kidjo en concert \u00e0 la Villa \u00c9phrussi de Rothschild \u00e0 Saint-Jean-Cap-Ferrat"},"content":{"rendered":"<p>Sa voix est chaude, puissante, travers\u00e9e par une \u00e9nergie vitale qui a conquis les sc\u00e8nes du monde entier. Laur\u00e9ate de cinq Grammy Awards, ic\u00f4ne de la musique mondiale et infatigable militante, Ang\u00e9lique Kidjo sera, ce mardi 29 juillet, \u00e0 la Villa \u00c9phrussi de Rothschild, \u00e0 Saint-Jean-Cap-Ferrat, pour un concert donn\u00e9 dans le cadre de la troisi\u00e8me \u00e9dition du festival des Nocturnes de la Villa.<\/p>\n<p>Elle sera accompagn\u00e9e au piano par le musicien antillais Thierry Vaton, avec qui elle a commenc\u00e9 \u00e0 jouer sur sc\u00e8ne, il y a plus de trente ans.<\/p>\n<p>Avec nous, l\u2019autrice, compositrice et chanteuse b\u00e9ninoise \u00e9voque son amour pour la C\u00f4te d\u2019Azur, sa vision de la musique comme acte de r\u00e9sistance et son \u00e9toile sur le Hollywood Walk of Fame, \u00e0 Los Angeles, pr\u00e9vue en 2026.<\/p>\n<p><strong>Vous \u00eates de passage \u00e0 Saint-Jean-Cap-Ferrat cet \u00e9t\u00e9. Quelle relation entretenez-vous avec la C\u00f4te d\u2019Azur?<\/strong><\/p>\n<p>\u00c7a me rappelle mon village natal, Ouidah, au bord de la mer. La chaleur, la lumi\u00e8re, la solidarit\u00e9 face aux \u00e9l\u00e9ments&#8230; tout cela me parle. La mer, la montagne et la nature ont toujours fait partie de ma vie, je ne me sens pas d\u00e9pays\u00e9e quand je viens dans le Sud. Mes anc\u00eatres \u00e9taient p\u00eacheurs, et ici comme chez moi, la nature impose son rythme. Quand la chaleur arrive, on veille les uns sur les autres. Cette humanit\u00e9 partag\u00e9e, c\u2019est ce qui me touche.<\/p>\n<p><strong>Pour votre concert, vous serez en duo avec Thierry Vaton, que vous connaissez depuis plus de trente ans. Comment cette complicit\u00e9 nourrit-elle votre musique?<\/strong><\/p>\n<p>Avec Thierry, c\u2019est une alchimie rare. On n\u2019a pas besoin de se parler, un seul regard suffit. Quand deux \u00e2mes s\u2019accordent, la musique devient plus forte. Quand je suis avec quelqu\u2019un qui est aussi passionn\u00e9 que moi et qu\u2019on accepte tous les deux d\u2019\u00eatre au service de la musique, c\u2019est le bonheur pour moi. \u00c7a devient facile de se parler ou de changer le r\u00e9pertoire parce qu\u2019on se comprend.<\/p>\n<p><strong>Vous d\u00e9fendez une musique sans fronti\u00e8res, de Philip Glass \u00e0 Burna Boy en passant par les chansons fran\u00e7aises. Pourquoi ce m\u00e9lange?<\/strong><\/p>\n<p>Quand j\u2019ai commenc\u00e9 \u00e0 \u00e9couter de la musique, mon p\u00e8re disait que toutes les musiques se valaient. La musique, c\u2019est l\u2019ADN de l\u2019humanit\u00e9. Elle na\u00eet de la nature, des cultures et des combats. Peu importe le style, ce qui compte, c\u2019est l\u2019\u00e9motion qu\u2019elle porte. Aujourd\u2019hui, avec les r\u00e9seaux sociaux, notre cerveau est envahi par du vide. La musique, elle, nous reconnecte \u00e0 l\u2019essentiel, un peu comme une bouteille d\u2019oxyg\u00e8ne.<\/p>\n<p><strong>Quel rapport entretenez-vous avec la sc\u00e8ne?<\/strong><\/p>\n<p>C\u2019est le plus bel endroit du monde et l\u00e0 o\u00f9 je me sens le mieux, le plus en s\u00e9curit\u00e9. Je dis toujours que pour moi, le paradis est une sc\u00e8ne. Le jour o\u00f9 je mourrai, le bon Dieu va me dire que je lui casse les oreilles parce que je ferai de la musique tous les jours. Quand on a la chance de jouer dans un bel endroit, \u00e7a rajoute quelque chose au moment. Faire de la musique dans de beaux lieux, \u00e7a nous rappelle que sans art et sans culture, il n\u2019y a pas de beaut\u00e9, pas d\u2019humanit\u00e9.<\/p>\n<p><strong>En 2026, vous deviendrez la premi\u00e8re chanteuse originaire d\u2019un pays africain \u00e0 avoir une \u00e9toile sur le Hollywood Walk of Fame, \u00e0 Los Angeles. Quel sens donnez-vous \u00e0 cette reconnaissance?<\/strong><\/p>\n<p>C\u2019est un honneur, mais il faut rester humble. Le vrai combat, c\u2019est l\u2019injustice. Comment parler de gloire quand des gens n\u2019ont pas \u00e0 manger? Moi, \u00e7a me fait plaisir, mais j\u2019aimerais qu\u2019on pense davantage aux uns et aux autres. On a mis fin \u00e0 l\u2019esclavage, mais on le perp\u00e9tue avec le capitalisme. Des gens travaillent, mais n\u2019arrivent pas \u00e0 joindre les deux bouts. Qu\u2019est-ce que \u00e7a dit de notre soci\u00e9t\u00e9? La technologie vient appuyer sur nos faiblesses et nos \u00e9checs. Par la musique, on se sent plus libre et sans libert\u00e9, il n\u2019y a pas d\u2019art, et pas de soci\u00e9t\u00e9.<\/p>\n<p>Mardi 29 juillet, \u00e0 20h, \u00e0 la Villa \u00c9phrussi de Rothschild, \u00e0 Saint-Jean-Cap-Ferrat. Tarifs entre 20 et 35 euros. Rens. sur villa-ephrussi.com<\/p>\n","protected":false},"excerpt":{"rendered":"Sa voix est chaude, puissante, travers\u00e9e par une \u00e9nergie vitale qui a conquis les sc\u00e8nes du monde entier.&hellip;\n","protected":false},"author":2,"featured_media":279933,"comment_status":"","ping_status":"","sticky":false,"template":"","format":"standard","meta":{"footnotes":""},"categories":[2819],"tags":[1111,11,4156,251,1777,674,1011,27,873,12,2401,882,25],"class_list":{"0":"post-279932","1":"post","2":"type-post","3":"status-publish","4":"format-standard","5":"has-post-thumbnail","7":"category-nice","8":"tag-actu","9":"tag-actualites","10":"tag-concerts","11":"tag-culture","12":"tag-eu","13":"tag-europe","14":"tag-fr","15":"tag-france","16":"tag-musique","17":"tag-news","18":"tag-nice","19":"tag-provence-alpes-cote-dazur","20":"tag-republique-francaise"},"share_on_mastodon":{"url":"https:\/\/pubeurope.com\/@fr\/114931693258168754","error":""},"_links":{"self":[{"href":"https:\/\/www.europesays.com\/fr\/wp-json\/wp\/v2\/posts\/279932","targetHints":{"allow":["GET"]}}],"collection":[{"href":"https:\/\/www.europesays.com\/fr\/wp-json\/wp\/v2\/posts"}],"about":[{"href":"https:\/\/www.europesays.com\/fr\/wp-json\/wp\/v2\/types\/post"}],"author":[{"embeddable":true,"href":"https:\/\/www.europesays.com\/fr\/wp-json\/wp\/v2\/users\/2"}],"replies":[{"embeddable":true,"href":"https:\/\/www.europesays.com\/fr\/wp-json\/wp\/v2\/comments?post=279932"}],"version-history":[{"count":0,"href":"https:\/\/www.europesays.com\/fr\/wp-json\/wp\/v2\/posts\/279932\/revisions"}],"wp:featuredmedia":[{"embeddable":true,"href":"https:\/\/www.europesays.com\/fr\/wp-json\/wp\/v2\/media\/279933"}],"wp:attachment":[{"href":"https:\/\/www.europesays.com\/fr\/wp-json\/wp\/v2\/media?parent=279932"}],"wp:term":[{"taxonomy":"category","embeddable":true,"href":"https:\/\/www.europesays.com\/fr\/wp-json\/wp\/v2\/categories?post=279932"},{"taxonomy":"post_tag","embeddable":true,"href":"https:\/\/www.europesays.com\/fr\/wp-json\/wp\/v2\/tags?post=279932"}],"curies":[{"name":"wp","href":"https:\/\/api.w.org\/{rel}","templated":true}]}}