{"id":279934,"date":"2025-07-28T16:00:13","date_gmt":"2025-07-28T16:00:13","guid":{"rendered":"https:\/\/www.europesays.com\/fr\/279934\/"},"modified":"2025-07-28T16:00:13","modified_gmt":"2025-07-28T16:00:13","slug":"avec-44-000-billets-vendus-le-nice-jazz-fest-bat-des-records-de-frequentation","status":"publish","type":"post","link":"https:\/\/www.europesays.com\/fr\/279934\/","title":{"rendered":"Avec 44\u00a0000 billets vendus, le Nice Jazz Fest bat des records de fr\u00e9quentation"},"content":{"rendered":"<p><strong>D\u00c9CRYPTAGE <\/strong>&#8211; Dans un cadre renouvel\u00e9 et une ambiance rajeunie, la nouvelle \u00e9dition du festival r\u00e9colte les fruits de sa r\u00e9novation.<\/p>\n<p class=\"fig-paragraph\">Les concerts n\u2019\u00e9taient pas encore termin\u00e9s que le maire de Nice,\u00a0<a href=\"http:\/\/www.lefigaro.fr\/nice\/municipales-2026-a-un-an-des-elections-christian-estrosi-deja-en-mode-campagne-a-nice-20250328\" data-fig-type=\"NewsFlash\" data-gtm-custom-categorie=\"navigation\" data-gtm-custom-action=\"crossclick\" data-gtm-custom-label=\"Contextuel\" data-gtm-event=\"customEventSPE\" data-fig-domain=\"LEFIGARO\" target=\"_blank\" rel=\"noopener\">Christian Estrosi<\/a>, prenait la parole, samedi soir. Accompagn\u00e9 de S\u00e9bastien Vidal, programmateur de longue date de la manifestation, ainsi que de\u00a0<a href=\"https:\/\/www.lefigaro.fr\/politique\/graig-monetti-ou-les-ambitions-legislatives-d-un-adjoint-de-christian-estrosi-a-nice-20211020\" data-fig-type=\"Article\" data-gtm-custom-categorie=\"navigation\" data-gtm-custom-action=\"crossclick\" data-gtm-custom-label=\"Contextuel\" data-gtm-event=\"customEventSPE\" data-fig-domain=\"LEFIGARO\" target=\"_blank\" rel=\"noopener\">Graig Monetti<\/a>, son adjoint d\u00e9l\u00e9gu\u00e9 au sport, \u00e0 la jeunesse et \u00e0 l\u2019\u00e9galit\u00e9 des chances, le premier \u00e9dile de la ville expliquait, avec fiert\u00e9, que la nouvelle \u00e9dition du Nice Jazz Fest, qui s\u2019est tenu du 24 au 27\u00a0juillet, avait battu tous les records de fr\u00e9quentation. Avec 44.000\u00a0billets vendus, le cru 2025 d\u00e9passe ainsi tous ceux organis\u00e9s depuis le lancement du festival, en 1948. Repris par la municipalit\u00e9 en 2011, et sis depuis lors dans le cadre du jardin Albert-Ier, entre le centre-ville et le bord de mer, le Nice Jazz Fest r\u00e9colte les fruits de sa r\u00e9novation. Graig Monetti, 32\u00a0ans seulement, promet de nouveaux am\u00e9nagements dans les ann\u00e9es qui viennent.<\/p>\n<p class=\"fig-paragraph\">Sous son impulsion, la v\u00e9n\u00e9rable institution a pris un sacr\u00e9 coup de jeune. Un nouvel espace, baptis\u00e9 la Merenda, a pris ses quartiers\u2026<\/p>\n<p class=\"fig-premium-paywall__infos\">\n        Cet article est r\u00e9serv\u00e9 aux abonn\u00e9s.        Il vous reste 78% \u00e0 d\u00e9couvrir.\n    <\/p>\n<p>                <img  data- alt=\"Le Figaro\" class=\"fig-img--complete fig-img\"\/><\/p>\n<p class=\"fig-premium-paywall__title\">Vous avez envie de lire la suite ?<\/p>\n<p class=\"fig-premium-paywall__subtitle\">D\u00e9bloquez tous les articles imm\u00e9diatement.<\/p>\n<p class=\"fig-premium-paywall__connect\">\n                D\u00e9j\u00e0 abonn\u00e9\u00a0?                <a class=\"fig-premium-paywall__connect-link\" href=\"https:\/\/connect.lefigaro.fr\/login?client=horizon_web&amp;type=main&amp;redirect_uri=https%3A%2F%2Fwww.lefigaro.fr%2Fmusique%2Favec-44-000-billets-vendus-le-nice-jazz-fest-bat-des-records-de-frequentation-20250728\" data-js-gtm=\"{&quot;customCategorie&quot;: &quot;conversion&quot;, &quot;customAction&quot;: &quot;before_Landing_Connexion_paywall_auto&quot;, &quot;customLabel&quot;: &quot;bGVmaWdhcm8uZnJfXzFmMDZiODJhLTMyNjctNmQ4OC04Nzg4LTlkYmQyNTNhYWVmZV9fQXJ0aWNsZQ==_Avec 44\u00a0000 billets vendus, le Nice Jazz Fest bat des records de fr\u00e9quentation_126&quot;, &quot;customIDSPE&quot;: &quot;bGVmaWdhcm8uZnJfXzFmMDZiODJhLTMyNjctNmQ4OC04Nzg4LTlkYmQyNTNhYWVmZV9fQXJ0aWNsZQ==&quot;, &quot;event&quot;: &quot;customEventSPE&quot;}\" target=\"_blank\" rel=\"noopener\"><br \/>\n                    Connectez-vous<br \/>\n                <\/a>\n            <\/p>\n","protected":false},"excerpt":{"rendered":"D\u00c9CRYPTAGE &#8211; Dans un cadre renouvel\u00e9 et une ambiance rajeunie, la nouvelle \u00e9dition du festival r\u00e9colte les fruits&hellip;\n","protected":false},"author":2,"featured_media":279935,"comment_status":"","ping_status":"","sticky":false,"template":"","format":"standard","meta":{"footnotes":""},"categories":[2819],"tags":[1111,11,2397,1777,674,1011,27,41941,30290,12,2401,882,25],"class_list":{"0":"post-279934","1":"post","2":"type-post","3":"status-publish","4":"format-standard","5":"has-post-thumbnail","7":"category-nice","8":"tag-actu","9":"tag-actualites","10":"tag-christian-estrosi","11":"tag-eu","12":"tag-europe","13":"tag-fr","14":"tag-france","15":"tag-gregory-porter","16":"tag-joeystarr","17":"tag-news","18":"tag-nice","19":"tag-provence-alpes-cote-dazur","20":"tag-republique-francaise"},"share_on_mastodon":{"url":"https:\/\/pubeurope.com\/@fr\/114931697131793843","error":""},"_links":{"self":[{"href":"https:\/\/www.europesays.com\/fr\/wp-json\/wp\/v2\/posts\/279934","targetHints":{"allow":["GET"]}}],"collection":[{"href":"https:\/\/www.europesays.com\/fr\/wp-json\/wp\/v2\/posts"}],"about":[{"href":"https:\/\/www.europesays.com\/fr\/wp-json\/wp\/v2\/types\/post"}],"author":[{"embeddable":true,"href":"https:\/\/www.europesays.com\/fr\/wp-json\/wp\/v2\/users\/2"}],"replies":[{"embeddable":true,"href":"https:\/\/www.europesays.com\/fr\/wp-json\/wp\/v2\/comments?post=279934"}],"version-history":[{"count":0,"href":"https:\/\/www.europesays.com\/fr\/wp-json\/wp\/v2\/posts\/279934\/revisions"}],"wp:featuredmedia":[{"embeddable":true,"href":"https:\/\/www.europesays.com\/fr\/wp-json\/wp\/v2\/media\/279935"}],"wp:attachment":[{"href":"https:\/\/www.europesays.com\/fr\/wp-json\/wp\/v2\/media?parent=279934"}],"wp:term":[{"taxonomy":"category","embeddable":true,"href":"https:\/\/www.europesays.com\/fr\/wp-json\/wp\/v2\/categories?post=279934"},{"taxonomy":"post_tag","embeddable":true,"href":"https:\/\/www.europesays.com\/fr\/wp-json\/wp\/v2\/tags?post=279934"}],"curies":[{"name":"wp","href":"https:\/\/api.w.org\/{rel}","templated":true}]}}