{"id":279936,"date":"2025-07-28T16:01:17","date_gmt":"2025-07-28T16:01:17","guid":{"rendered":"https:\/\/www.europesays.com\/fr\/279936\/"},"modified":"2025-07-28T16:01:17","modified_gmt":"2025-07-28T16:01:17","slug":"trois-personnes-relogees-apres-lincendie-dun-appartement-pres-de-nantes-2","status":"publish","type":"post","link":"https:\/\/www.europesays.com\/fr\/279936\/","title":{"rendered":"Trois personnes relog\u00e9es apr\u00e8s l\u2019incendie d\u2019un appartement pr\u00e8s de Nantes"},"content":{"rendered":"<p>Les faits se sont d\u00e9roul\u00e9s dans la nuit du dimanche\u00a027 au lundi 28\u00a0juillet, rue Marion Cahour, \u00e0 <a href=\"https:\/\/nantes.maville.com\/pays-de-la-loire\/loire-atlantique\/reze\/\" target=\"_self\" rel=\"noopener\">Rez\u00e9<\/a>, pr\u00e8s de Nantes (Loire-Atlantique). Il est environ 1\u00a0h 15\u00a0du matin quand les pompiers sont contact\u00e9s pour un incendie dans un appartement situ\u00e9 au quatri\u00e8me \u00e9tage d\u2019un immeuble d\u2019habitation. Les flammes ont \u00e9t\u00e9 \u00e9teintes au moyen d\u2019une lance \u00e0 eau.<\/p>\n<p>Le locataire de l\u2019appartement sinistr\u00e9 a \u00e9t\u00e9 relog\u00e9 par la mairie de Rez\u00e9 et deux autres voisins ont \u00e9t\u00e9 relog\u00e9s par leurs propres moyens. Selon une source polici\u00e8re, l\u2019origine de l\u2019incendie pourrait \u00eatre volontaire. <strong>\u00ab Des traces d\u2019effraction ont \u00e9t\u00e9 constat\u00e9es \u00bb<\/strong>, compl\u00e8te cette m\u00eame source.<\/p>\n<p>L\u2019op\u00e9ration a n\u00e9cessit\u00e9 la mobilisation de vingt sapeurs-pompiers et six engins, \u00e9paul\u00e9s par des fonctionnaires de la police nationale, Enedis, Gaz R\u00e9seau Distribution France et un \u00e9lu de permanence de Rez\u00e9.<\/p>\n<p>\u00a0<\/p>\n","protected":false},"excerpt":{"rendered":"Les faits se sont d\u00e9roul\u00e9s dans la nuit du dimanche\u00a027 au lundi 28\u00a0juillet, rue Marion Cahour, \u00e0 Rez\u00e9,&hellip;\n","protected":false},"author":2,"featured_media":279561,"comment_status":"","ping_status":"","sticky":false,"template":"","format":"standard","meta":{"footnotes":""},"categories":[2818],"tags":[1111,11,9071,1777,674,1011,27,1310,766,12,2636,3744,3762,41889,25],"class_list":{"0":"post-279936","1":"post","2":"type-post","3":"status-publish","4":"format-standard","5":"has-post-thumbnail","7":"category-nantes","8":"tag-actu","9":"tag-actualites","10":"tag-appartement","11":"tag-eu","12":"tag-europe","13":"tag-fr","14":"tag-france","15":"tag-incendie","16":"tag-nantes","17":"tag-news","18":"tag-pays-de-la-loire","19":"tag-personnes","20":"tag-pres","21":"tag-relogees","22":"tag-republique-francaise"},"share_on_mastodon":{"url":"https:\/\/pubeurope.com\/@fr\/114931701600101014","error":""},"_links":{"self":[{"href":"https:\/\/www.europesays.com\/fr\/wp-json\/wp\/v2\/posts\/279936","targetHints":{"allow":["GET"]}}],"collection":[{"href":"https:\/\/www.europesays.com\/fr\/wp-json\/wp\/v2\/posts"}],"about":[{"href":"https:\/\/www.europesays.com\/fr\/wp-json\/wp\/v2\/types\/post"}],"author":[{"embeddable":true,"href":"https:\/\/www.europesays.com\/fr\/wp-json\/wp\/v2\/users\/2"}],"replies":[{"embeddable":true,"href":"https:\/\/www.europesays.com\/fr\/wp-json\/wp\/v2\/comments?post=279936"}],"version-history":[{"count":0,"href":"https:\/\/www.europesays.com\/fr\/wp-json\/wp\/v2\/posts\/279936\/revisions"}],"wp:featuredmedia":[{"embeddable":true,"href":"https:\/\/www.europesays.com\/fr\/wp-json\/wp\/v2\/media\/279561"}],"wp:attachment":[{"href":"https:\/\/www.europesays.com\/fr\/wp-json\/wp\/v2\/media?parent=279936"}],"wp:term":[{"taxonomy":"category","embeddable":true,"href":"https:\/\/www.europesays.com\/fr\/wp-json\/wp\/v2\/categories?post=279936"},{"taxonomy":"post_tag","embeddable":true,"href":"https:\/\/www.europesays.com\/fr\/wp-json\/wp\/v2\/tags?post=279936"}],"curies":[{"name":"wp","href":"https:\/\/api.w.org\/{rel}","templated":true}]}}