{"id":279937,"date":"2025-07-28T16:02:30","date_gmt":"2025-07-28T16:02:30","guid":{"rendered":"https:\/\/www.europesays.com\/fr\/279937\/"},"modified":"2025-07-28T16:02:30","modified_gmt":"2025-07-28T16:02:30","slug":"que-faire-a-nantes-au-mois-daout-big-city-nantes","status":"publish","type":"post","link":"https:\/\/www.europesays.com\/fr\/279937\/","title":{"rendered":"Que faire \u00e0 Nantes au mois d&rsquo;ao\u00fbt ? \u2013 Big City Nantes"},"content":{"rendered":"<p>Cet \u00e9t\u00e9 en ao\u00fbt \u00e0 Nantes, oublie le tram-boulot-dodo, c\u2019est LE moment pour ralentir, profiter et kiffer \u00e0 fond, m\u00eame sans partir ! <strong><a href=\"https:\/\/www.bigcitynantes.fr\/\" target=\"_blank\" rel=\"noreferrer noopener\">Big City<\/a><\/strong> t\u2019a concoct\u00e9 des plans qui envoient du lourd : balades, d\u00e9couvertes, soleil\u2026. Ici, z\u00e9ro stress, tu fais ce que tu veux, quand tu veux. Nantes, c\u2019est ton spot vacances, alors profite \u00e0 fond et fais-toi plaisir ! Suis le guide\u2026 et comme nous aussi on d\u00e9connecte en ao\u00fbt, on te souhaite de belles vacances ! \ud83d\ude0e<\/p>\n<p>Nantes : notre s\u00e9lection de sorties pour les vacances d\u2019\u00e9t\u00e9 du vendredi 1er au dimanche 31 ao\u00fbt 2025 !Prendre un verre en terrasse<img loading=\"lazy\" decoding=\"async\" width=\"680\" height=\"510\" src=\"https:\/\/www.europesays.com\/fr\/wp-content\/uploads\/2025\/07\/le-petit-baigneur.png\" alt=\"le petit baigneur\" class=\"lazyload wp-image-116727\" style=\"aspect-ratio:16\/9;object-fit:cover\"  data-\/><\/p>\n<p>Incontournables de l\u2019\u00e9t\u00e9, <strong>les terrasses <\/strong>font clairement partie du plan parfait pour se d\u00e9tendre \u00e0 <strong>Nantes<\/strong>. Guinguettes, ap\u00e9ros au soleil, transats et bonne ambiance : difficile de faire mieux ! Pour t\u2019y retrouver sans gal\u00e9rer, on te conseil notre petit <strong><a href=\"https:\/\/www.bigcitynantes.fr\/actu\/top-des-guinguettes-a-nantes\/\" target=\"_blank\" rel=\"noopener\">top des terrasses et des guinguettes<\/a><\/strong>. Et si tu as mis la main sur le fameux <strong><a href=\"https:\/\/www.bigcitynantes.fr\/passeport-apero\/\" target=\"_blank\" rel=\"noreferrer noopener\">Passeport Ap\u00e9ro de Big City<\/a><\/strong>, c\u2019est le moment parfait pour en profiter\u00a0!<\/p>\n<p>Profiter des expos du moment<img loading=\"lazy\" decoding=\"async\" width=\"680\" height=\"510\" src=\"https:\/\/www.europesays.com\/fr\/wp-content\/uploads\/2025\/07\/Expo-in-silentio-nantes.png\" alt=\"Expo-in-silentio-nantes\" class=\"lazyload wp-image-116738\" style=\"aspect-ratio:16\/9;object-fit:cover\"  data-\/><\/p>\n<p>C\u00f4t\u00e9 culture, l\u2019\u00e9t\u00e9 s\u2019annonce riche avec une belle s\u00e9lection d\u2019expos \u00e0 ne pas manquer ! D\u00e9couvre <strong><a href=\"https:\/\/www.bigcitynantes.fr\/actu\/nantes-un-robot-tricoteur-dans-cette-nouvelle-exposition\/\" target=\"_blank\" rel=\"noreferrer noopener\">In Silentio au Lieu Unique<\/a><\/strong>, <strong><a href=\"https:\/\/www.bigcitynantes.fr\/actu\/electric-op-une-experience-visuelle-inedite-a-nantes\/\" target=\"_blank\" rel=\"noopener\">Electric Op au Mus\u00e9e d\u2019Art de Nantes<\/a><\/strong>, <strong><a href=\"https:\/\/www.bigcitynantes.fr\/actu\/hokusai-lexposition-evenement-debarque-a-nantes-cet-ete\/\" target=\"_blank\" rel=\"noopener\">Hokusai au Ch\u00e2teau des Ducs de Bretagne<\/a><\/strong>, ou encore <strong><a href=\"https:\/\/www.bigcitynantes.fr\/agenda\/expositions-tocsin-de-marion-flament-aux-petites-ecuries\/\" target=\"_blank\" rel=\"noopener\">Tocsin de Marion Flament aux Petites \u00c9curies<\/a><\/strong>.<\/p>\n<p>Partir en escapade artistique<img loading=\"lazy\" decoding=\"async\" width=\"680\" height=\"510\" src=\"https:\/\/www.europesays.com\/fr\/wp-content\/uploads\/2025\/06\/Romain-Weintzem.-La-Mauvaise-Troupe.-Romain-Weintzem-\u00a9DR-_-LVAN-1.png\" alt=\"Romain Weintzem. La Mauvaise Troupe. \u00a9DR _ LVAN\" class=\"lazyload wp-image-116009\" style=\"aspect-ratio:16\/9;object-fit:cover\"  data-\/><\/p>\n<p><strong><a href=\"https:\/\/www.bigcitynantes.fr\/actu\/nantes-top-7-des-oeuvres-du-van-a-decouvrir\/\" target=\"_blank\" rel=\"noopener\">L\u2019\u00c9trange \u00e9t\u00e9 du Voyage \u00e0 Nantes<\/a><\/strong> transforme Nantes en terrain de jeu artistique : fanfare en tenue de camouflage, silhouettes anonymes arpentant les fa\u00e7ades, femme enceinte g\u00e9ante\u2026 c\u2019est une v\u00e9ritable exp\u00e9rience urbaine in\u00e9dite. Et en parlant de terrain de jeu artistique, le<a href=\"https:\/\/www.bigcitynantes.fr\/agenda\/off-du-van\/\" target=\"_blank\" rel=\"noopener\"> <strong>OFF du VAN<\/strong><\/a> s\u2019est aussi install\u00e9 pour encore plus de surprises \u00e0 chaque coin de rue.<\/p>\n<p>Profiter d\u2019activit\u00e9s en plein air<img loading=\"lazy\" decoding=\"async\" width=\"680\" height=\"510\" src=\"https:\/\/www.europesays.com\/fr\/wp-content\/uploads\/2025\/06\/Wingfoil-a-la-base-nautique-de-Saint-Nazaire.png\" alt=\"Wingfoil a\u0300 la base nautique de Saint-Nazaire\" class=\"lazyload wp-image-115961\" style=\"aspect-ratio:16\/9;object-fit:cover\"  data-\/><\/p>\n<p>Cet \u00e9t\u00e9, profite des plaisirs de la glisse au plus grand t\u00e9l\u00e9ski nautique de la r\u00e9gion : le <strong><a href=\"https:\/\/www.bigcitynantes.fr\/actu\/le-plus-grand-teleski-nautique-de-loire-atlantique-a-moins-dune-heure-de-nantes\/\" target=\"_blank\" rel=\"noreferrer noopener\">Wake Park de Pless\u00e9<\/a> <\/strong>avec une s\u00e9lection d\u2019activit\u00e9s tr\u00e8s cool comme le wakeboard, le kneeboard, le paddle,\u2026 Et si tu es plut\u00f4t sensations fortes ou ambiance chill ? Direction<strong><a href=\"https:\/\/oglisspark.fr\/\" target=\"_blank\" rel=\"noopener\"> O\u2019Gliss Park<\/a> <\/strong>: toboggans g\u00e9ants, lagon paradisiaque, rivi\u00e8res sauvages et zones d\u00e9tente t\u2019attendent pour une journ\u00e9e bien remplie.<\/p>\n<p>Les rendez-vous musicaux \u00e0 ne pas manquer<img loading=\"lazy\" decoding=\"async\" width=\"680\" height=\"510\" src=\"https:\/\/www.europesays.com\/fr\/wp-content\/uploads\/2025\/07\/VandB-fest-.png\" alt=\"VandB fest\" class=\"lazyload wp-image-116767\" style=\"aspect-ratio:16\/9;object-fit:cover\"  data-\/><\/p>\n<p>En ao\u00fbt, la f\u00eate continue c\u00f4t\u00e9 musique avec des rendez-vous immanquables. Au programme : des festivals \u00e0 ne pas manquer, comme le <strong><a href=\"https:\/\/www.bigcitynantes.fr\/agenda\/v-and-b-fest\/\" target=\"_blank\" rel=\"noreferrer noopener\">V and B Fest\u2019<\/a><\/strong> et sa programmation ultra cool, ou encore <strong><a href=\"https:\/\/www.bigcitynantes.fr\/agenda\/les-rendez-vous-de-lerdre\/\" target=\"_blank\" rel=\"noreferrer noopener\">Les Rendez-vous de l\u2019Erdre<\/a><\/strong>, avec concerts et d\u00e9fil\u00e9s de bateaux. Et pour les amateurs d\u2019\u00e9lectro, ne rate pas <a href=\"https:\/\/www.bigcitynantes.fr\/agenda\/le-plus-grand-open-air-gratuit-de-la-region-a-nantes\/\" target=\"_blank\" rel=\"noreferrer noopener\"><strong>PARCO<\/strong> <\/a>le plus grand open air gratuit de la r\u00e9gion \u00e0 la <strong>Station Nuage<\/strong> !<\/p>\n<p>Les rendez-vous sportif de l\u2019\u00e9t\u00e9<img loading=\"lazy\" decoding=\"async\" width=\"680\" height=\"510\" src=\"https:\/\/www.europesays.com\/fr\/wp-content\/uploads\/2025\/07\/FCN-PSG.png\" alt=\"FCN-PSG\" class=\"lazyload wp-image-116591\" style=\"aspect-ratio:16\/9;object-fit:cover\"  data-\/><\/p>\n<p>En ao\u00fbt, c\u2019est aussi le coup d\u2019envoi des nouvelles saisons sportives ! Ne manque pas le choc<strong> <a href=\"https:\/\/www.bigcitynantes.fr\/agenda\/fc-nantes-paris-saint-germain-fc-a-nantes\/\" target=\"_blank\" rel=\"noopener\">PSG \u2013 FC Nantes<\/a><\/strong> \u00e0 la <strong>Beaujoire<\/strong>, ou encore le match <strong><a href=\"https:\/\/www.bigcitynantes.fr\/agenda\/hbc-nantes-tremblay-a-la-h-arena\/\" target=\"_blank\" rel=\"noopener\">HBC Nantes \u2013 Tremblay<\/a> <\/strong>\u00e0 la <strong>H Arena<\/strong>. De quoi lancer l\u2019ann\u00e9e sportive comme il se doit !<\/p>\n<p>Faire du shopping en plein air<img loading=\"lazy\" decoding=\"async\" width=\"680\" height=\"510\" src=\"https:\/\/www.europesays.com\/fr\/wp-content\/uploads\/2025\/07\/Marche-estival-de-Nantes-Camping.png\" alt=\"Marche\u0301 estival de Nantes Camping\" class=\"lazyload wp-image-115977\" style=\"aspect-ratio:16\/9;object-fit:cover\"  data-\/><\/p>\n<p>En ao\u00fbt, c\u2019est le moment parfait pour d\u00e9nicher des p\u00e9pites : produits locaux, articles de seconde main, cr\u00e9ations artisanales\u2026 Tu vas en profiter avec des march\u00e9s vraiment cool comme le <strong><a href=\"https:\/\/www.bigcitynantes.fr\/agenda\/joli-marche-createurs-et-producteurs-locaux-a-la-bernerie-en-retz\/\" target=\"_blank\" rel=\"noopener\">Joli March\u00e9<\/a><\/strong> \u00e0 <strong>La Bernerie-en-Retz<\/strong>, le <strong><a href=\"https:\/\/www.bigcitynantes.fr\/actu\/60-createurs-et-producteurs-dans-ce-grand-marche-nocturne-et-champetre-a-nantes\/\" target=\"_blank\" rel=\"noopener\">March\u00e9 Nocturne<\/a><\/strong> <strong>tous les mardis \u00e0 Nantes Camping<\/strong>, ou encore le <strong><a href=\"https:\/\/www.bigcitynantes.fr\/agenda\/vide-grenier-des-bords-de-lerdre\/\" target=\"_blank\" rel=\"noopener\">vide-grenier des bords de l\u2019Erdre<\/a><\/strong>.<\/p>\n<p>Profiter d\u2019un escape game g\u00e9ant<img loading=\"lazy\" decoding=\"async\" width=\"1160\" height=\"803\" src=\"https:\/\/www.europesays.com\/fr\/wp-content\/uploads\/2025\/04\/Peregrina-spectacle-immersif-1160x803.jpg\" alt=\"Peregrina spectacle immersif\" class=\"lazyload wp-image-108534\" style=\"aspect-ratio:16\/9;object-fit:cover\"  data-\/><\/p>\n<p>C\u2019est un concept tr\u00e8s cool qui d\u00e9barque \u00e0 Nantes avec cet escape game en mode spectacle immersif. Pendant 2h tu plonges dans un cabaret des ann\u00e9es 20. Tu vas pouvoir \u00eatre acteur de ta propre aventure, interagir avec les acteurs professionnels, te balader dans le cabaret et m\u00eame siroter un cocktail, tout en suivant l\u2019histoire qui se d\u00e9roule sous tes yeux\u2026 Une sortie\u00a0<strong>hyper fun et originale<\/strong> !<\/p>\n<p>Partir en escapade dans la r\u00e9gion<img loading=\"lazy\" decoding=\"async\" width=\"1073\" height=\"687\" src=\"https:\/\/www.europesays.com\/fr\/wp-content\/uploads\/2025\/07\/0617.png\" alt=\"Fun fact : les c\u00e9l\u00e8bres bols bretons sont fabriqu\u00e9s \u00e0 Pornic depuis 1947\" class=\"lazyload wp-image-115916\"  data-\/>Fun fact : les c\u00e9l\u00e8bres bols bretons sont fabriqu\u00e9s \u00e0 Pornic depuis 1947<\/p>\n<p>Envie de prendre le large ? Gr\u00e2ce au pass jeunes TER, tu voyages en illimit\u00e9 dans les Pays de la Loire pour seulement 25\u20ac ! Le plan parfait pour te faire des sorties \u00e0 Pornic, La Baule ou encore Angers ! On t\u2019a m\u00eame imagin\u00e9 un parcours \u00e0 faire pour une journ\u00e9e dans le Pays de Retz <a href=\"https:\/\/www.bigcitynantes.fr\/actu\/bon-plan-une-escapade-a-petit-budget-autour-de-nantes\/\" target=\"_blank\" rel=\"noreferrer noopener\">juste ici.<\/a><\/p>\n<p>Tester les nouveaut\u00e9s de Nantes<img loading=\"lazy\" decoding=\"async\" width=\"680\" height=\"510\" src=\"https:\/\/www.europesays.com\/fr\/wp-content\/uploads\/2025\/07\/Top-Nouveautes.png\" alt=\"Top Nouveaut\u00e9s \u00a9Ville de Nantes\" class=\"lazyload wp-image-116721\" style=\"aspect-ratio:16\/9;object-fit:cover\"  data-\/><\/p>\n<p>Et si tu es en retard sur toutes les nouveaut\u00e9s \u00e0 d\u00e9couvrir dans le coin, suis notre Top 5 des nouveaux lieux \u00e0 d\u00e9couvrir en juin ! Tu vas voir, entre bar \u00e0 cocktails, magasin de d\u00e9co, cantine caf\u00e9, spot cr\u00e9atif ou encore cabinet de bizarreries\u2026 tu as de quoi faire \ud83d\ude09<\/p>\n<p>Avec tout \u00e7a, impossible de t\u2019ennuyer. Alors, <strong>bonnes vacances \u00e0 Nantes !<\/strong> \u2764\ufe0f<\/p>\n<p><img decoding=\"async\" class=\"lazyload wp-block-cover__image-background wp-image-112113 size-full\" alt=\"\" src=\"https:\/\/www.europesays.com\/fr\/wp-content\/uploads\/2025\/07\/1753718550_88_A4_Borchure_Mockup_7-1.png\" style=\"object-position:56% 70%\" data-object-fit=\"cover\" data-object-position=\"56% 70%\"\/>commandez le passeport de l&rsquo;ap\u00e9ro<br \/>95\u20ac de consos offertes !\u00c0 faire chaque week-end<img decoding=\"async\" class=\"lazyload wp-block-cover__image-background wp-image-112113 size-full\" alt=\"\" src=\"https:\/\/www.europesays.com\/fr\/wp-content\/uploads\/2025\/07\/1753718550_88_A4_Borchure_Mockup_7-1.png\" style=\"object-position:56% 70%\" data-object-fit=\"cover\" data-object-position=\"56% 70%\"\/>commandez le passeport de l&rsquo;ap\u00e9ro<br \/>95\u20ac de consos offertes !<\/p>\n","protected":false},"excerpt":{"rendered":"Cet \u00e9t\u00e9 en ao\u00fbt \u00e0 Nantes, oublie le tram-boulot-dodo, c\u2019est LE moment pour ralentir, profiter et kiffer \u00e0&hellip;\n","protected":false},"author":2,"featured_media":279938,"comment_status":"","ping_status":"","sticky":false,"template":"","format":"standard","meta":{"footnotes":""},"categories":[2818],"tags":[1111,11,251,1777,674,1011,27,766,12,2636,25,1669,3140,2528],"class_list":{"0":"post-279937","1":"post","2":"type-post","3":"status-publish","4":"format-standard","5":"has-post-thumbnail","7":"category-nantes","8":"tag-actu","9":"tag-actualites","10":"tag-culture","11":"tag-eu","12":"tag-europe","13":"tag-fr","14":"tag-france","15":"tag-nantes","16":"tag-news","17":"tag-pays-de-la-loire","18":"tag-republique-francaise","19":"tag-sorties","20":"tag-spectacle","21":"tag-vacances"},"share_on_mastodon":{"url":"https:\/\/pubeurope.com\/@fr\/114931705267225319","error":""},"_links":{"self":[{"href":"https:\/\/www.europesays.com\/fr\/wp-json\/wp\/v2\/posts\/279937","targetHints":{"allow":["GET"]}}],"collection":[{"href":"https:\/\/www.europesays.com\/fr\/wp-json\/wp\/v2\/posts"}],"about":[{"href":"https:\/\/www.europesays.com\/fr\/wp-json\/wp\/v2\/types\/post"}],"author":[{"embeddable":true,"href":"https:\/\/www.europesays.com\/fr\/wp-json\/wp\/v2\/users\/2"}],"replies":[{"embeddable":true,"href":"https:\/\/www.europesays.com\/fr\/wp-json\/wp\/v2\/comments?post=279937"}],"version-history":[{"count":0,"href":"https:\/\/www.europesays.com\/fr\/wp-json\/wp\/v2\/posts\/279937\/revisions"}],"wp:featuredmedia":[{"embeddable":true,"href":"https:\/\/www.europesays.com\/fr\/wp-json\/wp\/v2\/media\/279938"}],"wp:attachment":[{"href":"https:\/\/www.europesays.com\/fr\/wp-json\/wp\/v2\/media?parent=279937"}],"wp:term":[{"taxonomy":"category","embeddable":true,"href":"https:\/\/www.europesays.com\/fr\/wp-json\/wp\/v2\/categories?post=279937"},{"taxonomy":"post_tag","embeddable":true,"href":"https:\/\/www.europesays.com\/fr\/wp-json\/wp\/v2\/tags?post=279937"}],"curies":[{"name":"wp","href":"https:\/\/api.w.org\/{rel}","templated":true}]}}