{"id":279941,"date":"2025-07-28T16:04:12","date_gmt":"2025-07-28T16:04:12","guid":{"rendered":"https:\/\/www.europesays.com\/fr\/279941\/"},"modified":"2025-07-28T16:04:12","modified_gmt":"2025-07-28T16:04:12","slug":"le-directeur-du-crous-de-bordeaux-suspendu-pour-comportements-inappropries-envers-plusieurs-femmes","status":"publish","type":"post","link":"https:\/\/www.europesays.com\/fr\/279941\/","title":{"rendered":"Le directeur du Crous de Bordeaux suspendu pour \u00ab\u00a0comportements inappropri\u00e9s\u00a0\u00bb envers plusieurs femmes"},"content":{"rendered":"<p class=\"paragraph text_align_left lp-f-body-02\">Le directeur g\u00e9n\u00e9ral du Crous de <a href=\"https:\/\/www.leparisien.fr\/gironde-33\/\" target=\"_self\" rel=\"nofollow noopener\">Bordeaux<\/a> suspendu \u00e0 titre conservatoire. Le minist\u00e8re de l\u2019Enseignement sup\u00e9rieur l\u2019a annonc\u00e9 ce lundi, en raison de \u00ab comportements inappropri\u00e9s \u00bb envers des membres f\u00e9minins du personnel.<\/p>\n<p class=\"paragraph text_align_left lp-f-body-02\">Une enqu\u00eate administrative visant le directeur g\u00e9n\u00e9ral du <a href=\"https:\/\/www.leparisien.fr\/paris-75\/augmentation-des-loyers-du-crous-en-septembre-2025-a-paris-la-double-peine-pour-les-etudiants-AJL27PD54VD6FL2PIP4GPG5XRI.php\" target=\"_self\" rel=\"nofollow noopener\">Crous<\/a> (Centre r\u00e9gional des \u0153uvres universitaires et scolaires) de Bordeaux-Aquitaine avait \u00e9t\u00e9 lanc\u00e9e en f\u00e9vrier apr\u00e8s le signalement \u00e0 son encontre de faits de harc\u00e8lement et d\u2019agressions sexuelles. Celui-ci avait affirm\u00e9 contester \u00ab fermement \u00bb ces accusations, dans un mail adress\u00e9 \u00e0 l\u2019AFP en mai.<\/p>\n<p class=\"paragraph text_align_left lp-f-body-02\">Selon une source proche du dossier, quatre collaboratrices \u00e0 Bordeaux avaient signal\u00e9 quatre <a href=\"https:\/\/www.leparisien.fr\/societe\/violences-sexuelles-les-hommes-souvent-tres-jeunes-en-sont-egalement-victimes-indique-une-etude-28-05-2025-QLUTI4ZR4FAPRNGMY5MRWARKYU.php\" target=\"_blank\" rel=\"nofollow noopener\">agressions sexuelles<\/a> et une \u00ab relation forc\u00e9e qui a abouti sur des rapports sexuels \u00e0 plusieurs reprises \u00bb. Trois autres victimes auraient \u00e9t\u00e9 identifi\u00e9es \u00e0 Grenoble, o\u00f9 le directeur en question \u00e9tait en poste pr\u00e9c\u00e9demment.<\/p>\n<p>Les victimes sont des membres du personnel du Crous<\/p>\n<p class=\"paragraph text_align_left lp-f-body-02\">L\u2019enqu\u00eate, confi\u00e9e \u00e0 l\u2019Inspection g\u00e9n\u00e9rale de l\u2019\u00e9ducation, du sport et de la recherche (IG\u00c9SR) a \u00ab d\u00e9montr\u00e9 que la plupart des mentions relatives \u00e0 de potentielles violences sexistes et sexuelles \u00e9voqu\u00e9es dans le courriel anonyme sont en grande partie inexactes \u00bb, indique le minist\u00e8re charg\u00e9 de l\u2019Enseignement sup\u00e9rieur et de la Recherche.<\/p>\n<p class=\"lp-card-podcast-highlighting__title  lp-f-subtitle-05\">[1\/4] C\u00e9cile Vallin, les secrets d\u2019une disparition<\/p>\n<p class=\"lp-card-podcast-highlighting__description lp-f-ui-05\">Crime story raconte chaque semaine les grandes affaires criminelles.<\/p>\n<p><a class=\"lp-card-podcast-highlighting__call-to-action\" data-page-type=\"HP\" data-block-name=\"podcast-highlight\">\u00c9couter<\/a><\/p>\n<p class=\"paragraph text_align_left lp-f-body-02\">Les \u00ab affirmations relatives \u00e0 sept signalements qui auraient \u00e9t\u00e9 effectu\u00e9s aupr\u00e8s du Cnous (Centre national des \u0153uvres universitaires et scolaires, ndlr) sont fausses et les accusations \u00e0 l\u2019\u00e9gard de sa pr\u00e9sidente infond\u00e9es \u00bb, poursuit le communiqu\u00e9.<\/p>\n<p class=\"paragraph text_align_left lp-f-body-02\">Cependant, l\u2019enqu\u00eate a permis d\u2019identifier des \u00ab comportements inappropri\u00e9s \u00bb de la part du directeur g\u00e9n\u00e9ral \u00ab envers plusieurs personnels f\u00e9minins du Crous de Bordeaux \u00bb, conduisant \u00e0 sa \u00ab suspension imm\u00e9diate \u00e0 titre conservatoire \u00bb et au \u00ab lancement d\u2019une proc\u00e9dure disciplinaire \u00e0 son encontre \u00bb.<\/p>\n<p class=\"paragraph text_align_left lp-f-body-02\">L\u2019enqu\u00eate de l\u2019IG\u00c9SR \u00ab ayant \u00e9tabli des faits susceptibles de rev\u00eatir une qualification p\u00e9nale \u00bb, le rapport a \u00e9t\u00e9 transmis au procureur de la R\u00e9publique de Bordeaux conform\u00e9ment \u00e0 l\u2019article 40 du code de proc\u00e9dure p\u00e9nale, pr\u00e9cise le minist\u00e8re.<\/p>\n<p class=\"paragraph text_align_left lp-f-body-02\">Dominique Froment, directrice g\u00e9n\u00e9rale du Crous de Toulouse, est nomm\u00e9e directrice g\u00e9n\u00e9rale par int\u00e9rim de celui de Bordeaux.<\/p>\n","protected":false},"excerpt":{"rendered":"Le directeur g\u00e9n\u00e9ral du Crous de Bordeaux suspendu \u00e0 titre conservatoire. Le minist\u00e8re de l\u2019Enseignement sup\u00e9rieur l\u2019a annonc\u00e9&hellip;\n","protected":false},"author":2,"featured_media":279942,"comment_status":"","ping_status":"","sticky":false,"template":"","format":"standard","meta":{"footnotes":""},"categories":[2817],"tags":[1111,11,1997,459,1777,674,118,1011,27,12,2219,25],"class_list":{"0":"post-279941","1":"post","2":"type-post","3":"status-publish","4":"format-standard","5":"has-post-thumbnail","7":"category-bordeaux","8":"tag-actu","9":"tag-actualites","10":"tag-bordeaux","11":"tag-departements-horsidfo","12":"tag-eu","13":"tag-europe","14":"tag-faits-divers","15":"tag-fr","16":"tag-france","17":"tag-news","18":"tag-nouvelle-aquitaine","19":"tag-republique-francaise"},"share_on_mastodon":{"url":"https:\/\/pubeurope.com\/@fr\/114931712975425170","error":""},"_links":{"self":[{"href":"https:\/\/www.europesays.com\/fr\/wp-json\/wp\/v2\/posts\/279941","targetHints":{"allow":["GET"]}}],"collection":[{"href":"https:\/\/www.europesays.com\/fr\/wp-json\/wp\/v2\/posts"}],"about":[{"href":"https:\/\/www.europesays.com\/fr\/wp-json\/wp\/v2\/types\/post"}],"author":[{"embeddable":true,"href":"https:\/\/www.europesays.com\/fr\/wp-json\/wp\/v2\/users\/2"}],"replies":[{"embeddable":true,"href":"https:\/\/www.europesays.com\/fr\/wp-json\/wp\/v2\/comments?post=279941"}],"version-history":[{"count":0,"href":"https:\/\/www.europesays.com\/fr\/wp-json\/wp\/v2\/posts\/279941\/revisions"}],"wp:featuredmedia":[{"embeddable":true,"href":"https:\/\/www.europesays.com\/fr\/wp-json\/wp\/v2\/media\/279942"}],"wp:attachment":[{"href":"https:\/\/www.europesays.com\/fr\/wp-json\/wp\/v2\/media?parent=279941"}],"wp:term":[{"taxonomy":"category","embeddable":true,"href":"https:\/\/www.europesays.com\/fr\/wp-json\/wp\/v2\/categories?post=279941"},{"taxonomy":"post_tag","embeddable":true,"href":"https:\/\/www.europesays.com\/fr\/wp-json\/wp\/v2\/tags?post=279941"}],"curies":[{"name":"wp","href":"https:\/\/api.w.org\/{rel}","templated":true}]}}