{"id":279943,"date":"2025-07-28T16:05:10","date_gmt":"2025-07-28T16:05:10","guid":{"rendered":"https:\/\/www.europesays.com\/fr\/279943\/"},"modified":"2025-07-28T16:05:10","modified_gmt":"2025-07-28T16:05:10","slug":"deficitaire-ce-magasin-gifi-de-toulouse-va-fermer-ses-portes-voici-quand","status":"publish","type":"post","link":"https:\/\/www.europesays.com\/fr\/279943\/","title":{"rendered":"D\u00e9ficitaire, ce magasin Gifi de Toulouse va fermer ses portes : voici quand"},"content":{"rendered":"<p>            Par<br \/>\n        <strong><br \/>\n            <a href=\"https:\/\/actu.fr\/auteur\/mareva-laville-actu-fr\" title=\"Consulter tous les articles de Mar\u00e9va Laville\" rel=\"nofollow noopener\" target=\"_blank\">Mar\u00e9va Laville<\/a><br \/>\n        <\/strong><\/p>\n<p>        Publi\u00e9 le<\/p>\n<p>            28 juil. 2025 \u00e0 17h54        <\/p>\n<p>Le couperet est tomb\u00e9. <strong>Gifi<\/strong> va bel et bien fermer onze de ses magasins les plus d\u00e9ficitaires en France. Et parmi ce lot, <a href=\"https:\/\/actu.fr\/occitanie\/toulouse_31555\/toulouse-gifi-le-geant-du-discount-annonce-des-fermetures-ce-magasin-du-centre-ville-concerne_62465979.html\" rel=\"nofollow noopener\" target=\"_blank\">l\u2019une des quatre boutiques de Toulouse est concern\u00e9e<\/a>, comme vous le r\u00e9v\u00e9lait Actu Toulouse en avril dernier.<\/p>\n<p>Le Gifi de Saint-Georges touch\u00e9 par un PSE<\/p>\n<p class=\" wall-content\">Si le plan de sauvegarde de l\u2019emploi (PSE) avanc\u00e9 les mois derniers par l\u2019ancienne direction a \u00e9t\u00e9 arr\u00eat\u00e9 le 23\u00a0juillet 2025, en accord avec la CFDT, en attendant l\u2019arriv\u00e9e du nouveau pr\u00e9sident du directoire, Christophe Mistou (ex-PDG du groupe Mr. Bricolage), le 1er\u00a0septembre, les onze points de vente cibl\u00e9s pr\u00e9c\u00e9demment restent sur le carreau. Seuls les 166 salari\u00e9s du si\u00e8ge peuvent esp\u00e9rer un retournement de situation pour leurs postes.<\/p>\n<p class=\" wall-content\">Pas de retour en arri\u00e8re, en revanche, pour les neuf employ\u00e9s du Gifi du quartier Saint-Georges. Depuis le 3\u00a0avril, la <strong>boutique situ\u00e9e en centre-ville<\/strong> est touch\u00e9e par \u00ab\u2009plan d\u2019urgence pour se recentrer sur la performance du mod\u00e8le discount et des clients\u2009\u00bb ordonn\u00e9 par la direction.<\/p>\n<p>Victime de son \u00ab\u2009emplacement\u2009\u00bb et de \u00ab\u2009la concurrence\u2009\u00bb<\/p>\n<p class=\" wall-content\">\u00ab\u2009Soit par leur <strong>emplacement<\/strong>, soit \u00e0 cause de la <strong>concurrence<\/strong>, ces magasins ont connu de grosses difficult\u00e9s. Et on n\u2019a pas r\u00e9ussi \u00e0 les redresser,<strong> les pertes \u00e9taient trop importantes<\/strong>\u2009\u00bb, justifie le groupe Gifi qui si\u00e8ge \u00e0 <a href=\"https:\/\/actu.fr\/nouvelle-aquitaine\/villeneuve-sur-lot_47323\" rel=\"nofollow noopener\" target=\"_blank\">Villeneuve-sur-Lot<\/a> (Lot-et-Garonne), contact\u00e9 par Actu.fr. Aucune reprise n\u2019a pu \u00eatre envisag\u00e9e.<\/p>\n<p class=\" wall-content\">Le Gifi de Saint-Georges \u00e9tait effectivement bien cach\u00e9. Depuis la rue Ren\u00e9e-Aspe, ce n\u2019est qu\u2019en empruntant un petit passage pi\u00e9ton qui d\u00e9bouche sur la promenade des Capitouls que l\u2019on peut retrouver l\u2019entr\u00e9e du magasin situ\u00e9 \u00e0 deux pas du <a href=\"https:\/\/actu.fr\/occitanie\/toulouse_31555\/toulouse-nouvelles-enseignes-mix-de-commerces-ce-centre-commercial-a-un-plan-pour-enfin-remplir-sa-galerie_62357288.html\" rel=\"nofollow noopener\" target=\"_blank\">centre commercial Saint-Georges.<\/a> Mais seulement pour quelques mois d\u00e9sormais\u2026.<\/p>\n<p>Vid\u00e9os : en ce moment sur ActuFermeture en fin d\u2019ann\u00e9e 2025<\/p>\n<p class=\" wall-content\"><strong>Le 31\u00a0d\u00e9cembre 2025<\/strong>, le magasin Gifi de <a href=\"https:\/\/actu.fr\/occitanie\/toulouse_31555\/toulouse-voici-les-centres-commerciaux-avec-le-plus-de-commerces-fermes-et-ceux-qui-sont-a-nouveau-attractifs_62875615.html\" rel=\"nofollow noopener\" target=\"_blank\">Saint-Georges<\/a> baissera officiellement son rideau. Le personnel \u00ab\u2009va b\u00e9n\u00e9ficier d\u2019un accompagnement avec des propositions de reclassement\u2009\u00bb, indique la soci\u00e9t\u00e9, dans le cadre du PSE. \u00c0 noter que depuis l\u2019annonce de ces transformations commerciales, plusieurs d\u00e9parts volontaires ont eu lieu.<\/p>\n<p class=\" wall-content\">L\u2019enseigne aux \u00ab\u2009petits prix\u2009\u00bb \u2013 dont le chiffre d\u2019affaires s\u2019est \u00e9lev\u00e9 \u00e0 1,2\u00a0milliard d\u2019euros en 2024 \u2013 reste toutefois optimiste sur la suite. \u00ab\u2009Nous croyons au renouveau de Gifi qui est une marque incontournable du discount en France, avec une forte notori\u00e9t\u00e9 sur un march\u00e9 du discount en croissance (+8% par an). Gifi poss\u00e8de de nombreux leviers pour se r\u00e9inventer\u2009: une marque chaleureuse, une client\u00e8le fid\u00e8le, un maillage territorial fort (80\u2009% des Fran\u00e7ais ont un Gifi \u00e0 moins de 20 mn de chez eux), des \u00e9quipes exceptionnelles, soud\u00e9es et engag\u00e9es et le soutien de ses partenaires. Cela passera par une r\u00e9organisation acc\u00e9l\u00e9r\u00e9e, en profondeur, avec et par les \u00e9quipes, pour recentrer Gifi sur ses clients et sur la performance de son mod\u00e8le.\u2009\u00bb<\/p>\n<p>Encore dix boutiques dans l\u2019agglo<\/p>\n<p class=\" wall-content\">Dans l\u2019agglom\u00e9ration toulousaine, la marque et ses \u00ab\u2009id\u00e9es de g\u00e9nie\u2009\u00bb compte plusieurs autres boutiques rescap\u00e9es\u2009: \u00e0 <strong>Purpan, <a href=\"https:\/\/actu.fr\/occitanie\/toulouse_31555\/toulouse-ce-centre-commercial-deserte-a-redresse-la-barre-voici-comment_60689231.html\" rel=\"nofollow noopener\" target=\"_blank\">Compans-Caffarelli,<\/a> Portet, Balma, Blagnac, Fenouillet, Muret, Saint-Orens-de-Gameville, Rouffiac-Tolosan et Plaisance-du-Touch.<\/strong><\/p>\n<p class=\" wall-content\">Suivez toute l\u2019actualit\u00e9 de vos villes et m\u00e9dias favoris en vous inscrivant \u00e0 <a href=\"https:\/\/moncompte.actu.fr\" title=\"D\u00e9couvez Mon Actu\" rel=\"nofollow noopener\" data-trk=\"{&quot;cta&quot;:{&quot;action&quot;:&quot;https:\\\/\\\/moncompte.actu.fr&quot;,&quot;category&quot;:&quot;mon compte&quot;,&quot;from&quot;:&quot;article footer&quot;,&quot;name&quot;:&quot;Mon actu&quot;,&quot;type&quot;:&quot;cta&quot;}}\" target=\"_blank\">Mon Actu<\/a>.<\/p>\n","protected":false},"excerpt":{"rendered":"Par Mar\u00e9va Laville Publi\u00e9 le 28 juil. 2025 \u00e0 17h54 Le couperet est tomb\u00e9. Gifi va bel et&hellip;\n","protected":false},"author":2,"featured_media":279944,"comment_status":"","ping_status":"","sticky":false,"template":"","format":"standard","meta":{"footnotes":""},"categories":[2816],"tags":[1111,11,215,1777,674,1011,27,12,2680,25,104,2312],"class_list":{"0":"post-279943","1":"post","2":"type-post","3":"status-publish","4":"format-standard","5":"has-post-thumbnail","7":"category-toulouse","8":"tag-actu","9":"tag-actualites","10":"tag-commerce","11":"tag-eu","12":"tag-europe","13":"tag-fr","14":"tag-france","15":"tag-news","16":"tag-occitanie","17":"tag-republique-francaise","18":"tag-societe","19":"tag-toulouse"},"share_on_mastodon":{"url":"https:\/\/pubeurope.com\/@fr\/114931716814829542","error":""},"_links":{"self":[{"href":"https:\/\/www.europesays.com\/fr\/wp-json\/wp\/v2\/posts\/279943","targetHints":{"allow":["GET"]}}],"collection":[{"href":"https:\/\/www.europesays.com\/fr\/wp-json\/wp\/v2\/posts"}],"about":[{"href":"https:\/\/www.europesays.com\/fr\/wp-json\/wp\/v2\/types\/post"}],"author":[{"embeddable":true,"href":"https:\/\/www.europesays.com\/fr\/wp-json\/wp\/v2\/users\/2"}],"replies":[{"embeddable":true,"href":"https:\/\/www.europesays.com\/fr\/wp-json\/wp\/v2\/comments?post=279943"}],"version-history":[{"count":0,"href":"https:\/\/www.europesays.com\/fr\/wp-json\/wp\/v2\/posts\/279943\/revisions"}],"wp:featuredmedia":[{"embeddable":true,"href":"https:\/\/www.europesays.com\/fr\/wp-json\/wp\/v2\/media\/279944"}],"wp:attachment":[{"href":"https:\/\/www.europesays.com\/fr\/wp-json\/wp\/v2\/media?parent=279943"}],"wp:term":[{"taxonomy":"category","embeddable":true,"href":"https:\/\/www.europesays.com\/fr\/wp-json\/wp\/v2\/categories?post=279943"},{"taxonomy":"post_tag","embeddable":true,"href":"https:\/\/www.europesays.com\/fr\/wp-json\/wp\/v2\/tags?post=279943"}],"curies":[{"name":"wp","href":"https:\/\/api.w.org\/{rel}","templated":true}]}}