{"id":279949,"date":"2025-07-28T16:09:09","date_gmt":"2025-07-28T16:09:09","guid":{"rendered":"https:\/\/www.europesays.com\/fr\/279949\/"},"modified":"2025-07-28T16:09:09","modified_gmt":"2025-07-28T16:09:09","slug":"marseille-des-familles-de-dealeurs-expulsees-de-leur-logement-le-prefet-nous-a-provoques","status":"publish","type":"post","link":"https:\/\/www.europesays.com\/fr\/279949\/","title":{"rendered":"Marseille. Des familles de dealeurs expuls\u00e9es de leur logement ? \u00ab\u00a0Le pr\u00e9fet nous a provoqu\u00e9s\u00a0\u00bb"},"content":{"rendered":"<p>            Par<br \/>\n        <strong><br \/>\n            <a href=\"https:\/\/actu.fr\/auteur\/thomas-blanc\" title=\"Consulter tous les articles de Thomas Blanc\" target=\"_blank\" rel=\"noopener\">Thomas Blanc<\/a><br \/>\n        <\/strong><\/p>\n<p>        Publi\u00e9 le<\/p>\n<p>            28 juil. 2025 \u00e0 17h39        <\/p>\n<p>Ce vendredi 25\u00a0juillet 2025, le pr\u00e9fet des <a href=\"https:\/\/actu.fr\/provence-alpes-cote-d-azur\/bouches-du-rhone_13\" target=\"_blank\" rel=\"noopener\">Bouches-du-Rh\u00f4ne<\/a>, Georges-Fran\u00e7ois Leclerc a fait usage de son nouveau pouvoir. La loi du 13\u00a0juin 2025 \u00ab\u2009visant \u00e0 sortir la France du pi\u00e8ge du <a href=\"https:\/\/actu.fr\/tag\/narcotrafiquants\" target=\"_blank\" rel=\"noopener\">narcotrafic<\/a>\u2009\u00bb lui permet de <strong>demander l\u2019expulsion<\/strong> de leurs <a href=\"https:\/\/actu.fr\/tag\/logements-sociaux\" target=\"_blank\" rel=\"noopener\">logements sociaux<\/a> des locataires <strong>d\u00e9linquants<\/strong> ainsi que celle de leurs familles. Dix foyers domicili\u00e9s \u00e0 <a href=\"https:\/\/actu.fr\/marseille\/\" target=\"_blank\" rel=\"noopener\">Marseille<\/a> et autour de l\u2019\u00e9tang de Berre sont cibl\u00e9s. Mais des <strong>recours<\/strong> commencent \u00e0 s\u2019organiser.<\/p>\n<p>\u00ab\u2009C\u2019est ce que l\u2019on craignait\u2009\u00bb<\/p>\n<p class=\" wall-content\">La <strong>loi contre le narcotrafic du 13\u00a0juin 2025<\/strong> \u00ab\u2009a introduit des dispositions nouvelles visant \u00e0 permettre l\u2019expulsion de locataires dont les agissements troublent gravement l\u2019ordre public dans l\u2019environnement du logement et d\u00e9gradent les conditions de vie des autres habitants\u2009\u00bb, pr\u00e9cise le pr\u00e9fet du d\u00e9partement.<\/p>\n<p class=\" wall-content\">\n<p class=\" wall-content\">En joignant la parole aux actes, il a donc engag\u00e9 <strong>dix proc\u00e9dures<\/strong> aupr\u00e8s de plusieurs bailleurs sociaux du d\u00e9partement afin d\u2019obtenir l\u2019expulsion d\u2019individus d\u00e9linquants de leurs logements sociaux. Ils devront plier leurs bagages mais \u00e9galement ceux de <strong>tous les membres de leurs familles<\/strong> vivant sous le m\u00eame toit.<\/p>\n<p class=\" wall-content\">La pr\u00e9fecture de police des Bouches-du-Rh\u00f4ne confirme \u00e0 actu Marseille\u00a0qu\u2019il s\u2019agit de \u00abd\u2019une proc\u00e9dure de r\u00e9siliation du bail\u00bb qui concernerait donc \u00ab\u2009en principe\u2009\u00bb toute la famille. M\u00eame si \u00ab\u2009c\u2019est le juge judiciaire qui, \u00e0 la fin, d\u00e9cide\u2009\u00bb, pr\u00e9cisent les autorit\u00e9s.<\/p>\n<p class=\" wall-content\">Cette situation en laisse plus d\u2019un sans voix. Parmi eux, Hassen Hammou, responsable du <strong>collectif Trop jeune pour mourir.<\/strong> \u00ab\u2009C\u2019est ce que l\u2019on craignait. La mani\u00e8re dont on traite ces probl\u00e8mes est assez curieuse, on entre dans un syst\u00e8me de double peine\u2009\u00bb, tranche-t-il.<\/p>\n<p>Des recours en r\u00e9flexion<\/p>\n<p class=\" wall-content\">Le collectif, d\u00e9j\u00e0 auteur d\u2019une <a href=\"https:\/\/www.mesopinions.com\/petition\/droits-homme\/delinquance-juvenile-aux-expulsions-collectives\/244169\" target=\"_blank\" rel=\"noopener\">p\u00e9tition<\/a> \u00e0 la fin du mois de juin contre cette mesure pr\u00e9cis\u00e9ment, compte engager <strong>des recours<\/strong> pour les familles concern\u00e9es.<\/p>\n<p class=\" wall-content\">\u00ab\u2009Nous allons identifier les cas et leur proposer notre aide, si les familles le souhaitent, pour organiser une <strong>r\u00e9ponse judiciaire au pr\u00e9fet<\/strong>. Pour cela nous devons attendre que la justice se saisisse des dossiers ce qui n\u2019est pas le cas \u00e0 l\u2019heure actuelle\u2009\u00bb, commente-t-il pour\u00a0actu Marseille Hassen Hammou, membre d\u2019EELV.<\/p>\n<p class=\" wall-content\">Ces recours peuvent \u00eatre multiples. Sur le plan judiciaire (que privil\u00e9gie le collectif), aller devant le <strong>Conseil d\u2019\u00c9tat<\/strong>, la plus haute juridiction de l\u2019ordre administratif, est une possibilit\u00e9 tout comme la <strong>Cour europ\u00e9enne des droits de l\u2019Homme<\/strong>.<\/p>\n<p class=\" wall-content\">Du c\u00f4t\u00e9 politique, Hassen Hammou \u00e9galement membre d\u2019<a href=\"https:\/\/actu.fr\/tag\/europe-ecologie-les-verts-eelv\" target=\"_blank\" rel=\"noopener\">Europe \u00c9cologie Les Verts<\/a>, assure qu\u2019un portage sera men\u00e9 par <strong>Sandrine Rousseau<\/strong> pour faire <strong>abroger<\/strong> cette partie de la loi.<\/p>\n<p>Les risques et le champ libre au trafic<\/p>\n<p class=\" wall-content\">Donner autant de pouvoir au pr\u00e9fet aura des cons\u00e9quences affirme le responsable du collectif, \u00ab\u2009le pr\u00e9fet surintervient dans des situations aussi d\u00e9licates et cela causera de la <strong>violence sociale<\/strong> en marquant les familles alors qu\u2019elles n\u2019ont pas commis de m\u00e9faits.\u2009\u00bb<\/p>\n<p class=\" wall-content\">\u00ab\u2009Ils mettent en \u0153uvre des politiques exp\u00e9ditives quand nous voulons faire respecter l\u2019individualisation de la peine, qui est faite pour ne pas engager la responsabilit\u00e9 de toute une famille pour des d\u00e9lits commis par une seule personne. Nous voulons le retour dans une <strong>justice pleine et enti\u00e8re<\/strong>\u2009\u00bb, a-t-il poursuivi.<\/p>\n<blockquote class=\"ac-article-quote wall-content\">\n<p>Le pr\u00e9fet nous a provoqu\u00e9, nous, responsables associatifs sur ce sujet en engageant ces proc\u00e9dures sans avoir r\u00e9pondu au pr\u00e9alable \u00e0 nos interrogations. <\/p>\n<p>    <strong>Hassen Hammou<\/strong><br \/>\n        Responsable du collectif Trop jeune pour mourir    <\/p><\/blockquote>\n<p class=\" wall-content\">Aussi, cette mesure ne permet pas de s\u2019attaquer aux r\u00e9seaux mais \u00e0 leurs premi\u00e8res victimes, les membres les plus bas de leur \u00e9chelle. \u00ab\u2009Encore une fois, on ne s\u2019attaque pas aux r\u00e9seaux, on laisse leur emprise se d\u00e9velopper et on punit ceux qui tombent dedans en leur disant \u2018d\u00e9brouillez-vous\u2019\u2009\u00bb, d\u00e9plore Hassen Hammou.<\/p>\n<p>D\u2019autres mesures dans un autre d\u00e9partement<\/p>\n<p class=\" wall-content\">Dans les <a href=\"https:\/\/actu.fr\/provence-alpes-cote-d-azur\/alpes-maritimes_06\" target=\"_blank\" rel=\"noopener\">Alpes-Maritimes<\/a>, le procureur de la R\u00e9publique du Tribunal de <a href=\"https:\/\/actu.fr\/provence-alpes-cote-d-azur\/grasse_06069\" target=\"_blank\" rel=\"noopener\">Grasse<\/a> a adopt\u00e9 la mise en place d\u2019un dispositif permettant de <strong>supprimer les prestations sociales<\/strong> vers\u00e9es aux trafiquants de drogue condamn\u00e9s.<\/p>\n<p class=\" wall-content\">Les montants touch\u00e9s gr\u00e2ce aux trafics sont d\u00e9sormais compt\u00e9s dans leurs revenus. Ainsi, les dealers condamn\u00e9s qui b\u00e9n\u00e9ficient d\u2019aides sociales verront leurs montants <strong>r\u00e9duits voire supprim\u00e9s<\/strong> et seront amen\u00e9s \u00e0 <strong>rembourser<\/strong> les sommes ind\u00fbment per\u00e7ues.<\/p>\n<p class=\" wall-content\">Ce dispositif in\u00e9dit\u00a0se traduit par un\u00a0protocole d\u2019accord\u00a0sign\u00e9 entre le Caisse d\u2019Allocations Familiales des Alpes-Maritimes, les parquets de Grasse et de <a href=\"https:\/\/actu.fr\/nice\/\" target=\"_blank\" rel=\"noopener\">Nice<\/a>, la direction interd\u00e9partementale de la police nationale des Alpes-Maritimes et le groupement de gendarmerie d\u00e9partementale des Alpes-Maritimes.<\/p>\n<p class=\" wall-content\">Suivez toute l\u2019actualit\u00e9 de vos villes et m\u00e9dias favoris en vous inscrivant \u00e0 <a href=\"https:\/\/moncompte.actu.fr\" title=\"D\u00e9couvez Mon Actu\" rel=\"nofollow noopener\" data-trk=\"{&quot;cta&quot;:{&quot;action&quot;:&quot;https:\\\/\\\/moncompte.actu.fr&quot;,&quot;category&quot;:&quot;mon compte&quot;,&quot;from&quot;:&quot;article footer&quot;,&quot;name&quot;:&quot;Mon actu&quot;,&quot;type&quot;:&quot;cta&quot;}}\" target=\"_blank\">Mon Actu<\/a>.<\/p>\n","protected":false},"excerpt":{"rendered":"Par Thomas Blanc Publi\u00e9 le 28 juil. 2025 \u00e0 17h39 Ce vendredi 25\u00a0juillet 2025, le pr\u00e9fet des Bouches-du-Rh\u00f4ne,&hellip;\n","protected":false},"author":2,"featured_media":279950,"comment_status":"","ping_status":"","sticky":false,"template":"","format":"standard","meta":{"footnotes":""},"categories":[2814],"tags":[1111,11,1777,674,7430,1011,27,6459,884,813,12,882,25,104],"class_list":{"0":"post-279949","1":"post","2":"type-post","3":"status-publish","4":"format-standard","5":"has-post-thumbnail","7":"category-marseille","8":"tag-actu","9":"tag-actualites","10":"tag-eu","11":"tag-europe","12":"tag-europe-ecologie-les-verts-eelv","13":"tag-fr","14":"tag-france","15":"tag-logements-sociaux","16":"tag-marseille","17":"tag-narcotrafiquants","18":"tag-news","19":"tag-provence-alpes-cote-dazur","20":"tag-republique-francaise","21":"tag-societe"},"share_on_mastodon":{"url":"https:\/\/pubeurope.com\/@fr\/114931733187976999","error":""},"_links":{"self":[{"href":"https:\/\/www.europesays.com\/fr\/wp-json\/wp\/v2\/posts\/279949","targetHints":{"allow":["GET"]}}],"collection":[{"href":"https:\/\/www.europesays.com\/fr\/wp-json\/wp\/v2\/posts"}],"about":[{"href":"https:\/\/www.europesays.com\/fr\/wp-json\/wp\/v2\/types\/post"}],"author":[{"embeddable":true,"href":"https:\/\/www.europesays.com\/fr\/wp-json\/wp\/v2\/users\/2"}],"replies":[{"embeddable":true,"href":"https:\/\/www.europesays.com\/fr\/wp-json\/wp\/v2\/comments?post=279949"}],"version-history":[{"count":0,"href":"https:\/\/www.europesays.com\/fr\/wp-json\/wp\/v2\/posts\/279949\/revisions"}],"wp:featuredmedia":[{"embeddable":true,"href":"https:\/\/www.europesays.com\/fr\/wp-json\/wp\/v2\/media\/279950"}],"wp:attachment":[{"href":"https:\/\/www.europesays.com\/fr\/wp-json\/wp\/v2\/media?parent=279949"}],"wp:term":[{"taxonomy":"category","embeddable":true,"href":"https:\/\/www.europesays.com\/fr\/wp-json\/wp\/v2\/categories?post=279949"},{"taxonomy":"post_tag","embeddable":true,"href":"https:\/\/www.europesays.com\/fr\/wp-json\/wp\/v2\/tags?post=279949"}],"curies":[{"name":"wp","href":"https:\/\/api.w.org\/{rel}","templated":true}]}}