{"id":279951,"date":"2025-07-28T16:10:14","date_gmt":"2025-07-28T16:10:14","guid":{"rendered":"https:\/\/www.europesays.com\/fr\/279951\/"},"modified":"2025-07-28T16:10:14","modified_gmt":"2025-07-28T16:10:14","slug":"des-parties-de-petanque-pour-lutter-contre-lisolement-des-plus-precaires-a-marseille","status":"publish","type":"post","link":"https:\/\/www.europesays.com\/fr\/279951\/","title":{"rendered":"Des parties de p\u00e9tanque pour lutter contre l&rsquo;isolement des plus pr\u00e9caires \u00e0 Marseille"},"content":{"rendered":"<p>Au pied de la <a href=\"https:\/\/www.laprovence.com\/article\/culture-loisirs\/1905885386204514\/la-cathedrale-de-la-major-a-marseille-recoit-les-grandioses-sculptures-en-verre-de-l-artiste-marcoville\" target=\"_blank\" rel=\"nofollow noopener\">cath\u00e9drale de la Major<\/a> (2e), Nicole, Juan, Pepito et son chiot Kira observent les boules de <a href=\"https:\/\/www.laprovence.com\/article\/culture-loisirs\/16788238436037\/la-petanque-fait-son-entree-au-musee-d-histoire-de-marseille\" target=\"_blank\" rel=\"nofollow noopener\">p\u00e9tanque<\/a> valser. Cette dr\u00f4le de bande vient \u00e0 peine de faire connaissance, et se r\u00e9unit ce soir-l\u00e0 au boulodrome avec pour objectif de tisser des liens, sortir de <a href=\"https:\/\/www.laprovence.com\/article\/sante\/1521512905206214\/la-solitude-un-fleau-a-l-origine-de-plus-de-871-000-deces-par-an-dans-le-monde\" target=\"_blank\" rel=\"nofollow noopener\">l\u2019isolement social.<\/a> Debout face \u00e0 eux, C\u00e9dric forme les \u00e9quipes d\u2019une main de fer. Le quinquag\u00e9naire a v\u00e9cu \u00e0 la rue pendant quatre ans, et est aujourd\u2019hui membre de l\u2019association l\u2019Entourage, \u00e0 l\u2019origine de l\u2019\u00e9v\u00e9nement.<\/p>\n<p>Des \u00e9v\u00e9nements ouverts \u00e0 tous<\/p>\n<p>\u00ab\u00a0L\u2019association s\u2019est cr\u00e9\u00e9e en\u00a02014 parce qu\u2019on ne connaissait pas les gens qui vivaient en bas de chez nous, ceux qu\u2019on croise tous les jours\u00a0\u00bb, explique Guillaume S\u00e9n\u00e9chal, responsable de la branche marseillaise d\u2019Entourage, qui existe depuis trois\u00a0ans. \u00ab\u00a0On s\u2019est rendu compte que ce n\u2019\u00e9tait plus seulement les <a href=\"https:\/\/www.laprovence.com\/article\/societe\/1794086779137914\/sans-abri-en-paca-au-moins-56-personnes-mortes-dans-la-rue-en-2024-dont-un-enfant-de-3-ans\" target=\"_blank\" rel=\"nofollow noopener\">personnes sans-abri<\/a> qui souffraient de l\u2019isolement, mais plus g\u00e9n\u00e9ralement des personnes pr\u00e9caires\u00a0: retrait\u00e9s, exil\u00e9s, parents solo\u2026\u00a0\u00bb<\/p>\n","protected":false},"excerpt":{"rendered":"Au pied de la cath\u00e9drale de la Major (2e), Nicole, Juan, Pepito et son chiot Kira observent les&hellip;\n","protected":false},"author":2,"featured_media":279952,"comment_status":"","ping_status":"","sticky":false,"template":"","format":"standard","meta":{"footnotes":""},"categories":[2814],"tags":[17,1111,11,1444,154,1777,674,1011,27,41942,2691,884,12,39830,6426,471,882,25,104],"class_list":{"0":"post-279951","1":"post","2":"type-post","3":"status-publish","4":"format-standard","5":"has-post-thumbnail","7":"category-marseille","8":"tag-17","9":"tag-actu","10":"tag-actualites","11":"tag-contre","12":"tag-des","13":"tag-eu","14":"tag-europe","15":"tag-fr","16":"tag-france","17":"tag-lisolement","18":"tag-lutter","19":"tag-marseille","20":"tag-news","21":"tag-parties","22":"tag-petanque","23":"tag-pour","24":"tag-provence-alpes-cote-dazur","25":"tag-republique-francaise","26":"tag-societe"},"share_on_mastodon":{"url":"https:\/\/pubeurope.com\/@fr\/114931736448140525","error":""},"_links":{"self":[{"href":"https:\/\/www.europesays.com\/fr\/wp-json\/wp\/v2\/posts\/279951","targetHints":{"allow":["GET"]}}],"collection":[{"href":"https:\/\/www.europesays.com\/fr\/wp-json\/wp\/v2\/posts"}],"about":[{"href":"https:\/\/www.europesays.com\/fr\/wp-json\/wp\/v2\/types\/post"}],"author":[{"embeddable":true,"href":"https:\/\/www.europesays.com\/fr\/wp-json\/wp\/v2\/users\/2"}],"replies":[{"embeddable":true,"href":"https:\/\/www.europesays.com\/fr\/wp-json\/wp\/v2\/comments?post=279951"}],"version-history":[{"count":0,"href":"https:\/\/www.europesays.com\/fr\/wp-json\/wp\/v2\/posts\/279951\/revisions"}],"wp:featuredmedia":[{"embeddable":true,"href":"https:\/\/www.europesays.com\/fr\/wp-json\/wp\/v2\/media\/279952"}],"wp:attachment":[{"href":"https:\/\/www.europesays.com\/fr\/wp-json\/wp\/v2\/media?parent=279951"}],"wp:term":[{"taxonomy":"category","embeddable":true,"href":"https:\/\/www.europesays.com\/fr\/wp-json\/wp\/v2\/categories?post=279951"},{"taxonomy":"post_tag","embeddable":true,"href":"https:\/\/www.europesays.com\/fr\/wp-json\/wp\/v2\/tags?post=279951"}],"curies":[{"name":"wp","href":"https:\/\/api.w.org\/{rel}","templated":true}]}}