{"id":279954,"date":"2025-07-28T16:12:10","date_gmt":"2025-07-28T16:12:10","guid":{"rendered":"https:\/\/www.europesays.com\/fr\/279954\/"},"modified":"2025-07-28T16:12:10","modified_gmt":"2025-07-28T16:12:10","slug":"un-couple-du-rhone-implique","status":"publish","type":"post","link":"https:\/\/www.europesays.com\/fr\/279954\/","title":{"rendered":"un couple du Rh\u00f4ne impliqu\u00e9"},"content":{"rendered":"<p>            Par<br \/>\n        <strong><br \/>\n            <a href=\"https:\/\/actu.fr\/auteur\/redaction-lyon\" title=\"Consulter tous les articles de R\u00e9daction Lyon\" rel=\"nofollow noopener\" target=\"_blank\">R\u00e9daction Lyon<\/a><br \/>\n        <\/strong><\/p>\n<p>        Publi\u00e9 le<\/p>\n<p>            28 juil. 2025 \u00e0 18h05        <\/p>\n<p>Un violent accident de la route a fait deux morts sur la N7 \u00e0 Gervans (Dr\u00f4me) dans la matin\u00e9e de ce samedi 26 juillet 2025 vers 5h30. <strong>Deux parents \u00e2g\u00e9s de 25 ans, d\u2019enfants de 2 et 4 ans, sont d\u00e9c\u00e9d\u00e9s<\/strong> dans le choc qui a impliqu\u00e9 une autre voiture venant en face. Leurs enfants sont l\u00e9g\u00e8rement bless\u00e9s.<\/p>\n<p class=\" wall-content\">Dans le v\u00e9hicule venant en face, une Citro\u00ebn, un couple originaire de la r\u00e9gion lyonnaise dans le Rh\u00f4ne qui a \u00e9t\u00e9 l\u00e9g\u00e8rement bless\u00e9, selon nos confr\u00e8res du <a href=\"https:\/\/c.ledauphine.com\/faits-divers-justice\/2025\/07\/28\/deux-enfants-de-4-et-2-ans-perdent-leurs-parents-dans-une-terrible-collision\" rel=\"nofollow noopener\" target=\"_blank\">Dauphin\u00e9 Lib\u00e9r\u00e9<\/a>. Les deux bless\u00e9s sont \u00e2g\u00e9s d\u2019une cinquantaine d\u2019ann\u00e9es. Toujours hospitalis\u00e9, le couple de Rhodaniens n\u2019avait toujours pas pu \u00eatre entendu par les enqu\u00eateurs ce lundi 28 juillet.<\/p>\n<p>    <a href=\"https:\/\/www.google.com\/maps\/embed?pb=!1m18!1m12!1m3!1d627153.7353446948!2d4.727487181323764!3d45.414028713986255!2m3!1f0!2f0!3f0!3m2!1i1024!2i768!4f13.1!3m3!1m2!1s0x47f543ecc95d7e1d%3A0x408ab2ae4bfb460!2s26600%20Gervans!5e1!3m2!1sfr!2sfr!4v1753718439498!5m2!1sfr!2sfr\" title=\"Ouvrie le lien\" rel=\"nofollow noopener\" target=\"_blank\">Cliquez ici pour visualiser le contenu<\/a><\/p>\n<p>Le conducteur d\u2019une Audi en fuite finalement arr\u00eat\u00e9<\/p>\n<p class=\" wall-content\">Un troisi\u00e8me v\u00e9hicule serait \u00e9galement impliqu\u00e9 dans l\u2019accident mortel : une Audi qui a percut\u00e9 dans un second temps la voiture des parents. Son conducteur a pris la fuite apr\u00e8s l\u2019accident. Ce dernier a \u00e9t\u00e9 interpell\u00e9 et plac\u00e9 en garde \u00e0 vue.<\/p>\n<p class=\" wall-content\">Le parquet de Valence en charge du dossier assure que \u00ab\u00a0des investigations sont en cours, notamment un examen approfondi des v\u00e9hicules\u00a0\u00bb et devrait pr\u00e9senter le troisi\u00e8me conducteur en vue d\u2019une mise en examen. L\u2019ouverture d\u2019une information judiciaire est pr\u00e9vue.<\/p>\n<p class=\" wall-content\">Suivez toute l\u2019actualit\u00e9 de vos villes et m\u00e9dias favoris en vous inscrivant \u00e0 <a href=\"https:\/\/moncompte.actu.fr\" title=\"D\u00e9couvez Mon Actu\" rel=\"nofollow noopener\" data-trk=\"{&quot;cta&quot;:{&quot;action&quot;:&quot;https:\\\/\\\/moncompte.actu.fr&quot;,&quot;category&quot;:&quot;mon compte&quot;,&quot;from&quot;:&quot;article footer&quot;,&quot;name&quot;:&quot;Mon actu&quot;,&quot;type&quot;:&quot;cta&quot;}}\" target=\"_blank\">Mon Actu<\/a>.<\/p>\n","protected":false},"excerpt":{"rendered":"Par R\u00e9daction Lyon Publi\u00e9 le 28 juil. 2025 \u00e0 18h05 Un violent accident de la route a fait&hellip;\n","protected":false},"author":2,"featured_media":279955,"comment_status":"","ping_status":"","sticky":false,"template":"","format":"standard","meta":{"footnotes":""},"categories":[1889],"tags":[119,1111,11,2430,1777,674,118,1011,27,2428,12,25],"class_list":{"0":"post-279954","1":"post","2":"type-post","3":"status-publish","4":"format-standard","5":"has-post-thumbnail","7":"category-lyon","8":"tag-accident","9":"tag-actu","10":"tag-actualites","11":"tag-auvergne-rhone-alpes","12":"tag-eu","13":"tag-europe","14":"tag-faits-divers","15":"tag-fr","16":"tag-france","17":"tag-lyon","18":"tag-news","19":"tag-republique-francaise"},"share_on_mastodon":{"url":"https:\/\/pubeurope.com\/@fr\/114931744369605026","error":""},"_links":{"self":[{"href":"https:\/\/www.europesays.com\/fr\/wp-json\/wp\/v2\/posts\/279954","targetHints":{"allow":["GET"]}}],"collection":[{"href":"https:\/\/www.europesays.com\/fr\/wp-json\/wp\/v2\/posts"}],"about":[{"href":"https:\/\/www.europesays.com\/fr\/wp-json\/wp\/v2\/types\/post"}],"author":[{"embeddable":true,"href":"https:\/\/www.europesays.com\/fr\/wp-json\/wp\/v2\/users\/2"}],"replies":[{"embeddable":true,"href":"https:\/\/www.europesays.com\/fr\/wp-json\/wp\/v2\/comments?post=279954"}],"version-history":[{"count":0,"href":"https:\/\/www.europesays.com\/fr\/wp-json\/wp\/v2\/posts\/279954\/revisions"}],"wp:featuredmedia":[{"embeddable":true,"href":"https:\/\/www.europesays.com\/fr\/wp-json\/wp\/v2\/media\/279955"}],"wp:attachment":[{"href":"https:\/\/www.europesays.com\/fr\/wp-json\/wp\/v2\/media?parent=279954"}],"wp:term":[{"taxonomy":"category","embeddable":true,"href":"https:\/\/www.europesays.com\/fr\/wp-json\/wp\/v2\/categories?post=279954"},{"taxonomy":"post_tag","embeddable":true,"href":"https:\/\/www.europesays.com\/fr\/wp-json\/wp\/v2\/tags?post=279954"}],"curies":[{"name":"wp","href":"https:\/\/api.w.org\/{rel}","templated":true}]}}