{"id":279956,"date":"2025-07-28T16:13:28","date_gmt":"2025-07-28T16:13:28","guid":{"rendered":"https:\/\/www.europesays.com\/fr\/279956\/"},"modified":"2025-07-28T16:13:28","modified_gmt":"2025-07-28T16:13:28","slug":"un-plan-durgence-deploye-la-vitesse-abaissee-sur-les-routes","status":"publish","type":"post","link":"https:\/\/www.europesays.com\/fr\/279956\/","title":{"rendered":"un plan d&rsquo;urgence d\u00e9ploy\u00e9, la vitesse abaiss\u00e9e sur les routes"},"content":{"rendered":"<p>            Par<br \/>\n        <strong><br \/>\n            <a href=\"https:\/\/actu.fr\/auteur\/redaction-paris\" title=\"Consulter tous les articles de R\u00e9daction Paris\" target=\"_blank\" rel=\"noopener\">R\u00e9daction Paris<\/a><br \/>\n        <\/strong><\/p>\n<p>        Publi\u00e9 le<\/p>\n<p>            20 nov. 2024 \u00e0 19h22        <\/p>\n<p>Un <strong>premier \u00e9pisode hivernal<\/strong> est attendu jeudi 21\u00a0novembre 2024 en <a href=\"https:\/\/actu.fr\/ile-de-france\/\" target=\"_blank\" rel=\"noopener\">\u00cele-de-France<\/a>. Alors qu\u2019un tapis d\u20191 \u00e0 3 cm de neige pourrait recouvrir <a href=\"https:\/\/actu.fr\/paris\/\" target=\"_blank\" rel=\"noopener\">Paris<\/a> et sa petite couronne, la r\u00e9gion a \u00e9t\u00e9 plac\u00e9e en <strong><a href=\"https:\/\/actu.fr\/ile-de-france\/paris_75056\/de-la-neige-a-paris-meteo-france-place-l-ile-de-france-en-vigilance-jaune_61887625.html\" target=\"_blank\" rel=\"noopener\">vigilance orange<\/a> neige et verglas<\/strong>. Les premiers flocons sont pr\u00e9vus pour la fin de matin\u00e9e. La pr\u00e9fecture de Police a mis en place un \u00ab\u2009dispositif d\u2019urgence\u2009\u00bb et anticip\u00e9 des restrictions de circulations sur les routes.<\/p>\n<p>Une vitesse abaiss\u00e9e sur les routes<\/p>\n<p class=\" wall-content\">Dans le cadre du<strong> plan neige \u2013 verglas<\/strong>, la vitesse est <strong>abaiss\u00e9e de 20\u00a0km\/h<\/strong> \u00e0 partir de 11\u00a0heures le 21\u00a0novembre et \u00ab\u2009jusqu\u2019\u00e0 l\u2019am\u00e9lioration des conditions m\u00e9t\u00e9orologiques\u2009\u00bb. De plus, les poids lourds de marchandises de plus de 7,5\u00a0t ne seront pas autoris\u00e9s \u00e0 d\u00e9passer sur les axes structurants d\u2019\u00cele-de-France.<\/p>\n<p class=\" wall-content\">\n<p class=\" wall-content\">Malgr\u00e9 les mesures de d\u00e9neigement et de salage des routes pr\u00e9vues, il faudra donc \u00eatre patients. Des ralentissements sont \u00e0 pr\u00e9voir, d\u2019autant plus que la journ\u00e9e est marqu\u00e9e par un<a href=\"https:\/\/actu.fr\/ile-de-france\/paris_75056\/greve-sncf-rer-transilien-les-perturbations-ligne-par-ligne-a-paris-et-en-ile-de-france_61886283.html\" target=\"_blank\" rel=\"noopener\"> mouvement de gr\u00e8ve<\/a> dans les transports en commun.<\/p>\n<p class=\" wall-content\">Suivez toute l\u2019actualit\u00e9 de vos villes et m\u00e9dias favoris en vous inscrivant \u00e0 <a href=\"https:\/\/moncompte.actu.fr\" title=\"D\u00e9couvez Mon Actu\" rel=\"nofollow noopener\" data-trk=\"{&quot;cta&quot;:{&quot;action&quot;:&quot;https:\\\/\\\/moncompte.actu.fr&quot;,&quot;category&quot;:&quot;mon compte&quot;,&quot;from&quot;:&quot;article footer&quot;,&quot;name&quot;:&quot;Mon actu&quot;,&quot;type&quot;:&quot;cta&quot;}}\" target=\"_blank\">Mon Actu<\/a>.<\/p>\n","protected":false},"excerpt":{"rendered":"Par R\u00e9daction Paris Publi\u00e9 le 20 nov. 2024 \u00e0 19h22 Un premier \u00e9pisode hivernal est attendu jeudi 21\u00a0novembre&hellip;\n","protected":false},"author":2,"featured_media":279957,"comment_status":"","ping_status":"","sticky":false,"template":"","format":"standard","meta":{"footnotes":""},"categories":[1592],"tags":[1111,11,3542,1777,674,1011,27,662,10584,12,626,25,5009,104],"class_list":{"0":"post-279956","1":"post","2":"type-post","3":"status-publish","4":"format-standard","5":"has-post-thumbnail","7":"category-ile-de-france","8":"tag-actu","9":"tag-actualites","10":"tag-circulation","11":"tag-eu","12":"tag-europe","13":"tag-fr","14":"tag-france","15":"tag-ile-de-france","16":"tag-neige","17":"tag-news","18":"tag-paris","19":"tag-republique-francaise","20":"tag-securite-routiere","21":"tag-societe"},"share_on_mastodon":{"url":"https:\/\/pubeurope.com\/@fr\/114931748223110324","error":""},"_links":{"self":[{"href":"https:\/\/www.europesays.com\/fr\/wp-json\/wp\/v2\/posts\/279956","targetHints":{"allow":["GET"]}}],"collection":[{"href":"https:\/\/www.europesays.com\/fr\/wp-json\/wp\/v2\/posts"}],"about":[{"href":"https:\/\/www.europesays.com\/fr\/wp-json\/wp\/v2\/types\/post"}],"author":[{"embeddable":true,"href":"https:\/\/www.europesays.com\/fr\/wp-json\/wp\/v2\/users\/2"}],"replies":[{"embeddable":true,"href":"https:\/\/www.europesays.com\/fr\/wp-json\/wp\/v2\/comments?post=279956"}],"version-history":[{"count":0,"href":"https:\/\/www.europesays.com\/fr\/wp-json\/wp\/v2\/posts\/279956\/revisions"}],"wp:featuredmedia":[{"embeddable":true,"href":"https:\/\/www.europesays.com\/fr\/wp-json\/wp\/v2\/media\/279957"}],"wp:attachment":[{"href":"https:\/\/www.europesays.com\/fr\/wp-json\/wp\/v2\/media?parent=279956"}],"wp:term":[{"taxonomy":"category","embeddable":true,"href":"https:\/\/www.europesays.com\/fr\/wp-json\/wp\/v2\/categories?post=279956"},{"taxonomy":"post_tag","embeddable":true,"href":"https:\/\/www.europesays.com\/fr\/wp-json\/wp\/v2\/tags?post=279956"}],"curies":[{"name":"wp","href":"https:\/\/api.w.org\/{rel}","templated":true}]}}