{"id":279958,"date":"2025-07-28T16:16:10","date_gmt":"2025-07-28T16:16:10","guid":{"rendered":"https:\/\/www.europesays.com\/fr\/279958\/"},"modified":"2025-07-28T16:16:10","modified_gmt":"2025-07-28T16:16:10","slug":"mcfly-et-carlito-inaugurent-un-toboggan-a-leur-nom-au-centre-aquatique-olympique-de-colombes","status":"publish","type":"post","link":"https:\/\/www.europesays.com\/fr\/279958\/","title":{"rendered":"McFly et Carlito inaugurent un toboggan \u00e0 leur nom au centre aquatique olympique de Colombes"},"content":{"rendered":"<p>            Par<br \/>\n        <strong><br \/>\n            <a href=\"https:\/\/actu.fr\/auteur\/redaction-paris\" title=\"Consulter tous les articles de R\u00e9daction Paris\" rel=\"nofollow noopener\" target=\"_blank\">R\u00e9daction Paris<\/a><br \/>\n        <\/strong><\/p>\n<p>        Publi\u00e9 le<\/p>\n<p>            28 juil. 2025 \u00e0 18h04        <\/p>\n<p>Dans une s\u00e9quence un peu loufoque, dont les deux acolytes ont le secret, les <a href=\"https:\/\/actu.fr\/ile-de-france\/nanterre_92050\/apres-une-journee-a-l-universite-paris-nanterre-mcfy-et-carlito-s-attirent-les-foudres-des-etudiants_62412219.html\" rel=\"nofollow noopener\" target=\"_blank\">YouTubers McFly et Carlito<\/a> ont inaugur\u00e9 le toboggan de la <a href=\"https:\/\/actu.fr\/ile-de-france\/colombes_92025\/en-images-a-quelques-jours-des-jo-de-paris-2024-la-piscine-olympique-de-colombes-enfin-prete_61350250.html\" rel=\"nofollow noopener\" target=\"_blank\">piscine olympique<\/a> Laure et Florent Manaudou \u00e0 Colombes. Une \u00ab\u2009surprise\u2009\u00bb concoct\u00e9e par les rappeurs <strong>BigFlo<\/strong> et <strong>Oli,<\/strong> avec l\u2019aide du maire EELV de la ville, Patrick Chaimovitch.<\/p>\n<p>\u00ab\u2009\u00c0\u00a0partir d\u2019aujourd\u2019hui et pour l\u2019\u00e9ternit\u00e9\u2009\u00bb<\/p>\n<p class=\" wall-content\">\u00ab\u2009C\u2019est l\u00e0 que <strong>j\u2019ai fait du plongeon pendant 10\u00a0ans<\/strong>. Elle a compl\u00e8tement chang\u00e9, mais je me souviens, mon grand-p\u00e8re m\u2019attendait l\u00e0, dans les gradins, pendant les cours\u2009\u00bb, confie McFly en arrivant devant le centre aquatique flambant neuf.<\/p>\n<p class=\" wall-content\">Apr\u00e8s un bref tour des locaux, la petite troupe, accompagn\u00e9e de quelques \u00e9lus du Conseil communal des enfants, se place devant le fameux toboggan. \u00ab\u2009Messieurs, \u00e0 partir d\u2019aujourd\u2019hui et pour l\u2019\u00e9ternit\u00e9, <strong>je vous pr\u00e9sente le toboggan McFly et Carlito<\/strong>\u2009\u00bb, annoncent alors solennellement Big Flo et Oli avant de laisser la parole au maire de Colombes, perch\u00e9 sur les marches de la structure.<\/p>\n<p class=\" wall-content\">\n<p class=\" wall-content\">\u00ab\u2009En tant que maire de Colombes et au nom de tous les Colombiens et de toutes les Colombiennes, soyez les bienvenus. [\u2026] De vos studios de Colombes, <strong>vous faites rire la France enti\u00e8re<\/strong>. Aujourd\u2019hui, nous vous remercions de la plus belle des mani\u00e8res. [\u2026] Sans plus attendre, je vous propose de me rejoindre pour que l\u2019on \u00e9crive ensemble l\u2019histoire de la ville de Colombes.\u2009\u00bb<\/p>\n<p class=\" wall-content\">Surprise visiblement r\u00e9ussie. \u00ab\u2009J\u2019ai tellement de souvenirs, j\u2019ai envie de pleurer un peu\u2009\u00bb, s\u2019\u00e9meut McFly en grimpant l\u2019escalier, suivi de pr\u00e8s par Carlito qui se voit d\u00e9j\u00e0 \u00ab\u2009venir avec les petits\u2009\u00bb et leur dire \u00ab\u2009c\u2019est <strong>le toboggan de papa<\/strong>\u2009\u00bb.<\/p>\n<p class=\" wall-content\">Une c\u00e9r\u00e9monie qui s\u2019est donc poursuivie par la d\u00e9coupe du ruban bleu blanc rouge, le d\u00e9voilement d\u2019une plaque officielle de la ville de Colombes et un test du toboggan par les deux YouTubers. Verdict\u2009: \u00ab\u2009Les amis, c\u2019est <strong>le toboggan le plus fou<\/strong> de France.\u2009\u00bb<\/p>\n<p class=\" wall-content\">Suivez toute l\u2019actualit\u00e9 de vos villes et m\u00e9dias favoris en vous inscrivant \u00e0 <a href=\"https:\/\/moncompte.actu.fr\" title=\"D\u00e9couvez Mon Actu\" rel=\"nofollow noopener\" data-trk=\"{&quot;cta&quot;:{&quot;action&quot;:&quot;https:\\\/\\\/moncompte.actu.fr&quot;,&quot;category&quot;:&quot;mon compte&quot;,&quot;from&quot;:&quot;article footer&quot;,&quot;name&quot;:&quot;Mon actu&quot;,&quot;type&quot;:&quot;cta&quot;}}\" target=\"_blank\">Mon Actu<\/a>.<\/p>\n","protected":false},"excerpt":{"rendered":"Par R\u00e9daction Paris Publi\u00e9 le 28 juil. 2025 \u00e0 18h04 Dans une s\u00e9quence un peu loufoque, dont les&hellip;\n","protected":false},"author":2,"featured_media":279959,"comment_status":"","ping_status":"","sticky":false,"template":"","format":"standard","meta":{"footnotes":""},"categories":[1888],"tags":[1111,1928,11,1927,1777,674,1011,27,1757,12,1926,626,1925,25,2784],"class_list":{"0":"post-279958","1":"post","2":"type-post","3":"status-publish","4":"format-standard","5":"has-post-thumbnail","7":"category-paris","8":"tag-actu","9":"tag-actu-paris","10":"tag-actualites","11":"tag-actualites-paris","12":"tag-eu","13":"tag-europe","14":"tag-fr","15":"tag-france","16":"tag-insolite","17":"tag-news","18":"tag-news-paris","19":"tag-paris","20":"tag-paris-news","21":"tag-republique-francaise","22":"tag-youtube"},"share_on_mastodon":{"url":"https:\/\/pubeurope.com\/@fr\/114931760097879031","error":""},"_links":{"self":[{"href":"https:\/\/www.europesays.com\/fr\/wp-json\/wp\/v2\/posts\/279958","targetHints":{"allow":["GET"]}}],"collection":[{"href":"https:\/\/www.europesays.com\/fr\/wp-json\/wp\/v2\/posts"}],"about":[{"href":"https:\/\/www.europesays.com\/fr\/wp-json\/wp\/v2\/types\/post"}],"author":[{"embeddable":true,"href":"https:\/\/www.europesays.com\/fr\/wp-json\/wp\/v2\/users\/2"}],"replies":[{"embeddable":true,"href":"https:\/\/www.europesays.com\/fr\/wp-json\/wp\/v2\/comments?post=279958"}],"version-history":[{"count":0,"href":"https:\/\/www.europesays.com\/fr\/wp-json\/wp\/v2\/posts\/279958\/revisions"}],"wp:featuredmedia":[{"embeddable":true,"href":"https:\/\/www.europesays.com\/fr\/wp-json\/wp\/v2\/media\/279959"}],"wp:attachment":[{"href":"https:\/\/www.europesays.com\/fr\/wp-json\/wp\/v2\/media?parent=279958"}],"wp:term":[{"taxonomy":"category","embeddable":true,"href":"https:\/\/www.europesays.com\/fr\/wp-json\/wp\/v2\/categories?post=279958"},{"taxonomy":"post_tag","embeddable":true,"href":"https:\/\/www.europesays.com\/fr\/wp-json\/wp\/v2\/tags?post=279958"}],"curies":[{"name":"wp","href":"https:\/\/api.w.org\/{rel}","templated":true}]}}