{"id":279960,"date":"2025-07-28T16:17:13","date_gmt":"2025-07-28T16:17:13","guid":{"rendered":"https:\/\/www.europesays.com\/fr\/279960\/"},"modified":"2025-07-28T16:17:13","modified_gmt":"2025-07-28T16:17:13","slug":"le-patron-de-telegram-pavel-durov-au-tribunal-de-paris-pour-un-interrogatoire","status":"publish","type":"post","link":"https:\/\/www.europesays.com\/fr\/279960\/","title":{"rendered":"Le patron de Telegram Pavel Durov au tribunal de Paris pour un interrogatoire"},"content":{"rendered":"<p>Le fondateur de la messagerie Telegram Pavel Durov est interrog\u00e9 lundi par les juges d&rsquo;instruction charg\u00e9s des investigations \u00e0 Paris sur la complicit\u00e9 \u00e9ventuelle de la plateforme avec des agissements criminels, a-t-on appris de sources proches du dossier.<\/p>\n<p>L&rsquo;entrepreneur russe de 40 ans, costume et casquette noirs, est arriv\u00e9 vers 10H00 au tribunal judiciaire de Paris.<\/p>\n<p>Accompagn\u00e9 de quatre de ses avocats, David-Olivier Kaminski, Christophe Ingrain, Robin Binsard et Isaac Arnoud, il a ensuite rejoint le bureau des deux juges d&rsquo;instruction charg\u00e9s de cette affaire.<\/p>\n<p>Ni M. Durov, ni ses conseils n&rsquo;ont souhait\u00e9 s&rsquo;exprimer.<\/p>\n<p>Pavel Durov, naturalis\u00e9 fran\u00e7ais en 2021, \u00e9tait convoqu\u00e9 pour un interrogatoire au fond, le troisi\u00e8me depuis sa mise en examen en ao\u00fbt 2024 pour une litanie d&rsquo;infractions relevant de la criminalit\u00e9 organis\u00e9e.<\/p>\n<p>La justice fran\u00e7aise lui reproche globalement de ne pas agir contre la diffusion de contenus criminels sur sa messagerie.<\/p>\n<p>Lors de son premi\u00e8re interrogatoire au fond en d\u00e9cembre, il avait reconnu avoir \u00ab\u00a0pris connaissance en garde \u00e0 vue de la gravit\u00e9 des faits\u00a0\u00bb reproch\u00e9s \u00e0 sa plateforme.<\/p>\n<p>Il avait assur\u00e9 ne pas avoir cr\u00e9\u00e9 Telegram en 2013 avec son fr\u00e8re \u00ab\u00a0pour les criminels\u00a0\u00bb mais leur pr\u00e9sence, \u00ab\u00a0une fraction minime\u00a0\u00bb, \u00ab\u00a0a aussi augment\u00e9\u00a0\u00bb, avait-il admis. Et promis d'\u00a0\u00bbam\u00e9liorer\u00a0\u00bb les processus de mod\u00e9ration.<\/p>\n<p>Depuis l&rsquo;interpellation de Pavel Durov \u00e0 sa descente d&rsquo;avion fin ao\u00fbt 2024 \u00e0 l&rsquo;a\u00e9roport du Bourget, les autorit\u00e9s judiciaires constatent une meilleure collaboration de Telegram, ont rapport\u00e9 \u00e0 l&rsquo;AFP des acteurs de la criminalit\u00e9 organis\u00e9e notamment.<\/p>\n<p>Pavel Durov a vu son contr\u00f4le judiciaire \u00eatre all\u00e9g\u00e9 par la cour d&rsquo;appel de Paris et peut, depuis le 10 juillet, se rendre \u00e0 Duba\u00ef, o\u00f9 il s&rsquo;est \u00e9tabli, \u00ab\u00a0pour des dur\u00e9es de 14 jours cons\u00e9cutifs au maximum\u00a0\u00bb apr\u00e8s en avoir inform\u00e9 les juges d&rsquo;instruction.<\/p>\n<p>Selon une source proche du dossier, ses avocats ont d\u00e9pos\u00e9 aupr\u00e8s de la cour d&rsquo;appel de Paris des requ\u00eates en nullit\u00e9 et d&rsquo;autres recours contre la proc\u00e9dure.<\/p>\n<p>Ont \u00e9galement \u00e9t\u00e9 d\u00e9pos\u00e9es une question prioritaire de constitutionnalit\u00e9 (QPC) devant la justice fran\u00e7aise et une question pr\u00e9judicielle \u00e0 la Cour de justice de l&rsquo;Union europ\u00e9enne, selon cette m\u00eame source.<\/p>\n<p>bur-mk\/asl\/abl<\/p>\n","protected":false},"excerpt":{"rendered":"Le fondateur de la messagerie Telegram Pavel Durov est interrog\u00e9 lundi par les juges d&rsquo;instruction charg\u00e9s des investigations&hellip;\n","protected":false},"author":2,"featured_media":279961,"comment_status":"","ping_status":"","sticky":false,"template":"","format":"standard","meta":{"footnotes":""},"categories":[1888],"tags":[1111,1928,11,1927,41943,1777,674,1011,27,22272,1249,12,1926,626,1925,22949,25,22806],"class_list":{"0":"post-279960","1":"post","2":"type-post","3":"status-publish","4":"format-standard","5":"has-post-thumbnail","7":"category-paris","8":"tag-actu","9":"tag-actu-paris","10":"tag-actualites","11":"tag-actualites-paris","12":"tag-david-olivier-kaminski","13":"tag-eu","14":"tag-europe","15":"tag-fr","16":"tag-france","17":"tag-juges-dinstruction","18":"tag-justice-francaise","19":"tag-news","20":"tag-news-paris","21":"tag-paris","22":"tag-paris-news","23":"tag-pavel-durov","24":"tag-republique-francaise","25":"tag-telegram"},"share_on_mastodon":{"url":"https:\/\/pubeurope.com\/@fr\/114931764081491557","error":""},"_links":{"self":[{"href":"https:\/\/www.europesays.com\/fr\/wp-json\/wp\/v2\/posts\/279960","targetHints":{"allow":["GET"]}}],"collection":[{"href":"https:\/\/www.europesays.com\/fr\/wp-json\/wp\/v2\/posts"}],"about":[{"href":"https:\/\/www.europesays.com\/fr\/wp-json\/wp\/v2\/types\/post"}],"author":[{"embeddable":true,"href":"https:\/\/www.europesays.com\/fr\/wp-json\/wp\/v2\/users\/2"}],"replies":[{"embeddable":true,"href":"https:\/\/www.europesays.com\/fr\/wp-json\/wp\/v2\/comments?post=279960"}],"version-history":[{"count":0,"href":"https:\/\/www.europesays.com\/fr\/wp-json\/wp\/v2\/posts\/279960\/revisions"}],"wp:featuredmedia":[{"embeddable":true,"href":"https:\/\/www.europesays.com\/fr\/wp-json\/wp\/v2\/media\/279961"}],"wp:attachment":[{"href":"https:\/\/www.europesays.com\/fr\/wp-json\/wp\/v2\/media?parent=279960"}],"wp:term":[{"taxonomy":"category","embeddable":true,"href":"https:\/\/www.europesays.com\/fr\/wp-json\/wp\/v2\/categories?post=279960"},{"taxonomy":"post_tag","embeddable":true,"href":"https:\/\/www.europesays.com\/fr\/wp-json\/wp\/v2\/tags?post=279960"}],"curies":[{"name":"wp","href":"https:\/\/api.w.org\/{rel}","templated":true}]}}