{"id":279966,"date":"2025-07-28T16:20:15","date_gmt":"2025-07-28T16:20:15","guid":{"rendered":"https:\/\/www.europesays.com\/fr\/279966\/"},"modified":"2025-07-28T16:20:15","modified_gmt":"2025-07-28T16:20:15","slug":"donald-trump-donne-dix-a-douze-jours-a-vladimir-poutine-pour-arreter-la-guerre","status":"publish","type":"post","link":"https:\/\/www.europesays.com\/fr\/279966\/","title":{"rendered":"Donald Trump donne \u00ab\u00a0dix \u00e0 douze jours\u00a0\u00bb \u00e0 Vladimir Poutine pour arr\u00eater la guerre"},"content":{"rendered":"<p>   Un vol commercial en provenance de Moscou a atterri \u00e0 Pyongyang, renfor\u00e7ant la coop\u00e9ration entre la Russie et la Cor\u00e9e du Nord             <\/p>\n<p class=\"post__live-container--answer-text post__space-node\">Un vol commercial en provenance de Moscou a atterri lundi \u00e0 Pyongyang, selon un site de suivi du trafic a\u00e9rien, Flight Aware, et des agences de presse russes\u00a0; une premi\u00e8re depuis des d\u00e9cennies marquant une nouvelle \u00e9tape dans la coop\u00e9ration entre la Russie et la Cor\u00e9e du Nord. Selon Flight Aware, un Boeing 777 de la compagnie russe Nordwind Airlines s\u2019est pos\u00e9 au principal a\u00e9roport de la capitale nord-cor\u00e9enne \u00e0 9\u00a0h\u00a015 (2\u00a0h\u00a015, \u00e0 Paris), inaugurant la connexion a\u00e9rienne.<\/p>\n<p class=\"post__live-container--answer-text post__space-node\">Celle-ci repr\u00e9sente une avanc\u00e9e suppl\u00e9mentaire dans le partenariat Moscou-Pyongyang, qui se d\u00e9veloppe \u00e0 grande vitesse depuis l\u2019invasion russe de l\u2019Ukraine, lanc\u00e9e en f\u00e9vrier\u00a02022. La Cor\u00e9e du Nord a activement particip\u00e9 \u00e0 l\u2019effort de guerre de son alli\u00e9 en lui fournissant des milliers de soldats, en plus d\u2019armes et de munitions. Selon Moscou, la nouvelle ligne a\u00e9rienne doit \u00eatre desservie une fois par mois. Nordwind Airlines proposait des billets \u00e0 quelque 45\u00a0000\u00a0roubles (484\u00a0euros).<\/p>\n<p>                 <img decoding=\"async\" class=\"post__live-container--img post__space-node\"  src=\"https:\/\/www.europesays.com\/fr\/wp-content\/uploads\/2025\/07\/2c16952_ftp-import-images-1-ikpzw83vggjt-e3526e8eb1dd44d3b46c473fb2eef596-0-e19fed3591f14149ad4c2781.jpeg\" data- alt=\"Au comptoir d\u2019enregistrement du vol reliant Moscou et Pyongyang, \u00e0 l\u2019a\u00e9roport international Cheremetievo, le 27\u00a0juillet 2025.\"\/>   Au comptoir d\u2019enregistrement du vol reliant Moscou et Pyongyang, \u00e0 l\u2019a\u00e9roport international Cheremetievo, le 27\u00a0juillet 2025. AP               <\/p>\n<p class=\"post__live-container--answer-text post__space-node\">Dans une vid\u00e9o publi\u00e9e par l\u2019agence de presse officielle russe RIA Novosti sur Telegram, on peut voir des responsables et personnels de bord nord-cor\u00e9ens accueillir les voyageurs russes avec des fleurs \u00e0 l\u2019a\u00e9roport international de Pyongyang. L\u2019un d\u2019eux v\u00e9rifie la temp\u00e9rature des arrivants avec un thermom\u00e8tre \u00e9lectronique. Selon RIA Novosti, la d\u00e9l\u00e9gation russe \u00e9tait men\u00e9e par le ministre des ressources naturelles, Alexandre Kozlov. <a href=\"https:\/\/tass.com\/society\/1994865\" target=\"_blank\" rel=\"noopener nofollow\" title=\"Nouvelle fen\u00eatre\">Selon TASS<\/a>, le premier vol de Pyongyang \u00e0 destination de Moscou doit d\u00e9coller mardi.<\/p>\n<p class=\"post__live-container--answer-text post__space-node\">Les deux capitales sont unies depuis 2024 par un pacte de d\u00e9fense mutuel et ont r\u00e9cemment r\u00e9affirm\u00e9 leur alliance. A la mi-juillet, le dirigeant nord-cor\u00e9en, Kim Jong-un, a notamment assur\u00e9 Moscou de son soutien \u00ab\u00a0inconditionnel\u00a0\u00bb contre l\u2019Ukraine, lors d\u2019une visite du chef de la diplomatie russe, Sergue\u00ef Lavrov.<\/p>\n","protected":false},"excerpt":{"rendered":"Un vol commercial en provenance de Moscou a atterri \u00e0 Pyongyang, renfor\u00e7ant la coop\u00e9ration entre la Russie et&hellip;\n","protected":false},"author":2,"featured_media":279967,"comment_status":"","ping_status":"","sticky":false,"template":"","format":"standard","meta":{"footnotes":""},"categories":[1591],"tags":[11,1887,12,1885,1886,132],"class_list":{"0":"post-279966","1":"post","2":"type-post","3":"status-publish","4":"format-standard","5":"has-post-thumbnail","7":"category-russie","8":"tag-actualites","9":"tag-federation-de-russie","10":"tag-news","11":"tag-russia","12":"tag-russian-federation","13":"tag-russie"},"share_on_mastodon":{"url":"https:\/\/pubeurope.com\/@fr\/114931776019557322","error":""},"_links":{"self":[{"href":"https:\/\/www.europesays.com\/fr\/wp-json\/wp\/v2\/posts\/279966","targetHints":{"allow":["GET"]}}],"collection":[{"href":"https:\/\/www.europesays.com\/fr\/wp-json\/wp\/v2\/posts"}],"about":[{"href":"https:\/\/www.europesays.com\/fr\/wp-json\/wp\/v2\/types\/post"}],"author":[{"embeddable":true,"href":"https:\/\/www.europesays.com\/fr\/wp-json\/wp\/v2\/users\/2"}],"replies":[{"embeddable":true,"href":"https:\/\/www.europesays.com\/fr\/wp-json\/wp\/v2\/comments?post=279966"}],"version-history":[{"count":0,"href":"https:\/\/www.europesays.com\/fr\/wp-json\/wp\/v2\/posts\/279966\/revisions"}],"wp:featuredmedia":[{"embeddable":true,"href":"https:\/\/www.europesays.com\/fr\/wp-json\/wp\/v2\/media\/279967"}],"wp:attachment":[{"href":"https:\/\/www.europesays.com\/fr\/wp-json\/wp\/v2\/media?parent=279966"}],"wp:term":[{"taxonomy":"category","embeddable":true,"href":"https:\/\/www.europesays.com\/fr\/wp-json\/wp\/v2\/categories?post=279966"},{"taxonomy":"post_tag","embeddable":true,"href":"https:\/\/www.europesays.com\/fr\/wp-json\/wp\/v2\/tags?post=279966"}],"curies":[{"name":"wp","href":"https:\/\/api.w.org\/{rel}","templated":true}]}}