{"id":279968,"date":"2025-07-28T16:21:13","date_gmt":"2025-07-28T16:21:13","guid":{"rendered":"https:\/\/www.europesays.com\/fr\/279968\/"},"modified":"2025-07-28T16:21:13","modified_gmt":"2025-07-28T16:21:13","slug":"uar-15-un-fusil-dassaut-made-in-ukraine-pour-moderniser-larsenal-de-kiev","status":"publish","type":"post","link":"https:\/\/www.europesays.com\/fr\/279968\/","title":{"rendered":"UAR-15, un fusil d&rsquo;assaut \u00ab\u00a0made in Ukraine\u00a0\u00bb pour moderniser l&rsquo;arsenal de Kiev"},"content":{"rendered":"<ul class=\"jsx-862013697 ArticleChapo__List\">\n<li class=\"jsx-862013697 ArticleChapo__List_Item flex\">L&rsquo;arm\u00e9e ukrainienne dispose d&rsquo;un nouveau fusil d&rsquo;assaut, l&rsquo;UAR-15.<\/li>\n<li class=\"jsx-862013697 ArticleChapo__List_Item flex\">Plus moderne que les armes de l&rsquo;\u00e8re sovi\u00e9tique, il dispose aussi de la qualit\u00e9 d&rsquo;\u00eatre fabriqu\u00e9 en Ukraine.<\/li>\n<\/ul>\n<p data-module=\"article-paragraph\" class=\"jsx-3046738180 Paragraph Paragraph__End\">Une nouvelle arme pour les Ukrainiens. Plus de trois ans apr\u00e8s <a href=\"https:\/\/www.tf1info.fr\/international\/guerre-ukraine-russie-3-ans-apres-le-debut-de-l-invasion-russe-comment-les-ukrainiens-sont-devenus-les-as-des-drones-2355656.html\" target=\"_blank\" rel=\"noopener\">le d\u00e9but de l&rsquo;invasion russe<\/a>, les soldats ukrainiens vont bient\u00f4t disposer d&rsquo;un nouveau fusil d&rsquo;assaut entre les mains : l&rsquo;UAR-15. Fabriqu\u00e9 en Ukraine, il doit remplacer les AK-74, qui datent de l&rsquo;\u00e9poque sovi\u00e9tique. D&rsquo;apr\u00e8s les experts militaires, ce nouveau fusil est plus pratique et plus pr\u00e9cis, et s&rsquo;adapte mieux aux conditions de guerre modernes.<\/p>\n<p>\u00ab\u00a0Plus maniable et plus pratique\u00a0\u00bb<\/p>\n<p data-module=\"article-paragraph\" class=\"jsx-3046738180 Paragraph\">Il a d&rsquo;ailleurs d\u00e9j\u00e0 \u00e9t\u00e9 test\u00e9 par des soldats, ceux de la 15\u1d49 brigade op\u00e9rationnelle de Khartiia de la Garde nationale d&rsquo;Ukraine. \u00ab\u00a0Il est plus maniable, plus pratique, et une fois rod\u00e9, il est tr\u00e8s pr\u00e9cis\u00a0\u00bb, s&rsquo;est r\u00e9joui l&rsquo;un d&rsquo;eux, dans des propos rapport\u00e9s par Reuters. \u00ab\u00a0L&rsquo;UAR-15 p\u00e8se moins que l&rsquo;AK-74. Il est beaucoup plus facile de l&rsquo;utiliser pour tirer sur des drones\u00a0\u00bb, <a href=\"https:\/\/www.tf1info.fr\/international\/verif-guerre-en-ukraine-que-sait-on-de-ces-images-de-pick-up-stellantis-d-ou-decollent-des-drones-russes-2384678.html\" target=\"_blank\" rel=\"noopener\">particuli\u00e8rement utilis\u00e9s par Moscou (nouvelle fen\u00eatre)<\/a>.<\/p>\n<p data-module=\"article-paragraph\" class=\"jsx-3046738180 Paragraph Paragraph__End\">Plusieurs versions de ce nouveau fusil d&rsquo;assaut existent, notamment en variant la longueur des canons. \u00ab\u00a0La configuration est modulaire : il est possible d&rsquo;installer un dispositif de r\u00e9duction du niveau sonore des tirs, des viseurs et d&rsquo;autres accessoires tactiques\u00a0\u00bb, \u00e9crivait ainsi le minist\u00e8re ukrainien de la D\u00e9fense en 2024 <a href=\"https:\/\/x.com\/DefenceU\/status\/1778704607788531940\" target=\"_blank\">sur X (nouvelle fen\u00eatre)<\/a>.<\/p>\n<p><a href=\"https:\/\/www.tf1info.fr\/international\/guerre-en-ukraine-la-chine-fournit-massivement-la-russie-affirme-l-ambassadrice-americaine-dorothy-shea-2385405.html\" rel=\"noopener\" class=\"jsx-3308031228 Link flex\" target=\"_blank\"><img decoding=\"async\" src=\"https:\/\/www.europesays.com\/fr\/wp-content\/uploads\/2025\/07\/armee-russe-guerre-en-ukraine-20h-tf1-30-avril-2023-d18b92-1@1x.jpeg\" alt=\"Un blind\u00e9 russe sur la ligne de front. Illustration.\" loading=\"lazy\" importance=\"low\" fetchpriority=\"low\" class=\"\" aria-hidden=\"true\"\/><\/p>\n<p class=\"jsx-3657663356 ReadMoreArticle__Title\">Lire aussi<\/p>\n<p class=\"jsx-3657663356\">Guerre en Ukraine : \u00ab\u00a0La Chine fournit massivement la Russie\u00a0\u00bb, affirme l&rsquo;ambassadrice am\u00e9ricaine Dorothy Shea<\/p>\n<p><\/a><\/p>\n<p data-module=\"article-paragraph\" class=\"jsx-3046738180 Paragraph Paragraph__End\">Ces modifications dans l&rsquo;arsenal de l&rsquo;arm\u00e9e ukrainienne s&rsquo;inscrivent dans un cadre plus large pour que Kiev dispose d&rsquo;\u00e9quipements aux normes de l&rsquo;Otan, qu&rsquo;elle entend rejoindre. Elles permettent aussi \u00e0 l&rsquo;Ukraine de gagner en ind\u00e9pendance et de produire un peu plus d&rsquo;armes localement, m\u00eame si les canons du fusil UAR-15 resteront import\u00e9s de l&rsquo;ext\u00e9rieur, en l&rsquo;occurrence des \u00c9tats-Unis.<\/p>\n<p>La r\u00e9daction de TF1info<\/p>\n","protected":false},"excerpt":{"rendered":"L&rsquo;arm\u00e9e ukrainienne dispose d&rsquo;un nouveau fusil d&rsquo;assaut, l&rsquo;UAR-15. Plus moderne que les armes de l&rsquo;\u00e8re sovi\u00e9tique, il dispose&hellip;\n","protected":false},"author":2,"featured_media":279969,"comment_status":"","ping_status":"","sticky":false,"template":"","format":"standard","meta":{"footnotes":""},"categories":[1590],"tags":[1111,11,1921,5925,73,1777,674,1922,1916,12,220,1917,133,1920],"class_list":{"0":"post-279968","1":"post","2":"type-post","3":"status-publish","4":"format-standard","5":"has-post-thumbnail","7":"category-ukraine","8":"tag-actu","9":"tag-actualites","10":"tag-article-video","11":"tag-conflits-et-guerre","12":"tag-etats-unis","13":"tag-eu","14":"tag-europe","15":"tag-info","16":"tag-moscou","17":"tag-news","18":"tag-ukraine","19":"tag-ukraine-4-annee-de-guerre","20":"tag-video","21":"tag-video-international"},"share_on_mastodon":{"url":"https:\/\/pubeurope.com\/@fr\/114931779756089541","error":""},"_links":{"self":[{"href":"https:\/\/www.europesays.com\/fr\/wp-json\/wp\/v2\/posts\/279968","targetHints":{"allow":["GET"]}}],"collection":[{"href":"https:\/\/www.europesays.com\/fr\/wp-json\/wp\/v2\/posts"}],"about":[{"href":"https:\/\/www.europesays.com\/fr\/wp-json\/wp\/v2\/types\/post"}],"author":[{"embeddable":true,"href":"https:\/\/www.europesays.com\/fr\/wp-json\/wp\/v2\/users\/2"}],"replies":[{"embeddable":true,"href":"https:\/\/www.europesays.com\/fr\/wp-json\/wp\/v2\/comments?post=279968"}],"version-history":[{"count":0,"href":"https:\/\/www.europesays.com\/fr\/wp-json\/wp\/v2\/posts\/279968\/revisions"}],"wp:featuredmedia":[{"embeddable":true,"href":"https:\/\/www.europesays.com\/fr\/wp-json\/wp\/v2\/media\/279969"}],"wp:attachment":[{"href":"https:\/\/www.europesays.com\/fr\/wp-json\/wp\/v2\/media?parent=279968"}],"wp:term":[{"taxonomy":"category","embeddable":true,"href":"https:\/\/www.europesays.com\/fr\/wp-json\/wp\/v2\/categories?post=279968"},{"taxonomy":"post_tag","embeddable":true,"href":"https:\/\/www.europesays.com\/fr\/wp-json\/wp\/v2\/tags?post=279968"}],"curies":[{"name":"wp","href":"https:\/\/api.w.org\/{rel}","templated":true}]}}