{"id":279970,"date":"2025-07-28T16:22:12","date_gmt":"2025-07-28T16:22:12","guid":{"rendered":"https:\/\/www.europesays.com\/fr\/279970\/"},"modified":"2025-07-28T16:22:12","modified_gmt":"2025-07-28T16:22:12","slug":"les-bourses-mondiales-sceptiques-apres-laccord-commercial-ue-usa","status":"publish","type":"post","link":"https:\/\/www.europesays.com\/fr\/279970\/","title":{"rendered":"Les Bourses mondiales sceptiques apr\u00e8s l&rsquo;accord commercial UE\/USA"},"content":{"rendered":"<p style=\"margin-top:5px\">Paris (awp\/afp) &#8211; Les Bourses mondiales \u00e9voluent sans entrain lundi, oscillant entre soulagement et d\u00e9sillusion au lendemain de l&rsquo;accord commercial nou\u00e9 entre l&rsquo;Union europ\u00e9enne et les Etats-Unis.<\/p>\n<p>Apr\u00e8s une solide hausse \u00e0 l&rsquo;ouverture, l&rsquo;enthousiasme s&rsquo;est rapidement effrit\u00e9 en Europe: Francfort a c\u00e9d\u00e9 1,02%, Paris 0,43% et Milan est rest\u00e9e stable (+0,01%) en cl\u00f4ture. Hors UE, Londres a perdu 0,43%. A Zurich, le SMI a c\u00e9d\u00e9 0,34%.<\/p>\n<p>A Wall Street, vers 15H40 GMT, le Dow Jones (+0,02%) et l&rsquo;indice \u00e9largi S&amp;P 500 (+0,07%) \u00e9voluaient \u00e0 l&rsquo;\u00e9quilibre. L&rsquo;indice Nasdaq des valeurs technologiques prenait 0,25%.<\/p>\n<p>Donald Trump et la pr\u00e9sidente de la Commission europ\u00e9enne Ursula von der Leyen ont conclu dimanche en Ecosse un accord douanier pr\u00e9voyant que les produits europ\u00e9ens export\u00e9s aux Etats-Unis seront tax\u00e9s \u00e0 15%.<\/p>\n<p>Cet accord \u00ab\u00a0permet avant tout d&rsquo;\u00e9chapper au sc\u00e9nario catastrophe: des droits de douane am\u00e9ricains \u00e0 30 %, une escalade chaotique des repr\u00e9sailles et une guerre commerciale totale\u00a0\u00bb, estime Apolline Menut, \u00e9conomiste chez Carmignac.<\/p>\n<p><b>Mais il laisse d\u00e9j\u00e0 un go\u00fbt amer.<\/b><\/p>\n<p>\u00ab\u00a0M\u00eame si la fin de l&rsquo;incertitude doit \u00eatre salu\u00e9e, il y a encore des raisons d&rsquo;\u00eatre prudent\u00a0\u00bb, selon les analystes de Allianz GI.<\/p>\n<p>\u00ab\u00a0Cet accord \u00e9vite certes le pire des sc\u00e9narios, mais il installe un environnement \u00e9conomique international structurellement moins favorable pour les prochaines ann\u00e9es\u00a0\u00bb, explique \u00e0 l&rsquo;AFP Stanislas de Bailliencourt, responsable allocation d&rsquo;actifs chez Sycomore AM.<\/p>\n<p>Il subsiste en outre \u00ab\u00a0des doutes \u00e0 moyen terme sur la viabilit\u00e9 politique et \u00e9conomique\u00a0\u00bb de cet \u00ab\u00a0accord tarifaire d\u00e9s\u00e9quilibr\u00e9\u00a0\u00bb au d\u00e9triment de l&rsquo;Union europ\u00e9enne, r\u00e9sument les analystes d&rsquo;Edmond de Rothschild AM.<\/p>\n<p>Le Premier ministre fran\u00e7ais Fran\u00e7ois Bayrou a d\u00e9j\u00e0 accus\u00e9 l&rsquo;Europe de \u00ab\u00a0soumission\u00a0\u00bb aux Etats-Unis, regrettant un \u00ab\u00a0jour sombre\u00a0\u00bb.<\/p>\n<p>Son homologue espagnol, le socialiste Pedro S\u00e1nchez, a lui affirm\u00e9 qu&rsquo;il \u00ab\u00a0soutenait\u00a0\u00bb l&rsquo;accord commercial conclu la veille par les Etats-Unis et l&rsquo;UE, mais \u00ab\u00a0sans aucun enthousiasme\u00a0\u00bb.<\/p>\n<p>\u00ab\u00a0Cela ressemble un peu \u00e0 une capitulation\u00a0\u00bb, estime Alberto Rizzi, analyste aupr\u00e8s du Conseil europ\u00e9en pour les affaires \u00e9trang\u00e8res (ECFR).<\/p>\n<p><b>Le dollar se renforce ___<\/b><\/p>\n<p>Dans ce contexte, le dollar se renfor\u00e7ait fortement face \u00e0 la monnaie europ\u00e9enne, grimpant de 1,10% \u00e0 1,1612 dollar pour un euro vers 15H50 GMT.<\/p>\n<p>\u00ab\u00a0Les nouveaux flux commerciaux seront positifs pour le dollar et les \u00c9tats-Unis, au d\u00e9triment de l&rsquo;euro et des entreprises europ\u00e9ennes\u00a0\u00bb, justifie Kathleen Brooks, de XTB, interrog\u00e9e par l&rsquo;AFP.<\/p>\n<p><b>Demi-tour pour l&rsquo;automobile ___<\/b><\/p>\n<p>Si le secteur automobile europ\u00e9en a d\u00e9but\u00e9 la s\u00e9ance dans le vert, soulag\u00e9 par l&rsquo;accord, il a rapidement bascul\u00e9 dans le rouge.<\/p>\n<p>A Francfort, BMW (-3,28%), Mercedes (-3,17%), Volkswagen (-3,56%) et Porsche (-4,09%) ont perdu du terrain apr\u00e8s avoir pourtant d\u00e9but\u00e9 la s\u00e9ance dans le vert. M\u00eame chose \u00e0 Paris, Stellantis c\u00e9dant 2,57%, et \u00e0 Stockholm, avec Volvo en baisse de 1,15%.<\/p>\n<p>La directrice g\u00e9n\u00e9rale du lobby europ\u00e9en des constructeurs automobiles ACEA, Sigrid de Vries, a point\u00e9 du doigt \u00ab\u00a0l&rsquo;effet n\u00e9gatif pour le secteur\u00a0\u00bb de droits de douane \u00e0 15%, m\u00eame si elle a salu\u00e9 une \u00ab\u00a0d\u00e9sescalade\u00a0\u00bb.<\/p>\n<p>Ils co\u00fbteront \u00ab\u00a0des milliards chaque ann\u00e9e aux entreprises automobiles allemandes\u00a0\u00bb, a d\u00e9clar\u00e9 Hildegard Mueller, pr\u00e9sidente de la f\u00e9d\u00e9ration des constructeurs automobiles allemands VDA.<\/p>\n<p><b>La d\u00e9fense europ\u00e9enne voit rouge ___<\/b><\/p>\n<p>En plus des droits de douane impos\u00e9s aux produits europ\u00e9ens, l&rsquo;UE s&rsquo;engage \u00e0 750 milliards de dollars d&rsquo;achats d&rsquo;\u00e9nergie et \u00e0 600 milliards d&rsquo;investissements suppl\u00e9mentaires aux Etats-Unis ainsi qu&rsquo;\u00e0 acqu\u00e9rir du mat\u00e9riel militaire am\u00e9ricain.<\/p>\n<p>De quoi plomber les valeurs de la d\u00e9fense en Europe: \u00e0 Paris, Thales a recul\u00e9 de 4,33%. A Francfort, Rheinmetall a c\u00e9d\u00e9 3,46% et Hensoldt 5,05%. Saab a perdu 3,79% \u00e0 Stockholm et Leonardo 0,97% \u00e0 Milan.<\/p>\n<p><b>Les spiritueux dans le flou ___<\/b><\/p>\n<p>L&rsquo;incertitude n&rsquo;a pas \u00e9t\u00e9 totalement lev\u00e9e pour certains secteurs: les exportateurs de vins et spiritueux doivent b\u00e9n\u00e9ficier d&rsquo;une exemption mais attendent encore les d\u00e9tails.<\/p>\n<p>A Paris, le g\u00e9ant Pernod Ricard a perdu 3,49% et R\u00e9my Cointreau 3,45%. A Milan, Campari a c\u00e9d\u00e9 2,62%.<\/p>\n<p>afp\/rp<\/p>\n","protected":false},"excerpt":{"rendered":"Paris (awp\/afp) &#8211; Les Bourses mondiales \u00e9voluent sans entrain lundi, oscillant entre soulagement et d\u00e9sillusion au lendemain de&hellip;\n","protected":false},"author":2,"featured_media":279971,"comment_status":"","ping_status":"","sticky":false,"template":"","format":"standard","meta":{"footnotes":""},"categories":[1589],"tags":[11,340,73,1866,12,1864,1865,1863,308],"class_list":{"0":"post-279970","1":"post","2":"type-post","3":"status-publish","4":"format-standard","5":"has-post-thumbnail","7":"category-etats-unis","8":"tag-actualites","9":"tag-bourse","10":"tag-etats-unis","11":"tag-etats-unis-damerique","12":"tag-news","13":"tag-united-states","14":"tag-united-states-of-america","15":"tag-us","16":"tag-usa"},"share_on_mastodon":{"url":"https:\/\/pubeurope.com\/@fr\/114931783713232258","error":""},"_links":{"self":[{"href":"https:\/\/www.europesays.com\/fr\/wp-json\/wp\/v2\/posts\/279970","targetHints":{"allow":["GET"]}}],"collection":[{"href":"https:\/\/www.europesays.com\/fr\/wp-json\/wp\/v2\/posts"}],"about":[{"href":"https:\/\/www.europesays.com\/fr\/wp-json\/wp\/v2\/types\/post"}],"author":[{"embeddable":true,"href":"https:\/\/www.europesays.com\/fr\/wp-json\/wp\/v2\/users\/2"}],"replies":[{"embeddable":true,"href":"https:\/\/www.europesays.com\/fr\/wp-json\/wp\/v2\/comments?post=279970"}],"version-history":[{"count":0,"href":"https:\/\/www.europesays.com\/fr\/wp-json\/wp\/v2\/posts\/279970\/revisions"}],"wp:featuredmedia":[{"embeddable":true,"href":"https:\/\/www.europesays.com\/fr\/wp-json\/wp\/v2\/media\/279971"}],"wp:attachment":[{"href":"https:\/\/www.europesays.com\/fr\/wp-json\/wp\/v2\/media?parent=279970"}],"wp:term":[{"taxonomy":"category","embeddable":true,"href":"https:\/\/www.europesays.com\/fr\/wp-json\/wp\/v2\/categories?post=279970"},{"taxonomy":"post_tag","embeddable":true,"href":"https:\/\/www.europesays.com\/fr\/wp-json\/wp\/v2\/tags?post=279970"}],"curies":[{"name":"wp","href":"https:\/\/api.w.org\/{rel}","templated":true}]}}